{"id":232564,"date":"2024-08-12T11:15:00","date_gmt":"2024-08-12T09:15:00","guid":{"rendered":"https:\/\/www.tucomarca.com\/wordpress\/segunda\/?p=232564"},"modified":"2024-08-12T14:20:51","modified_gmt":"2024-08-12T12:20:51","slug":"el-pati-darmes-del-castell-de-requena-replet-en-el-tardeo-amb-la-do-utiel-requena-vi-musica-i-solidaritat","status":"publish","type":"post","link":"https:\/\/www.tucomarca.com\/wordpress\/segunda\/ca\/el-pati-darmes-del-castell-de-requena-replet-en-el-tardeo-amb-la-do-utiel-requena-vi-musica-i-solidaritat\/","title":{"rendered":"El Pati d&#8217;Armes del Castell de Requena replet en el Tardeo amb la DO Utiel-Requena: vi, m\u00fasica i solidaritat"},"content":{"rendered":"\n<h3 class=\"wp-block-heading\">L&#8217;esdeveniment va aconseguir recaptar 1.400\u20ac per a AMACMA D8, l&#8217;associaci\u00f3 de dones afectades pel c\u00e0ncer de mama de Requena<\/h3>\n\n\n\n<p>Divendres passat 9 d&#8217;agost, el Pati d&#8217;Armes del Castell de Requena es va transformar en l&#8217;epicentre de bon vi, gastronomia local i m\u00fasica pop rock en directe amb l&#8217;esdeveniment que va organitzar la DO Utiel-Requena anomenat &#8220;Tardeo amb la DO&#8221;.<\/p>\n\n\n\n<p>Aquesta edici\u00f3 del Tardeo de la DO va comptar amb la participaci\u00f3 de 16 cellers de la Denominaci\u00f3 d&#8217;Origen, que van oferir una selecta varietat dels seus millors vins, tant en degustacions com en vendes. Els assistents van poder degustar vins de Celler Palmera, Celler Sierra Nord, Cellers de la Vall, Cellers Iranzo, Cellers Jim\u00e9nez-Vila Hnos, Cellers Lupanda, Cellers Pinastre, Cellers Utielanas, Cellers Vicente Gandia, Cellers Vibe, Covi\u00f1as, Dussart Pedr\u00f3n, Vera de Estenas, Vin\u00edcola Requenense, Vinea Clausa i Vins i Sabors Ecol\u00f2gics.<\/p>\n\n\n\n<p>Els assistents van poder maridar els vins dels cellers amb tapes de productes locals, des dels tradicionals brioixos i embotits fins a hamburgueses gurmet, gr\u00e0cies a la participaci\u00f3 de diversos establiments gastron\u00f2mics de la comarca.<\/p>\n\n\n\n<p>La tard-nit va estar amenitzada per l&#8217;energia contagiosa del grup pop rock requenense Sr. Miyagi Rock Band, que va fer vibrar al p\u00fablic amb el seu potent directe. A m\u00e9s, Petit DJ es va encarregar de mantindre l&#8217;ambient festiu durant tot el tardeo, assegurant que la diversi\u00f3 no parara en cap moment.<\/p>\n\n\n\n<figure class=\"wp-block-image size-large\"><img loading=\"lazy\" decoding=\"async\" width=\"1024\" height=\"768\" src=\"http:\/\/www.tucomarca.com\/wordpress\/segunda\/wp-content\/uploads\/2024\/08\/TardeoDOUtie-Requena-1024x768.jpg\" alt=\"\" class=\"wp-image-232560\" srcset=\"https:\/\/www.tucomarca.com\/wordpress\/segunda\/wp-content\/uploads\/2024\/08\/TardeoDOUtie-Requena-1024x768.jpg 1024w, https:\/\/www.tucomarca.com\/wordpress\/segunda\/wp-content\/uploads\/2024\/08\/TardeoDOUtie-Requena-300x225.jpg 300w, https:\/\/www.tucomarca.com\/wordpress\/segunda\/wp-content\/uploads\/2024\/08\/TardeoDOUtie-Requena-768x576.jpg 768w, https:\/\/www.tucomarca.com\/wordpress\/segunda\/wp-content\/uploads\/2024\/08\/TardeoDOUtie-Requena-678x509.jpg 678w, https:\/\/www.tucomarca.com\/wordpress\/segunda\/wp-content\/uploads\/2024\/08\/TardeoDOUtie-Requena-326x245.jpg 326w, https:\/\/www.tucomarca.com\/wordpress\/segunda\/wp-content\/uploads\/2024\/08\/TardeoDOUtie-Requena-80x60.jpg 80w, https:\/\/www.tucomarca.com\/wordpress\/segunda\/wp-content\/uploads\/2024\/08\/TardeoDOUtie-Requena.jpg 1181w\" sizes=\"auto, (max-width: 1024px) 100vw, 1024px\" \/><\/figure>\n\n\n\n<p><strong>Els valors de la DO: sostenibilitat social<\/strong><\/p>\n\n\n\n<p>A m\u00e9s del gran acolliment del Tardeo, que va suposar superar l&#8217;aforament de l&#8217;espai, l&#8217;esdeveniment va tindre un impacte solidari significatiu en aconseguir recaptar 1.418\u20ac per a l&#8217;associaci\u00f3 requenense AMACMA D8, l&#8217;associaci\u00f3 de dones afectades pel c\u00e0ncer de mama de Requena, gr\u00e0cies a la venda de polseres solid\u00e0ries. Aquest assoliment no hauria sigut possible sense la generositat de tots els assistents, que van demostrar el seu suport a aquesta important causa.<\/p>\n\n\n\n<p>Des del Consell Regulador de la DO Utiel-Requena volem agrair a tots els<br>participants, cellers, patrocinadors i assistents per fer d&#8217;aquest Tardeo un esdeveniment tan especial. Us esperem en la pr\u00f2xima edici\u00f3 plena de vi, gastronomia i bona m\u00fasica.<\/p>\n","protected":false},"excerpt":{"rendered":"<div class=\"mh-excerpt\">L&#8217;esdeveniment va aconseguir recaptar 1.400\u20ac per a AMACMA D8, l&#8217;associaci\u00f3 de dones afectades pel c\u00e0ncer de mama de Requena Divendres passat 9 d&#8217;agost, el Pati d&#8217;Armes del Castell de Requena es va transformar en l&#8217;epicentre <a class=\"mh-excerpt-more\" href=\"https:\/\/www.tucomarca.com\/wordpress\/segunda\/ca\/el-pati-darmes-del-castell-de-requena-replet-en-el-tardeo-amb-la-do-utiel-requena-vi-musica-i-solidaritat\/\" title=\"El Pati d&#8217;Armes del Castell de Requena replet en el Tardeo amb la DO Utiel-Requena: vi, m\u00fasica i solidaritat\">[+] <\/a><\/div>\n","protected":false},"author":12,"featured_media":232559,"comment_status":"open","ping_status":"open","sticky":false,"template":"","format":"standard","meta":{"footnotes":""},"categories":[11006,10898,10894,10908,10909,10896],"tags":[12747,11099,10910],"class_list":{"0":"post-232564","1":"post","2":"type-post","3":"status-publish","4":"format-standard","5":"has-post-thumbnail","7":"category-canal-vinos","8":"category-ventana-ca","9":"category-la-comarca-ca","10":"category-requena-ca","11":"category-requena-utiel-ca","12":"category-seccion-ca","13":"tag-do-utiel-requena-ca","14":"tag-requena-ca","15":"tag-requena-utiel-ca"},"_links":{"self":[{"href":"https:\/\/www.tucomarca.com\/wordpress\/segunda\/ca\/wp-json\/wp\/v2\/posts\/232564","targetHints":{"allow":["GET"]}}],"collection":[{"href":"https:\/\/www.tucomarca.com\/wordpress\/segunda\/ca\/wp-json\/wp\/v2\/posts"}],"about":[{"href":"https:\/\/www.tucomarca.com\/wordpress\/segunda\/ca\/wp-json\/wp\/v2\/types\/post"}],"author":[{"embeddable":true,"href":"https:\/\/www.tucomarca.com\/wordpress\/segunda\/ca\/wp-json\/wp\/v2\/users\/12"}],"replies":[{"embeddable":true,"href":"https:\/\/www.tucomarca.com\/wordpress\/segunda\/ca\/wp-json\/wp\/v2\/comments?post=232564"}],"version-history":[{"count":0,"href":"https:\/\/www.tucomarca.com\/wordpress\/segunda\/ca\/wp-json\/wp\/v2\/posts\/232564\/revisions"}],"wp:featuredmedia":[{"embeddable":true,"href":"https:\/\/www.tucomarca.com\/wordpress\/segunda\/ca\/wp-json\/wp\/v2\/media\/232559"}],"wp:attachment":[{"href":"https:\/\/www.tucomarca.com\/wordpress\/segunda\/ca\/wp-json\/wp\/v2\/media?parent=232564"}],"wp:term":[{"taxonomy":"category","embeddable":true,"href":"https:\/\/www.tucomarca.com\/wordpress\/segunda\/ca\/wp-json\/wp\/v2\/categories?post=232564"},{"taxonomy":"post_tag","embeddable":true,"href":"https:\/\/www.tucomarca.com\/wordpress\/segunda\/ca\/wp-json\/wp\/v2\/tags?post=232564"}],"curies":[{"name":"wp","href":"https:\/\/api.w.org\/{rel}","templated":true}]}}