{"id":232817,"date":"2024-08-14T12:55:00","date_gmt":"2024-08-14T10:55:00","guid":{"rendered":"https:\/\/www.tucomarca.com\/wordpress\/segunda\/?p=232817"},"modified":"2024-09-02T19:03:09","modified_gmt":"2024-09-02T17:03:09","slug":"la-diputacio-iniciara-al-setembre-les-obres-per-a-unir-siete-aguas-amb-lestacio-de-renfe-a-traves-dun-carril-per-a-ciclistes-i-vianants","status":"publish","type":"post","link":"https:\/\/www.tucomarca.com\/wordpress\/segunda\/ca\/la-diputacio-iniciara-al-setembre-les-obres-per-a-unir-siete-aguas-amb-lestacio-de-renfe-a-traves-dun-carril-per-a-ciclistes-i-vianants\/","title":{"rendered":"La Diputaci\u00f3 iniciar\u00e0 al setembre les obres per a unir Siete Aguas amb l&#8217;estaci\u00f3 de Renfe a trav\u00e9s d&#8217;un carril per a ciclistes i vianants"},"content":{"rendered":"\n<h3 class=\"wp-block-heading\">L&#8217;\u00e0rea de Carreteres que dirigix la vicepresidenta segona Reme Mazzolari adjudica les obres de construcci\u00f3 de la via, que compten amb un termini d&#8217;execuci\u00f3 de sis mesos i un pressupost de 700.000 euros.<\/h3>\n\n\n\n<p>Els ve\u00efns del municipi de Siete Aguas ja estan m\u00e9s prop de poder rec\u00f3rrer de manera segura els dos quil\u00f2metres que separen el nucli urb\u00e0 del poble de l&#8217;estaci\u00f3 de Renfe. L&#8217;\u00e0rea de Carreteres de la Diputaci\u00f3 de Val\u00e8ncia, encap\u00e7alada per la vicepresidenta segona Reme Mazzolari, ha anunciat, despr\u00e9s de l&#8217;adjudicaci\u00f3 del projecte, que les obres per a la construcci\u00f3 de la via per a ciclistes i vianants que unir\u00e0 el municipi de l\u2019Hoya de Bu\u00f1ol amb l&#8217;estaci\u00f3 de ferrocarril, comen\u00e7aran durant la primera quinzena de setembre.<\/p>\n\n\n\n<p>La nova infraestructura, que transcorrer\u00e0 al llarg de la carretera que arriba al municipi des de la A-3 i en el tra\u00e7at de la qual es troba l&#8217;acc\u00e9s a l\u2019estaci\u00f3, compta amb un pressupost de 750.000 euros i un termini d&#8217;execuci\u00f3 de sis mesos. Es tracta d&#8217;un clar exemple de la decidida aposta per la mobilitat segura de ciclistes i vianants que est\u00e0 duent a terme la Diputaci\u00f3 de Val\u00e8ncia que dirigix Vicent Momp\u00f3.<\/p>\n\n\n\n<p>\u201cLa Diputaci\u00f3 ha estimat oport\u00fa el condicionament d&#8217;este itinerari per als vianants i ciclistes, amb l&#8217;objectiu d&#8217;avan\u00e7ar cap a un patr\u00f3 m\u00e9s equilibrat de mobilitat en el qual els despla\u00e7aments a peu i amb bicicleta tinguen un paper cada vegada m\u00e9s rellevant, incidint en una millora constant dels nivells de seguretat per a facilitar eixos trajectes, de tal forma que es realitzen en condicions de seguretat i confort adequades\u201d, ha explicat Reme Mazzolari.<\/p>\n\n\n\n<p>L\u2019obra donar\u00e0 soluci\u00f3 a les reivindicacions de la poblaci\u00f3, ja que actualment la carretera que unix els dos punts (CV-388) no compta amb unes condicions m\u00ednimes de seguretat perqu\u00e8 puguen transitar pels vorals tant els vianants com els ciclistes.<\/p>\n\n\n\n<p><strong>Detalls de l&#8217;obra<\/strong><\/p>\n\n\n\n<p>Les obres projectades consistixen en la construcci\u00f3 d&#8217;una via per a ciclistes i vianants de 1.800 metres des de l\u2019estaci\u00f3 de Siete Aguas al nucli urb\u00e0, que discorrer\u00e0 al costat de la plataforma actual de la CV-388, pel seu marge dret en sentit Siete Aguas, i segregada d&#8217;esta mitjan\u00e7ant un element separador.<\/p>\n\n\n\n<p>En el tram que passa sobre la plataforma de l&#8217;AVE, se segregaran les vies ciclista i per als vianants, continuant els ciclistes sobre la plataforma actual de la carretera (mitjan\u00e7ant el pintat de la via ciclista sobre el paviment actual del voral i part de la cal\u00e7ada) i els vianants per la vorera existent en el pas superior.<\/p>\n\n\n\n<p>A m\u00e9s, amb la finalitat d&#8217;incrementar la seguretat de ciclistes i vianants quan siga de nit, el nou tra\u00e7at comptar\u00e0 amb il\u00b7luminaci\u00f3 fotoluminiscent en els dos costats de la nova via. Tamb\u00e9 es dur\u00e0 a terme la instal\u00b7laci\u00f3 de la senyalitzaci\u00f3 vertical de l&#8217;itinerari i el pintat de la senyalitzaci\u00f3 horitzontal.<\/p>\n","protected":false},"excerpt":{"rendered":"<div class=\"mh-excerpt\">L&#8217;\u00e0rea de Carreteres que dirigix la vicepresidenta segona Reme Mazzolari adjudica les obres de construcci\u00f3 de la via, que compten amb un termini d&#8217;execuci\u00f3 de sis mesos i un pressupost de 700.000 euros. Els ve\u00efns <a class=\"mh-excerpt-more\" href=\"https:\/\/www.tucomarca.com\/wordpress\/segunda\/ca\/la-diputacio-iniciara-al-setembre-les-obres-per-a-unir-siete-aguas-amb-lestacio-de-renfe-a-traves-dun-carril-per-a-ciclistes-i-vianants\/\" title=\"La Diputaci\u00f3 iniciar\u00e0 al setembre les obres per a unir Siete Aguas amb l&#8217;estaci\u00f3 de Renfe a trav\u00e9s d&#8217;un carril per a ciclistes i vianants\">[+] <\/a><\/div>\n","protected":false},"author":12,"featured_media":232815,"comment_status":"open","ping_status":"open","sticky":false,"template":"","format":"standard","meta":{"footnotes":""},"categories":[10898,10894,10912,10947,10896,10979],"tags":[12903,21009,10914,11157],"class_list":{"0":"post-232817","1":"post","2":"type-post","3":"status-publish","4":"format-standard","5":"has-post-thumbnail","7":"category-ventana-ca","8":"category-la-comarca-ca","9":"category-la-hoya-ca","10":"category-politica","11":"category-seccion-ca","12":"category-siete-aguas-ca","13":"tag-infraestructuras-ca","14":"tag-la-diputacio-de-valencia-ca","15":"tag-la-hoya-de-bunol-chiva-ca","16":"tag-siete-aguas-ca"},"_links":{"self":[{"href":"https:\/\/www.tucomarca.com\/wordpress\/segunda\/ca\/wp-json\/wp\/v2\/posts\/232817","targetHints":{"allow":["GET"]}}],"collection":[{"href":"https:\/\/www.tucomarca.com\/wordpress\/segunda\/ca\/wp-json\/wp\/v2\/posts"}],"about":[{"href":"https:\/\/www.tucomarca.com\/wordpress\/segunda\/ca\/wp-json\/wp\/v2\/types\/post"}],"author":[{"embeddable":true,"href":"https:\/\/www.tucomarca.com\/wordpress\/segunda\/ca\/wp-json\/wp\/v2\/users\/12"}],"replies":[{"embeddable":true,"href":"https:\/\/www.tucomarca.com\/wordpress\/segunda\/ca\/wp-json\/wp\/v2\/comments?post=232817"}],"version-history":[{"count":0,"href":"https:\/\/www.tucomarca.com\/wordpress\/segunda\/ca\/wp-json\/wp\/v2\/posts\/232817\/revisions"}],"wp:featuredmedia":[{"embeddable":true,"href":"https:\/\/www.tucomarca.com\/wordpress\/segunda\/ca\/wp-json\/wp\/v2\/media\/232815"}],"wp:attachment":[{"href":"https:\/\/www.tucomarca.com\/wordpress\/segunda\/ca\/wp-json\/wp\/v2\/media?parent=232817"}],"wp:term":[{"taxonomy":"category","embeddable":true,"href":"https:\/\/www.tucomarca.com\/wordpress\/segunda\/ca\/wp-json\/wp\/v2\/categories?post=232817"},{"taxonomy":"post_tag","embeddable":true,"href":"https:\/\/www.tucomarca.com\/wordpress\/segunda\/ca\/wp-json\/wp\/v2\/tags?post=232817"}],"curies":[{"name":"wp","href":"https:\/\/api.w.org\/{rel}","templated":true}]}}