{"id":233324,"date":"2024-08-19T11:15:00","date_gmt":"2024-08-19T09:15:00","guid":{"rendered":"https:\/\/www.tucomarca.com\/wordpress\/segunda\/?p=233324"},"modified":"2024-08-19T13:07:13","modified_gmt":"2024-08-19T11:07:13","slug":"la-campanya-de-la-garrofa-comenca-amb-baixos-preus-i-la-meitat-de-collita-per-la-sequiala-campanya-de-la-garrofa-comenca-amb-baixos","status":"publish","type":"post","link":"https:\/\/www.tucomarca.com\/wordpress\/segunda\/ca\/la-campanya-de-la-garrofa-comenca-amb-baixos-preus-i-la-meitat-de-collita-per-la-sequiala-campanya-de-la-garrofa-comenca-amb-baixos\/","title":{"rendered":"La campanya de la garrofa comen\u00e7a amb baixos preus i la meitat de collita per la sequ\u00edaLa campanya de la garrofa comen\u00e7a amb baixos"},"content":{"rendered":"\n<h3 class=\"wp-block-heading\">AVA-ASAJA sol\u00b7licita m\u00e9s vigil\u00e0ncia per a previndre els robatoris i m\u00e9s mesures per a revaloritzar aquesta mat\u00e8ria primera \u201cpels seus beneficis sobre la salut i el medi ambient\u201d.<\/h3>\n\n\n\n<p>Ens trobem en els primers dies de la campanya de recol\u00b7lecci\u00f3 i comercialitzaci\u00f3 de la garrofa en la Comunitat Valenciana. Els temps del \u201cor negre\u201d -quan el preu en origen es va acostar als dos euros per quilo en 2022- van quedar #arrere i enguany, igual que va succeir despr\u00e9s de la patacada comercial de 2023, els pron\u00f2stics s\u00f3n preocupants, tant en termes de producci\u00f3 com sobretot de rendibilitat.<\/p>\n\n\n\n<p>L&#8217;Associaci\u00f3 Valenciana d&#8217;Agricultors (AVA-ASAJA) estima que, a causa de la falta de precipitacions durant el present any hidrol\u00f2gic -el m\u00e9s sec des de, almenys, 1950- la collita de garrofes es veur\u00e0 redu\u00efda un 50% respecte al potencial productiu en la Comunitat Valenciana i, fins i tot, en alguns camps de sec\u00e0 el minvament aconseguir\u00e0 fins al 90% de la producci\u00f3. A pesar que l&#8217;oferta no cobrir\u00e0 la demanda, les cotitzacions oferides a peu de camp se situen entorn de 0,40-0,60 \u20ac\/kg, en l\u00ednia similar a l&#8217;any passat i molt ajustades per a compensar els costos mitjans de producci\u00f3.<\/p>\n\n\n\n<p>El responsable de la sectorial de fruita seca de AVA-ASAJA, Armando Boullosa, lamenta que \u201cla sequera ha afeblit els arbres i ha restat pes a les garrofes. A l&#8217;haver menys quilos en els camps i m\u00e9s garrofes que ja han caigut a terra, els costos d&#8217;arreplegar-les pujaran molt, potser m\u00e9s que el que traguem en el mercat\u201d.<\/p>\n\n\n\n<p>AVA-ASAJA reclama a les diferents administracions m\u00e9s vigil\u00e0ncia tant en les explotacions com en els centres de recepci\u00f3. Boullosa afirma que \u201cencara no hem escoltat res de robatoris, quan altres estius a hores d&#8217;ara ja est\u00e0vem escaldats. Pot ser que la brusca caiguda del preu de la garrofa haja desincentivat als lladres. Per\u00f2 per si de cas he comen\u00e7at a recol\u00b7lectar en els camps m\u00e9s apartats que solien robar-me primer. Volem una Administraci\u00f3 que destine m\u00e9s esfor\u00e7os a combatre als lladres que a inspeccionar als agricultors\u201d.<\/p>\n\n\n\n<p>L&#8217;organitzaci\u00f3 agr\u00e0ria tamb\u00e9 sol\u00b7licita m\u00e9s mesures dirigides a revaloritzar aquesta mat\u00e8ria primera \u201cpels seus m\u00faltiples beneficis per a la salut i el medi ambient. Estem parlant d&#8217;un cultiu perfectament adaptat al nostre territori mediterrani, que ajuda a frenar l&#8217;erosi\u00f3, la desertificaci\u00f3 i els incendis forestals, que \u00e9s molt respectu\u00f3s amb el medi ambient i que, gr\u00e0cies a la innovaci\u00f3 desenvolupada en els \u00faltims anys, obri interessants aplicacions en la ind\u00fastria aliment\u00e0ria, cosm\u00e8tica i farmac\u00e8utica. Cal continuar treballant per a garantir preus justos a tots els agents que intervenen en la cadena de valor, inclosos els productors\u201d.<\/p>\n\n\n\n<p>En aquest sentit, AVA-ASAJA valora la labor empresa per la Conselleria d&#8217;Agricultura a fi de revitalitzar el cultiu de la garrofera com \u201cuna aposta per la sostenibilitat ambiental i la promoci\u00f3 d&#8217;una alimentaci\u00f3 saludable\u201d. El departament encap\u00e7alat per Miguel Barrachina desenvolupa un programa de formaci\u00f3, a trav\u00e9s de cursos i tallers per a divulgar les pr\u00e0ctiques m\u00e9s adequades del seu cultiu, aix\u00ed com una campanya de sensibilitzaci\u00f3, amb iniciatives per a difondre entre la poblaci\u00f3 els beneficis del consum de la garrofa.<\/p>\n","protected":false},"excerpt":{"rendered":"<div class=\"mh-excerpt\">AVA-ASAJA sol\u00b7licita m\u00e9s vigil\u00e0ncia per a previndre els robatoris i m\u00e9s mesures per a revaloritzar aquesta mat\u00e8ria primera \u201cpels seus beneficis sobre la salut i el medi ambient\u201d. Ens trobem en els primers dies de <a class=\"mh-excerpt-more\" href=\"https:\/\/www.tucomarca.com\/wordpress\/segunda\/ca\/la-campanya-de-la-garrofa-comenca-amb-baixos-preus-i-la-meitat-de-collita-per-la-sequiala-campanya-de-la-garrofa-comenca-amb-baixos\/\" title=\"La campanya de la garrofa comen\u00e7a amb baixos preus i la meitat de collita per la sequ\u00edaLa campanya de la garrofa comen\u00e7a amb baixos\">[+] <\/a><\/div>\n","protected":false},"author":13,"featured_media":233319,"comment_status":"open","ping_status":"open","sticky":false,"template":"","format":"standard","meta":{"footnotes":""},"categories":[10905,10898,10948,10963,10894,10904,10903,10896],"tags":[11309,11924,12166],"class_list":{"0":"post-233324","1":"post","2":"type-post","3":"status-publish","4":"format-standard","5":"has-post-thumbnail","7":"category-agricultura-la-comarca-ca","8":"category-ventana-ca","9":"category-infraestructuras-ca","10":"category-la-canal-de-navarres-ca","11":"category-la-comarca-ca","12":"category-sin-categorizar-ca","13":"category-medio-ambiente-la-comarca-ca","14":"category-seccion-ca","15":"tag-agricultura-ca","16":"tag-ava-asaja-ca","17":"tag-medio-ambiente-ca"},"_links":{"self":[{"href":"https:\/\/www.tucomarca.com\/wordpress\/segunda\/ca\/wp-json\/wp\/v2\/posts\/233324","targetHints":{"allow":["GET"]}}],"collection":[{"href":"https:\/\/www.tucomarca.com\/wordpress\/segunda\/ca\/wp-json\/wp\/v2\/posts"}],"about":[{"href":"https:\/\/www.tucomarca.com\/wordpress\/segunda\/ca\/wp-json\/wp\/v2\/types\/post"}],"author":[{"embeddable":true,"href":"https:\/\/www.tucomarca.com\/wordpress\/segunda\/ca\/wp-json\/wp\/v2\/users\/13"}],"replies":[{"embeddable":true,"href":"https:\/\/www.tucomarca.com\/wordpress\/segunda\/ca\/wp-json\/wp\/v2\/comments?post=233324"}],"version-history":[{"count":0,"href":"https:\/\/www.tucomarca.com\/wordpress\/segunda\/ca\/wp-json\/wp\/v2\/posts\/233324\/revisions"}],"wp:featuredmedia":[{"embeddable":true,"href":"https:\/\/www.tucomarca.com\/wordpress\/segunda\/ca\/wp-json\/wp\/v2\/media\/233319"}],"wp:attachment":[{"href":"https:\/\/www.tucomarca.com\/wordpress\/segunda\/ca\/wp-json\/wp\/v2\/media?parent=233324"}],"wp:term":[{"taxonomy":"category","embeddable":true,"href":"https:\/\/www.tucomarca.com\/wordpress\/segunda\/ca\/wp-json\/wp\/v2\/categories?post=233324"},{"taxonomy":"post_tag","embeddable":true,"href":"https:\/\/www.tucomarca.com\/wordpress\/segunda\/ca\/wp-json\/wp\/v2\/tags?post=233324"}],"curies":[{"name":"wp","href":"https:\/\/api.w.org\/{rel}","templated":true}]}}