{"id":233460,"date":"2024-08-21T09:30:00","date_gmt":"2024-08-21T07:30:00","guid":{"rendered":"https:\/\/www.tucomarca.com\/wordpress\/segunda\/?p=233460"},"modified":"2024-08-21T13:05:07","modified_gmt":"2024-08-21T11:05:07","slug":"la-cena-de-gala-de-la-li-fiesta-de-la-vendimia-de-cheste-se-celebrara-el-31-de-agosto-en-alzira","status":"publish","type":"post","link":"https:\/\/www.tucomarca.com\/wordpress\/segunda\/ca\/la-cena-de-gala-de-la-li-fiesta-de-la-vendimia-de-cheste-se-celebrara-el-31-de-agosto-en-alzira\/","title":{"rendered":"El sopar de gala de la LI Fiesta de la Verema de Xest se celebrar\u00e0 el 31 d&#8217;agost a Alzira"},"content":{"rendered":"\n<p>Dissabte que ve 31 d&#8217;agost, a partir de les 19,00 hores, tindr\u00e0 lloc l&#8217;esperat Sopar de Gala de la LI Fiesta de la Verema de Xest, un dels esdeveniments m\u00e9s destacats del calendari festiu de la localitat. Enguany, l&#8217;esdeveniment se celebrar\u00e0 en el restaurant Rex Natura d&#8217;Alzira, on es donaran cita ve\u00efns, autoritats i protagonistes de la festa.<\/p>\n\n\n\n<p>Abans del sopar, la Reina de la Verema, Paola de la Creu Soriano, al costat de la seua cort d&#8217;honor, es reuniran en l&#8217;emblem\u00e0tica pla\u00e7a Doctor Cajal de Xest, des d&#8217;on partiran per a assistir a aquest acte que marca un dels moments m\u00e9s importants de les celebracions en honor a la verema. El sopar promet ser una vetlada de gran eleg\u00e0ncia, en la qual la tradici\u00f3 i la conviv\u00e8ncia seran protagonistes.<\/p>\n","protected":false},"excerpt":{"rendered":"<div class=\"mh-excerpt\">Dissabte que ve 31 d&#8217;agost, a partir de les 19,00 hores, tindr\u00e0 lloc l&#8217;esperat Sopar de Gala de la LI Fiesta de la Verema de Xest, un dels esdeveniments m\u00e9s destacats del calendari festiu de <a class=\"mh-excerpt-more\" href=\"https:\/\/www.tucomarca.com\/wordpress\/segunda\/ca\/la-cena-de-gala-de-la-li-fiesta-de-la-vendimia-de-cheste-se-celebrara-el-31-de-agosto-en-alzira\/\" title=\"El sopar de gala de la LI Fiesta de la Verema de Xest se celebrar\u00e0 el 31 d&#8217;agost a Alzira\">[+] <\/a><\/div>\n","protected":false},"author":12,"featured_media":233424,"comment_status":"open","ping_status":"open","sticky":false,"template":"","format":"standard","meta":{"footnotes":""},"categories":[11019,10912,11007,10896,10974],"tags":[19500,11071,10914],"class_list":{"0":"post-233460","1":"post","2":"type-post","3":"status-publish","4":"format-standard","5":"has-post-thumbnail","7":"category-agenda-ca","8":"category-la-hoya-ca","9":"category-ocio-y-cultura-ca","10":"category-seccion-ca","11":"category-cheste-ca","12":"tag-agenda-2-ca","13":"tag-cheste","14":"tag-la-hoya-de-bunol-chiva-ca"},"_links":{"self":[{"href":"https:\/\/www.tucomarca.com\/wordpress\/segunda\/ca\/wp-json\/wp\/v2\/posts\/233460","targetHints":{"allow":["GET"]}}],"collection":[{"href":"https:\/\/www.tucomarca.com\/wordpress\/segunda\/ca\/wp-json\/wp\/v2\/posts"}],"about":[{"href":"https:\/\/www.tucomarca.com\/wordpress\/segunda\/ca\/wp-json\/wp\/v2\/types\/post"}],"author":[{"embeddable":true,"href":"https:\/\/www.tucomarca.com\/wordpress\/segunda\/ca\/wp-json\/wp\/v2\/users\/12"}],"replies":[{"embeddable":true,"href":"https:\/\/www.tucomarca.com\/wordpress\/segunda\/ca\/wp-json\/wp\/v2\/comments?post=233460"}],"version-history":[{"count":0,"href":"https:\/\/www.tucomarca.com\/wordpress\/segunda\/ca\/wp-json\/wp\/v2\/posts\/233460\/revisions"}],"wp:featuredmedia":[{"embeddable":true,"href":"https:\/\/www.tucomarca.com\/wordpress\/segunda\/ca\/wp-json\/wp\/v2\/media\/233424"}],"wp:attachment":[{"href":"https:\/\/www.tucomarca.com\/wordpress\/segunda\/ca\/wp-json\/wp\/v2\/media?parent=233460"}],"wp:term":[{"taxonomy":"category","embeddable":true,"href":"https:\/\/www.tucomarca.com\/wordpress\/segunda\/ca\/wp-json\/wp\/v2\/categories?post=233460"},{"taxonomy":"post_tag","embeddable":true,"href":"https:\/\/www.tucomarca.com\/wordpress\/segunda\/ca\/wp-json\/wp\/v2\/tags?post=233460"}],"curies":[{"name":"wp","href":"https:\/\/api.w.org\/{rel}","templated":true}]}}