{"id":233462,"date":"2024-08-22T09:00:00","date_gmt":"2024-08-22T07:00:00","guid":{"rendered":"https:\/\/www.tucomarca.com\/wordpress\/segunda\/?p=233462"},"modified":"2024-08-22T11:40:09","modified_gmt":"2024-08-22T09:40:09","slug":"la-volta-a-valencia-elits-i-sub-23-comencara-a-xiva-el-proxim-6-de-setembre","status":"publish","type":"post","link":"https:\/\/www.tucomarca.com\/wordpress\/segunda\/ca\/la-volta-a-valencia-elits-i-sub-23-comencara-a-xiva-el-proxim-6-de-setembre\/","title":{"rendered":"La Volta a Val\u00e8ncia Elits i Sub-23 comen\u00e7ar\u00e0 a Xiva el pr\u00f2xim 6 de setembre"},"content":{"rendered":"\n<p>La Volta a Val\u00e8ncia en la seua categoria elit i sub-23 masculina torna amb for\u00e7a enguany, mantenint els seus tradicionals tres etapes, que es desenvoluparan del 6 al 8 de setembre. Aquesta prestigiosa competici\u00f3 ciclista comptar\u00e0 amb un recorregut que travessar\u00e0 diversos municipis de la prov\u00edncia, destacant Xiva com la localitat triada per a donar inici a l&#8217;esdeveniment.<\/p>\n\n\n\n<p>El 6 de setembre, Xiva acollir\u00e0 tant l&#8217;eixida com la meta de la primera etapa, marcant el comen\u00e7ament de la competici\u00f3. En la segona jornada, l&#8217;escamot partir\u00e0 des de Xest i recorrer\u00e0 un desafiador trajecte fins a arribar a Aiora, una localitat que ja va ser protagonista en acollir la meta final en l&#8217;edici\u00f3 de 2023.<\/p>\n\n\n\n<p>La tercera i \u00faltima etapa, que se celebrar\u00e0 el diumenge 8 de setembre, tindr\u00e0 com a escenari Montcada, on es posar\u00e0 el fermall d&#8217;or a aquesta intensa i emocionant prova ciclista.<\/p>\n\n\n\n<p>La Volta a Val\u00e8ncia \u00e9s una de les competicions m\u00e9s esperades en el calendari ciclista, atraient a nombrosos equips i corredors que buscaran destacar en aquesta exigent prova. L&#8217;organitzaci\u00f3 espera una gran aflu\u00e8ncia de p\u00fablic en totes les etapes, especialment en els punts d&#8217;eixida i arribada.<\/p>\n","protected":false},"excerpt":{"rendered":"<div class=\"mh-excerpt\">La Volta a Val\u00e8ncia en la seua categoria elit i sub-23 masculina torna amb for\u00e7a enguany, mantenint els seus tradicionals tres etapes, que es desenvoluparan del 6 al 8 de setembre. Aquesta prestigiosa competici\u00f3 ciclista <a class=\"mh-excerpt-more\" href=\"https:\/\/www.tucomarca.com\/wordpress\/segunda\/ca\/la-volta-a-valencia-elits-i-sub-23-comencara-a-xiva-el-proxim-6-de-setembre\/\" title=\"La Volta a Val\u00e8ncia Elits i Sub-23 comen\u00e7ar\u00e0 a Xiva el pr\u00f2xim 6 de setembre\">[+] <\/a><\/div>\n","protected":false},"author":13,"featured_media":233338,"comment_status":"open","ping_status":"open","sticky":false,"template":"","format":"standard","meta":{"footnotes":""},"categories":[11019,11013,11003,10894,10912,10896,10974,10975],"tags":[11071,11195,11146,10914],"class_list":{"0":"post-233462","1":"post","2":"type-post","3":"status-publish","4":"format-standard","5":"has-post-thumbnail","7":"category-agenda-ca","8":"category-ciclismo-ca","9":"category-sports","10":"category-la-comarca-ca","11":"category-la-hoya-ca","12":"category-seccion-ca","13":"category-cheste-ca","14":"category-chiva-ca","15":"tag-cheste","16":"tag-chiva-ca","17":"tag-ciclismo-2-ca","18":"tag-la-hoya-de-bunol-chiva-ca"},"_links":{"self":[{"href":"https:\/\/www.tucomarca.com\/wordpress\/segunda\/ca\/wp-json\/wp\/v2\/posts\/233462","targetHints":{"allow":["GET"]}}],"collection":[{"href":"https:\/\/www.tucomarca.com\/wordpress\/segunda\/ca\/wp-json\/wp\/v2\/posts"}],"about":[{"href":"https:\/\/www.tucomarca.com\/wordpress\/segunda\/ca\/wp-json\/wp\/v2\/types\/post"}],"author":[{"embeddable":true,"href":"https:\/\/www.tucomarca.com\/wordpress\/segunda\/ca\/wp-json\/wp\/v2\/users\/13"}],"replies":[{"embeddable":true,"href":"https:\/\/www.tucomarca.com\/wordpress\/segunda\/ca\/wp-json\/wp\/v2\/comments?post=233462"}],"version-history":[{"count":0,"href":"https:\/\/www.tucomarca.com\/wordpress\/segunda\/ca\/wp-json\/wp\/v2\/posts\/233462\/revisions"}],"wp:featuredmedia":[{"embeddable":true,"href":"https:\/\/www.tucomarca.com\/wordpress\/segunda\/ca\/wp-json\/wp\/v2\/media\/233338"}],"wp:attachment":[{"href":"https:\/\/www.tucomarca.com\/wordpress\/segunda\/ca\/wp-json\/wp\/v2\/media?parent=233462"}],"wp:term":[{"taxonomy":"category","embeddable":true,"href":"https:\/\/www.tucomarca.com\/wordpress\/segunda\/ca\/wp-json\/wp\/v2\/categories?post=233462"},{"taxonomy":"post_tag","embeddable":true,"href":"https:\/\/www.tucomarca.com\/wordpress\/segunda\/ca\/wp-json\/wp\/v2\/tags?post=233462"}],"curies":[{"name":"wp","href":"https:\/\/api.w.org\/{rel}","templated":true}]}}