{"id":233510,"date":"2024-08-21T13:00:00","date_gmt":"2024-08-21T11:00:00","guid":{"rendered":"https:\/\/www.tucomarca.com\/wordpress\/segunda\/?p=233510"},"modified":"2024-08-21T13:16:46","modified_gmt":"2024-08-21T11:16:46","slug":"els-bombers-del-consorci-provincial-actuen-en-lincendi-dun-vehicle-a-utiel","status":"publish","type":"post","link":"https:\/\/www.tucomarca.com\/wordpress\/segunda\/ca\/els-bombers-del-consorci-provincial-actuen-en-lincendi-dun-vehicle-a-utiel\/","title":{"rendered":"Els bombers del Consorci Provincial actuen en l&#8217;incendi d&#8217;un vehicle a Utiel"},"content":{"rendered":"\n<p>Efectius del Consorci Provincial de Bombers de Val\u00e8ncia han intervingut aquesta passada nit en l&#8217;incendi d&#8217;un vehicle a Utiel. L&#8217;av\u00eds es va rebre a les 3,40 hores al carrer Pare Antonio Salelles, la qual cosa va mobilitzar a dues dotacions de bombers provinents de Requena, acompanyades per un sergent.<\/p>\n\n\n\n<p>L&#8217;incendi no sols va afectar el vehicle, sin\u00f3 que tamb\u00e9 va causar danys en els tendals, cristalls dels habitatges pr\u00f2xims i en el mobiliari urb\u00e0 que es trobava al carrer. Afortunadament, no s&#8217;han reportat ferits a conseq\u00fc\u00e8ncia de l&#8217;incident.<\/p>\n\n\n\n<p>La r\u00e0pida intervenci\u00f3 dels bombers va evitar que el foc es propagara encara m\u00e9s, garantint la seguretat dels ve\u00efns i minimitzant els danys materials.<\/p>\n\n\n\n<figure class=\"wp-block-gallery has-nested-images columns-1 is-cropped wp-block-gallery-1 is-layout-flex wp-block-gallery-is-layout-flex\">\n<figure class=\"wp-block-image size-large\"><img loading=\"lazy\" decoding=\"async\" width=\"769\" height=\"1024\" data-id=\"233503\" src=\"https:\/\/www.tucomarca.com\/wordpress\/segunda\/wp-content\/uploads\/2024\/08\/IncendioUtielVehiculo2-769x1024.jpeg\" alt=\"\" class=\"wp-image-233503\" srcset=\"https:\/\/www.tucomarca.com\/wordpress\/segunda\/wp-content\/uploads\/2024\/08\/IncendioUtielVehiculo2-769x1024.jpeg 769w, https:\/\/www.tucomarca.com\/wordpress\/segunda\/wp-content\/uploads\/2024\/08\/IncendioUtielVehiculo2-225x300.jpeg 225w, https:\/\/www.tucomarca.com\/wordpress\/segunda\/wp-content\/uploads\/2024\/08\/IncendioUtielVehiculo2-768x1023.jpeg 768w, https:\/\/www.tucomarca.com\/wordpress\/segunda\/wp-content\/uploads\/2024\/08\/IncendioUtielVehiculo2-1154x1536.jpeg 1154w, https:\/\/www.tucomarca.com\/wordpress\/segunda\/wp-content\/uploads\/2024\/08\/IncendioUtielVehiculo2.jpeg 1201w\" sizes=\"auto, (max-width: 769px) 100vw, 769px\" \/><\/figure>\n\n\n\n<figure class=\"wp-block-image size-large\"><img loading=\"lazy\" decoding=\"async\" width=\"1024\" height=\"768\" data-id=\"233501\" src=\"https:\/\/www.tucomarca.com\/wordpress\/segunda\/wp-content\/uploads\/2024\/08\/IncendioUtielVehiculo1-1024x768.jpeg\" alt=\"\" class=\"wp-image-233501\" srcset=\"https:\/\/www.tucomarca.com\/wordpress\/segunda\/wp-content\/uploads\/2024\/08\/IncendioUtielVehiculo1-1024x768.jpeg 1024w, https:\/\/www.tucomarca.com\/wordpress\/segunda\/wp-content\/uploads\/2024\/08\/IncendioUtielVehiculo1-300x225.jpeg 300w, https:\/\/www.tucomarca.com\/wordpress\/segunda\/wp-content\/uploads\/2024\/08\/IncendioUtielVehiculo1-768x576.jpeg 768w, https:\/\/www.tucomarca.com\/wordpress\/segunda\/wp-content\/uploads\/2024\/08\/IncendioUtielVehiculo1-1536x1153.jpeg 1536w, https:\/\/www.tucomarca.com\/wordpress\/segunda\/wp-content\/uploads\/2024\/08\/IncendioUtielVehiculo1-678x509.jpeg 678w, https:\/\/www.tucomarca.com\/wordpress\/segunda\/wp-content\/uploads\/2024\/08\/IncendioUtielVehiculo1-326x245.jpeg 326w, https:\/\/www.tucomarca.com\/wordpress\/segunda\/wp-content\/uploads\/2024\/08\/IncendioUtielVehiculo1-80x60.jpeg 80w, https:\/\/www.tucomarca.com\/wordpress\/segunda\/wp-content\/uploads\/2024\/08\/IncendioUtielVehiculo1.jpeg 1599w\" sizes=\"auto, (max-width: 1024px) 100vw, 1024px\" \/><\/figure>\n<\/figure>\n","protected":false},"excerpt":{"rendered":"<div class=\"mh-excerpt\">Efectius del Consorci Provincial de Bombers de Val\u00e8ncia han intervingut aquesta passada nit en l&#8217;incendi d&#8217;un vehicle a Utiel. L&#8217;av\u00eds es va rebre a les 3,40 hores al carrer Pare Antonio Salelles, la qual cosa <a class=\"mh-excerpt-more\" href=\"https:\/\/www.tucomarca.com\/wordpress\/segunda\/ca\/els-bombers-del-consorci-provincial-actuen-en-lincendi-dun-vehicle-a-utiel\/\" title=\"Els bombers del Consorci Provincial actuen en l&#8217;incendi d&#8217;un vehicle a Utiel\">[+] <\/a><\/div>\n","protected":false},"author":13,"featured_media":233506,"comment_status":"open","ping_status":"open","sticky":false,"template":"","format":"gallery","meta":{"footnotes":""},"categories":[10898,10948,10894,10909,10896,10897,11059],"tags":[10910,10901,11174],"class_list":{"0":"post-233510","1":"post","2":"type-post","3":"status-publish","4":"format-gallery","5":"has-post-thumbnail","7":"category-ventana-ca","8":"category-infraestructuras-ca","9":"category-la-comarca-ca","10":"category-requena-utiel-ca","11":"category-seccion-ca","12":"category-sucesos-la-comarca-ca","13":"category-utiel-ca","14":"tag-requena-utiel-ca","15":"tag-sucesos-ca","16":"tag-utiel-ca","17":"post_format-post-format-gallery"},"_links":{"self":[{"href":"https:\/\/www.tucomarca.com\/wordpress\/segunda\/ca\/wp-json\/wp\/v2\/posts\/233510","targetHints":{"allow":["GET"]}}],"collection":[{"href":"https:\/\/www.tucomarca.com\/wordpress\/segunda\/ca\/wp-json\/wp\/v2\/posts"}],"about":[{"href":"https:\/\/www.tucomarca.com\/wordpress\/segunda\/ca\/wp-json\/wp\/v2\/types\/post"}],"author":[{"embeddable":true,"href":"https:\/\/www.tucomarca.com\/wordpress\/segunda\/ca\/wp-json\/wp\/v2\/users\/13"}],"replies":[{"embeddable":true,"href":"https:\/\/www.tucomarca.com\/wordpress\/segunda\/ca\/wp-json\/wp\/v2\/comments?post=233510"}],"version-history":[{"count":0,"href":"https:\/\/www.tucomarca.com\/wordpress\/segunda\/ca\/wp-json\/wp\/v2\/posts\/233510\/revisions"}],"wp:featuredmedia":[{"embeddable":true,"href":"https:\/\/www.tucomarca.com\/wordpress\/segunda\/ca\/wp-json\/wp\/v2\/media\/233506"}],"wp:attachment":[{"href":"https:\/\/www.tucomarca.com\/wordpress\/segunda\/ca\/wp-json\/wp\/v2\/media?parent=233510"}],"wp:term":[{"taxonomy":"category","embeddable":true,"href":"https:\/\/www.tucomarca.com\/wordpress\/segunda\/ca\/wp-json\/wp\/v2\/categories?post=233510"},{"taxonomy":"post_tag","embeddable":true,"href":"https:\/\/www.tucomarca.com\/wordpress\/segunda\/ca\/wp-json\/wp\/v2\/tags?post=233510"}],"curies":[{"name":"wp","href":"https:\/\/api.w.org\/{rel}","templated":true}]}}