{"id":233659,"date":"2024-08-22T12:30:00","date_gmt":"2024-08-22T10:30:00","guid":{"rendered":"https:\/\/www.tucomarca.com\/wordpress\/segunda\/?p=233659"},"modified":"2024-08-22T12:32:44","modified_gmt":"2024-08-22T10:32:44","slug":"entitats-socials-sindicats-i-partits-desquerra-elaboren-un-comunicat-per-una-democracia-plena-i-participativa-a-bunyol","status":"publish","type":"post","link":"https:\/\/www.tucomarca.com\/wordpress\/segunda\/ca\/entitats-socials-sindicats-i-partits-desquerra-elaboren-un-comunicat-per-una-democracia-plena-i-participativa-a-bunyol\/","title":{"rendered":"Entitats socials, sindicats i partits d&#8217;esquerra elaboren un comunicat &#8220;per una democr\u00e0cia plena i participativa a Bunyol&#8221;"},"content":{"rendered":"\n<h3 class=\"wp-block-heading\">L&#8217;escrit est\u00e0 signat per associacions i entitats sindicals com la UGT, Intersindical Valenciana i CC OO; l&#8217;Associaci\u00f3 de Mestresses de casa, Salvem Farraj\u00f3n, Dones Democr\u00e0tiques, Plataforma pro hospital comarcal, Nadibu, AVACH i Associaci\u00f3 Gatunos; a m\u00e9s de partits pol\u00edtics com el PSPV-PSOE, Esquerra Unida, Podemos, Esquerra Alternativa i Partit Comunista.<\/h3>\n\n\n\n<h3 class=\"wp-block-heading\">Totes aquestes entitats exigeixen &#8220;que no es redu\u00efsquen els plens ordinaris a un cada dos mesos&#8221;.\u00a0<\/h3>\n\n\n\n<p>&#8220;A Bunyol, la democr\u00e0cia i la participaci\u00f3 ciutadana s\u00f3n pilars fonamentals que garanteixen que totes les veus siguen escoltades i que totes les decisions que afecten el municipi es prenguen de manera transparent i responsable. Els plens ordinaris s\u00f3n un espai clau per a l&#8217;exercici d&#8217;aquests drets, on la ciutadania pot exercir el seu dret a la paraula, fer preguntes, i obtindre respostes directes dels seus representants. \u00c9s en aquest context que rebutgem categ\u00f2ricament la proposta de l&#8217;alcaldessa de Bunyol, Virg\u00ednia Sanz, per a reduir la freq\u00fc\u00e8ncia dels plens ordinaris a nom\u00e9s un cada dos mesos, una mesura que considerem perjudicial per a la qualitat democr\u00e0tica del nostre municipi&#8221;, tal com s&#8217;arreplega en el comunicat signat per la UGT, Intersindical Valenciana i CC OO; l&#8217;Associaci\u00f3 de Mestresses de casa, Salvem Farraj\u00f3n, Dones Democr\u00e0tiques, Plataforma pro hospital comarcal, Nadibu, Associaci\u00f3 de Ve\u00efns Amics del Castell i Centre hist\u00f2ric (AVACH) i Associaci\u00f3 Gatunos; a m\u00e9s de partits pol\u00edtics com el PSPV-PSOE, Esquerra Unida, Podemos, Esquerra Alternativa i Partit Comunista.<\/p>\n\n\n\n<p>Totes aquestes entitats asseguren &#8220;que reduir la freq\u00fc\u00e8ncia dels plens ordinaris atenta directament contra l&#8217;ess\u00e8ncia d&#8217;una democr\u00e0cia participativa. Aquest canvi no sols limita la possibilitat de debat i control democr\u00e0tic, sin\u00f3 que tamb\u00e9 concentra el poder de decisi\u00f3 en unes poques mans, restant transpar\u00e8ncia i diluint la rendici\u00f3 de comptes. Amb plens ordinaris celebrats nom\u00e9s cada dos mesos, es redueix significativament la capacitat dels ciutadans per a intervindre en els assumptes que els afecten, i es dificulta la tasca dels grups municipals, que tamb\u00e9 representen a un nombre important de ciutadans, per a exercir una vigil\u00e0ncia adequada sobre les accions del Govern local&#8221;.<\/p>\n\n\n\n<p>&#8220;Per llei, la participaci\u00f3 directa de la ciutadania en els Plens nom\u00e9s est\u00e0 assegurada en els plens ordinaris. Amb aquesta proposta, els ve\u00efns i ve\u00efnes nom\u00e9s tindrien l&#8217;oportunitat de fer precs i preguntes una vegada cada dos mesos, la qual cosa \u00e9s un retroc\u00e9s inacceptable en un moment en qu\u00e8 la societat demanda m\u00e9s transpar\u00e8ncia. No \u00e9s nom\u00e9s una q\u00fcesti\u00f3 de pol\u00edtica o ideologia, sin\u00f3 de defensar els drets b\u00e0sics de la ciutadania a participar activament en la vida p\u00fablica del seu municipi&#8221;, afigen aquestes entitats en el seu comunicat.<\/p>\n\n\n\n<p>&#8220;Per tot aix\u00f2, fem un anomenat a la societat civil, associacions, plataformes, sindicats, partits pol\u00edtics i a tots els ve\u00efns i ve\u00efnes de Bunyol a rebutjar aquesta proposta. No podem permetre que es facen passos #arrere en la gesti\u00f3 democr\u00e0tica del nostre poble. No busquem confrontaci\u00f3, sin\u00f3 protegir els nostres drets democr\u00e0tics i assegurar una gesti\u00f3 p\u00fablica transparent i participativa.\u00a0Diem no a la reducci\u00f3 dels Plens Ordinaris i s\u00ed a una democr\u00e0cia plena a Bunyol&#8221;.<\/p>\n","protected":false},"excerpt":{"rendered":"<div class=\"mh-excerpt\">L&#8217;escrit est\u00e0 signat per associacions i entitats sindicals com la UGT, Intersindical Valenciana i CC OO; l&#8217;Associaci\u00f3 de Mestresses de casa, Salvem Farraj\u00f3n, Dones Democr\u00e0tiques, Plataforma pro hospital comarcal, Nadibu, AVACH i Associaci\u00f3 Gatunos; a <a class=\"mh-excerpt-more\" href=\"https:\/\/www.tucomarca.com\/wordpress\/segunda\/ca\/entitats-socials-sindicats-i-partits-desquerra-elaboren-un-comunicat-per-una-democracia-plena-i-participativa-a-bunyol\/\" title=\"Entitats socials, sindicats i partits d&#8217;esquerra elaboren un comunicat &#8220;per una democr\u00e0cia plena i participativa a Bunyol&#8221;\">[+] <\/a><\/div>\n","protected":false},"author":1,"featured_media":169925,"comment_status":"open","ping_status":"open","sticky":false,"template":"","format":"standard","meta":{"footnotes":""},"categories":[10911,10948,10894,10904,10912,10947,10896],"tags":[],"class_list":{"0":"post-233659","1":"post","2":"type-post","3":"status-publish","4":"format-standard","5":"has-post-thumbnail","7":"category-bunol-ca","8":"category-infraestructuras-ca","9":"category-la-comarca-ca","10":"category-sin-categorizar-ca","11":"category-la-hoya-ca","12":"category-politica","13":"category-seccion-ca"},"_links":{"self":[{"href":"https:\/\/www.tucomarca.com\/wordpress\/segunda\/ca\/wp-json\/wp\/v2\/posts\/233659","targetHints":{"allow":["GET"]}}],"collection":[{"href":"https:\/\/www.tucomarca.com\/wordpress\/segunda\/ca\/wp-json\/wp\/v2\/posts"}],"about":[{"href":"https:\/\/www.tucomarca.com\/wordpress\/segunda\/ca\/wp-json\/wp\/v2\/types\/post"}],"author":[{"embeddable":true,"href":"https:\/\/www.tucomarca.com\/wordpress\/segunda\/ca\/wp-json\/wp\/v2\/users\/1"}],"replies":[{"embeddable":true,"href":"https:\/\/www.tucomarca.com\/wordpress\/segunda\/ca\/wp-json\/wp\/v2\/comments?post=233659"}],"version-history":[{"count":0,"href":"https:\/\/www.tucomarca.com\/wordpress\/segunda\/ca\/wp-json\/wp\/v2\/posts\/233659\/revisions"}],"wp:featuredmedia":[{"embeddable":true,"href":"https:\/\/www.tucomarca.com\/wordpress\/segunda\/ca\/wp-json\/wp\/v2\/media\/169925"}],"wp:attachment":[{"href":"https:\/\/www.tucomarca.com\/wordpress\/segunda\/ca\/wp-json\/wp\/v2\/media?parent=233659"}],"wp:term":[{"taxonomy":"category","embeddable":true,"href":"https:\/\/www.tucomarca.com\/wordpress\/segunda\/ca\/wp-json\/wp\/v2\/categories?post=233659"},{"taxonomy":"post_tag","embeddable":true,"href":"https:\/\/www.tucomarca.com\/wordpress\/segunda\/ca\/wp-json\/wp\/v2\/tags?post=233659"}],"curies":[{"name":"wp","href":"https:\/\/api.w.org\/{rel}","templated":true}]}}