{"id":233696,"date":"2024-08-23T11:45:00","date_gmt":"2024-08-23T09:45:00","guid":{"rendered":"https:\/\/www.tucomarca.com\/wordpress\/segunda\/?p=233696"},"modified":"2024-08-23T14:23:13","modified_gmt":"2024-08-23T12:23:13","slug":"la-unio-informa-que-cada-dia-es-produeixen-quatre-accidents-en-la-comunitat-valenciana-amb-animals","status":"publish","type":"post","link":"https:\/\/www.tucomarca.com\/wordpress\/segunda\/ca\/la-unio-informa-que-cada-dia-es-produeixen-quatre-accidents-en-la-comunitat-valenciana-amb-animals\/","title":{"rendered":"La Uni\u00f3 informa que cada dia es produeixen quatre accidents en la Comunitat Valenciana amb animals"},"content":{"rendered":"\n<h3 class=\"wp-block-heading\"><strong>La fauna provoca anualment als agricultors grans p\u00e8rdues en els seus cultius i fins i tot en les infraestructures agr\u00e0ries, estimades en m\u00e9s de 45 milions d&#8217;euros l&#8217;any passat<\/strong>.<\/h3>\n\n\n\n<h3 class=\"wp-block-heading\"><strong><strong>L&#8217;organitzaci\u00f3 reclama mesures compensat\u00f2ries i de prevenci\u00f3 davant els efectes de la fauna amb una dotaci\u00f3 pressupost\u00e0ria suficiente<\/strong><\/strong>.<\/h3>\n\n\n\n<p>Quatre accidents al dia amb animals es produeixen en la Comunitat Valenciana segons les dades de la Direcci\u00f3 General de Tr\u00e0nsit (DGT) recaptats per La Uni\u00f3, dels quals una part important s\u00f3n deguts a la sobrepoblaci\u00f3 de fauna silvestre i salvatge, fonamentalment senglars.<\/p>\n\n\n\n<p>Les xifres de la DGT indiquen que en 2022 va haver-hi un total de 1.430 sinistres amb implicaci\u00f3 d&#8217;animals en la Comunitat Valenciana per 781 en 2013. Any rere any els accidents amb animals van a l&#8217;al\u00e7a, alguns fins i tot amb v\u00edctimes mortals.<\/p>\n\n\n\n<p>Aquests n\u00fameros revelen, segons el parer de La Uni\u00f3, els problemes que origina la gran poblaci\u00f3 de fauna silvestre i salvatge (senglar, conill, cabra muntesa, arru\u00ed, mufl\u00f3 i c\u00e9rvol) que, a part d&#8217;aquests accidents, provoquen anualment als llauradors grans p\u00e8rdues en els seus cultius i fins i tot en les infraestructures agr\u00e0ries, estimades en m\u00e9s de 45 milions d&#8217;euros l&#8217;any passat.<\/p>\n\n\n\n<p>L&#8217;organitzaci\u00f3 continua reclamant ajudes a la Generalitat per a compensar els danys, emprar mesures preventives i finan\u00e7ar de manera gratu\u00efta tamb\u00e9 tractaments amb repel\u00b7lents. La Conselleria d&#8217;Agricultura reconeix oficialment que \u201cles mesures aplicades fins al moment per a lluitar contra la fauna silvestre no s\u00f3n suficients per a frenar l&#8217;expansi\u00f3 demogr\u00e0fica de diverses esp\u00e8cies, ni la freq\u00fc\u00e8ncia i magnitud dels seus impactes sobre les activitats humanes i el medi natural\u201d. Tamb\u00e9 considera que \u201cles esp\u00e8cies estan incrementant la seua poblaci\u00f3 i per tant s&#8217;amplien les \u00e0rees afectades aconseguint nivells de risc real per a les explotacions agr\u00e0ries\u201d.<\/p>\n\n\n\n<p>Malgrat tot aix\u00f2, Conselleria segueix sense posar en marxa les ajudes proposades en el seu moment i aprovades per les Corts per a pal\u00b7liar els danys en les explotacions agr\u00e0ries causades per esp\u00e8cies cineg\u00e8tiques. Estan dotades amb un import rid\u00edcul de 250.000 euros, mentre per exemple en una comunitat ve\u00efna com Catalunya el pressupost ser\u00e0 de 6,3 milions d&#8217;euros. A m\u00e9s, cal denunciar el canvi d&#8217;opini\u00f3 de la Conselleria d&#8217;Agricultura a l&#8217;hora de donar ajudes per a pal\u00b7liar els danys causats per la fauna cineg\u00e8tica en les explotacions agr\u00e0ries de la Comunitat Valenciana, ja que ara preveu \u00fanicament mesurades de prevenci\u00f3 en lloc de compensaci\u00f3, tal com havia anunciat en reiterades ocasions. LA UNI\u00d3 continua reclamant que combinen tots dos aspectes.<\/p>\n\n\n\n<p>En el recent Anunci de consulta p\u00fablica pr\u00e8via sobre el projecte d&#8217;ordre de la Conselleria d&#8217;Agricultura, Ramaderia i Pesca, per la qual s&#8217;estableixen les bases reguladores per a la concessi\u00f3 d&#8217;ajudes a l&#8217;establiment de mesures preventives en explotacions agr\u00e0ries amb la finalitat de pal\u00b7liar els danys causats per la fauna cineg\u00e8tica en l&#8217;\u00e0mbit de la Comunitat Valenciana, s&#8217;especifica que les ajudes estaran destinades a previndre els danys causats per la fauna cineg\u00e8tica, mitjan\u00e7ant l&#8217;establiment de barreres que impedisquen el seu acc\u00e9s a les mateixes i, en conseq\u00fc\u00e8ncia, danys en els cultius o transmissi\u00f3 de malalties en les esp\u00e8cies pecu\u00e0ries. B\u00e0sicament, les ajudes seran per a posar tanques que en molts llocs de la Comunitat Valenciana \u00e9s una pr\u00e0ctica que no es pot fer forma generalitzada en tots els terrenys on existeixen danys. S&#8217;ha emprat tamb\u00e9 sobretot ja contra els conills en algunes zones amb no massa \u00e8xit i per tant s&#8217;han mostrat inefica\u00e7os per a atallar la plaga.<\/p>\n\n\n\n<p>La Uni\u00f3 assenyala que \u201cel control de la superpoblaci\u00f3 de fauna s&#8217;ha d&#8217;abordar des de la perspectiva d&#8217;un protocol amb recursos suficients per a sufragar el cost tant en la gesti\u00f3 de les pr\u00e0ctiques de ca\u00e7a i captures per a reducci\u00f3 els actuals nivells de poblaci\u00f3 com per a compensar els danys importants en cultius\u201d.<\/p>\n","protected":false},"excerpt":{"rendered":"<div class=\"mh-excerpt\">La fauna provoca anualment als agricultors grans p\u00e8rdues en els seus cultius i fins i tot en les infraestructures agr\u00e0ries, estimades en m\u00e9s de 45 milions d&#8217;euros l&#8217;any passat. L&#8217;organitzaci\u00f3 reclama mesures compensat\u00f2ries i de <a class=\"mh-excerpt-more\" href=\"https:\/\/www.tucomarca.com\/wordpress\/segunda\/ca\/la-unio-informa-que-cada-dia-es-produeixen-quatre-accidents-en-la-comunitat-valenciana-amb-animals\/\" title=\"La Uni\u00f3 informa que cada dia es produeixen quatre accidents en la Comunitat Valenciana amb animals\">[+] <\/a><\/div>\n","protected":false},"author":13,"featured_media":233693,"comment_status":"open","ping_status":"open","sticky":false,"template":"","format":"standard","meta":{"footnotes":""},"categories":[10905,10898,10948,10894,10904,10902,10903,10947,10896,10897],"tags":[15504,11309,11199,12166,19738],"class_list":{"0":"post-233696","1":"post","2":"type-post","3":"status-publish","4":"format-standard","5":"has-post-thumbnail","7":"category-agricultura-la-comarca-ca","8":"category-ventana-ca","9":"category-infraestructuras-ca","10":"category-la-comarca-ca","11":"category-sin-categorizar-ca","12":"category-la-ribera-ca","13":"category-medio-ambiente-la-comarca-ca","14":"category-politica","15":"category-seccion-ca","16":"category-sucesos-la-comarca-ca","17":"tag-accidentes-de-trafico-ca","18":"tag-agricultura-ca","19":"tag-la-comunitat-ca","20":"tag-medio-ambiente-ca","21":"tag-seguridad-vial-ca"},"_links":{"self":[{"href":"https:\/\/www.tucomarca.com\/wordpress\/segunda\/ca\/wp-json\/wp\/v2\/posts\/233696","targetHints":{"allow":["GET"]}}],"collection":[{"href":"https:\/\/www.tucomarca.com\/wordpress\/segunda\/ca\/wp-json\/wp\/v2\/posts"}],"about":[{"href":"https:\/\/www.tucomarca.com\/wordpress\/segunda\/ca\/wp-json\/wp\/v2\/types\/post"}],"author":[{"embeddable":true,"href":"https:\/\/www.tucomarca.com\/wordpress\/segunda\/ca\/wp-json\/wp\/v2\/users\/13"}],"replies":[{"embeddable":true,"href":"https:\/\/www.tucomarca.com\/wordpress\/segunda\/ca\/wp-json\/wp\/v2\/comments?post=233696"}],"version-history":[{"count":0,"href":"https:\/\/www.tucomarca.com\/wordpress\/segunda\/ca\/wp-json\/wp\/v2\/posts\/233696\/revisions"}],"wp:featuredmedia":[{"embeddable":true,"href":"https:\/\/www.tucomarca.com\/wordpress\/segunda\/ca\/wp-json\/wp\/v2\/media\/233693"}],"wp:attachment":[{"href":"https:\/\/www.tucomarca.com\/wordpress\/segunda\/ca\/wp-json\/wp\/v2\/media?parent=233696"}],"wp:term":[{"taxonomy":"category","embeddable":true,"href":"https:\/\/www.tucomarca.com\/wordpress\/segunda\/ca\/wp-json\/wp\/v2\/categories?post=233696"},{"taxonomy":"post_tag","embeddable":true,"href":"https:\/\/www.tucomarca.com\/wordpress\/segunda\/ca\/wp-json\/wp\/v2\/tags?post=233696"}],"curies":[{"name":"wp","href":"https:\/\/api.w.org\/{rel}","templated":true}]}}