{"id":233707,"date":"2024-08-23T08:00:00","date_gmt":"2024-08-23T06:00:00","guid":{"rendered":"https:\/\/www.tucomarca.com\/wordpress\/segunda\/?p=233707"},"modified":"2024-08-23T14:19:49","modified_gmt":"2024-08-23T12:19:49","slug":"la-diputacio-de-valencia-anima-als-ajuntaments-a-presentar-se-al-concurs-europeu-ciutat-accessible-2025","status":"publish","type":"post","link":"https:\/\/www.tucomarca.com\/wordpress\/segunda\/ca\/la-diputacio-de-valencia-anima-als-ajuntaments-a-presentar-se-al-concurs-europeu-ciutat-accessible-2025\/","title":{"rendered":"La Diputaci\u00f3 de Val\u00e8ncia anima als ajuntaments a presentar-se al concurs europeu Ciutat Accessible 2025"},"content":{"rendered":"\n<p><strong><strong>El servici de Fons Europeus que dirigix Juan Ram\u00f3n Adsuara facilita als consistoris els tr\u00e0mits perqu\u00e8 presenten la seua sol\u00b7licitud abans del 10 de setembre. Es premia a municipis que donen prioritat a l&#8217;accessibilitat<\/strong><\/strong><\/p>\n\n\n\n<p>La Diputaci\u00f3 de Val\u00e8ncia anima als municipis de la prov\u00edncia a presentar la seua candidatura als premis Ciutat Accessible 2025, un concurs que des de 2010 organitza la Uni\u00f3 Europea en col\u00b7laboraci\u00f3 amb el F\u00f2rum Europeu de la Discapacitat. El servici de Fons Europeus de la Diputaci\u00f3 que dirigix Juan Ram\u00f3n Adsuara facilita als consistoris els tr\u00e0mits i la informaci\u00f3 perqu\u00e8 puguen entregar les sol\u00b7licituds abans del 10 de setembre, dia en qu\u00e8 finalitza el termini.<\/p>\n\n\n\n<p>Els municipis interessats disposen d&#8217;informaci\u00f3 del concurs en l&#8217;enlla\u00e7 <a href=\"https:\/\/ec.europa.eu\/social\/main.jsp?catid=1141&amp;langid=es\">https:\/\/ec.europa.eu\/social\/main.jsp?catid=1141&amp;langid=es<\/a>. Les sol\u00b7licituds es presenten en l\u00ednia a trav\u00e9s de l&#8217;enlla\u00e7 <a href=\"https:\/\/access-city-award.ec.europa.eu\/\">https:\/\/access-city-award.ec.europa.eu\/<\/a> i poden trobar dades addicionals i orientaci\u00f3 espec\u00edfica en <a href=\"https:\/\/access-city-award.ec.europa.eu\/\">https:\/\/access-city-award.ec.europa.eu\/<\/a>. En paraules del diputat Juan Ram\u00f3n Adsuara, \u201c\u00e9s una bona oportunitat de mostrar les millores dels nostres municipis en mat\u00e8ria d&#8217;accessibilitat i incentivar a altres pobles i ciutats a avan\u00e7ar en la mateixa direcci\u00f3\u201d.<\/p>\n\n\n\n<p>La UE reconeix amb estos premis, que repartixen cada any 350.000 euros entre els guanyadors, el treball de ciutats i municipis que consideren priorit\u00e0ria l&#8217;accessibilitat. Esta aposta per les ciutats accessibles es veu en la facilitat per a obtindre informaci\u00f3 tant en l\u00ednia com fora d&#8217;ella; en la possibilitat d&#8217;usar el transport p\u00fablic; disfrutar sense barreres d&#8217;espais com a parcs i \u00e0rees d&#8217;oci; i entrar o envoltar els edificis accedint sense problemes als seus servicis.<\/p>\n","protected":false},"excerpt":{"rendered":"<div class=\"mh-excerpt\">El servici de Fons Europeus que dirigix Juan Ram\u00f3n Adsuara facilita als consistoris els tr\u00e0mits perqu\u00e8 presenten la seua sol\u00b7licitud abans del 10 de setembre. Es premia a municipis que donen prioritat a l&#8217;accessibilitat La <a class=\"mh-excerpt-more\" href=\"https:\/\/www.tucomarca.com\/wordpress\/segunda\/ca\/la-diputacio-de-valencia-anima-als-ajuntaments-a-presentar-se-al-concurs-europeu-ciutat-accessible-2025\/\" title=\"La Diputaci\u00f3 de Val\u00e8ncia anima als ajuntaments a presentar-se al concurs europeu Ciutat Accessible 2025\">[+] <\/a><\/div>\n","protected":false},"author":13,"featured_media":233705,"comment_status":"open","ping_status":"open","sticky":false,"template":"","format":"standard","meta":{"footnotes":""},"categories":[10948,10894,10904,10947,10896],"tags":[11199,21009],"class_list":{"0":"post-233707","1":"post","2":"type-post","3":"status-publish","4":"format-standard","5":"has-post-thumbnail","7":"category-infraestructuras-ca","8":"category-la-comarca-ca","9":"category-sin-categorizar-ca","10":"category-politica","11":"category-seccion-ca","12":"tag-la-comunitat-ca","13":"tag-la-diputacio-de-valencia-ca"},"_links":{"self":[{"href":"https:\/\/www.tucomarca.com\/wordpress\/segunda\/ca\/wp-json\/wp\/v2\/posts\/233707","targetHints":{"allow":["GET"]}}],"collection":[{"href":"https:\/\/www.tucomarca.com\/wordpress\/segunda\/ca\/wp-json\/wp\/v2\/posts"}],"about":[{"href":"https:\/\/www.tucomarca.com\/wordpress\/segunda\/ca\/wp-json\/wp\/v2\/types\/post"}],"author":[{"embeddable":true,"href":"https:\/\/www.tucomarca.com\/wordpress\/segunda\/ca\/wp-json\/wp\/v2\/users\/13"}],"replies":[{"embeddable":true,"href":"https:\/\/www.tucomarca.com\/wordpress\/segunda\/ca\/wp-json\/wp\/v2\/comments?post=233707"}],"version-history":[{"count":0,"href":"https:\/\/www.tucomarca.com\/wordpress\/segunda\/ca\/wp-json\/wp\/v2\/posts\/233707\/revisions"}],"wp:featuredmedia":[{"embeddable":true,"href":"https:\/\/www.tucomarca.com\/wordpress\/segunda\/ca\/wp-json\/wp\/v2\/media\/233705"}],"wp:attachment":[{"href":"https:\/\/www.tucomarca.com\/wordpress\/segunda\/ca\/wp-json\/wp\/v2\/media?parent=233707"}],"wp:term":[{"taxonomy":"category","embeddable":true,"href":"https:\/\/www.tucomarca.com\/wordpress\/segunda\/ca\/wp-json\/wp\/v2\/categories?post=233707"},{"taxonomy":"post_tag","embeddable":true,"href":"https:\/\/www.tucomarca.com\/wordpress\/segunda\/ca\/wp-json\/wp\/v2\/tags?post=233707"}],"curies":[{"name":"wp","href":"https:\/\/api.w.org\/{rel}","templated":true}]}}