{"id":233722,"date":"2024-08-22T17:00:00","date_gmt":"2024-08-22T15:00:00","guid":{"rendered":"https:\/\/www.tucomarca.com\/wordpress\/segunda\/?p=233722"},"modified":"2024-08-22T17:25:07","modified_gmt":"2024-08-22T15:25:07","slug":"entrevista-sergio-galarza-les-festes-les-fa-el-poble-de-bunyol-participant-de-manera-activa-en-tots-els-actes","status":"publish","type":"post","link":"https:\/\/www.tucomarca.com\/wordpress\/segunda\/ca\/entrevista-sergio-galarza-les-festes-les-fa-el-poble-de-bunyol-participant-de-manera-activa-en-tots-els-actes\/","title":{"rendered":"Entrevista. Sergio Galarza: &#8220;Les festes les fa el poble de Bunyol participant de manera activa en tots els actes&#8221;"},"content":{"rendered":"\n<h3 class=\"wp-block-heading\">Sergio Galarza \u00e9s el regidor de Fira, Festes i Tomatina de l&#8217;Ajuntament de Bunyol, localitat que est\u00e0 a punt d&#8217;iniciar els dies grans de les seues festes patronals i les principals novetats de les quals per a aquestes setmanes festives el propi regidor resumeix en aquesta entrevista per a tucomarca.com.<\/h3>\n\n\n<div class=\"wp-block-image\">\n<figure class=\"alignleft size-full is-resized\"><img loading=\"lazy\" decoding=\"async\" width=\"886\" height=\"1005\" src=\"http:\/\/www.tucomarca.com\/wordpress\/segunda\/wp-content\/uploads\/2024\/08\/FOTOSergio.jpg\" alt=\"\" class=\"wp-image-233715\" style=\"width:431px;height:auto\" srcset=\"https:\/\/www.tucomarca.com\/wordpress\/segunda\/wp-content\/uploads\/2024\/08\/FOTOSergio.jpg 886w, https:\/\/www.tucomarca.com\/wordpress\/segunda\/wp-content\/uploads\/2024\/08\/FOTOSergio-264x300.jpg 264w, https:\/\/www.tucomarca.com\/wordpress\/segunda\/wp-content\/uploads\/2024\/08\/FOTOSergio-768x871.jpg 768w\" sizes=\"auto, (max-width: 886px) 100vw, 886px\" \/><\/figure>\n<\/div>\n\n\n<p><strong>\u2014 Com a m\u00e0xim responsable de les festes en la localitat, com veu el poble escassos dies per al comen\u00e7ament dels principals actes de la nostra fira?<\/strong><\/p>\n\n\n\n<p>\u2014 Ja ho tenim tot organitzat i tot preparat per\u00f2 jo encara no estic en mode festa. Ja saps, la responsabilitat. Si que veig a la gent ix, que est\u00e0 en mode festa, el dimarts va haver-hi un concert en la pla\u00e7a del Castell al qual van acudir 300 persones, el dilluns vam tindre un teatre en Sant Rafael i va haver-hi 200 persones. Veig que la gent s\u00ed que est\u00e0 en mode festes perqu\u00e8 la gent est\u00e0 eixint a prendre&#8217;s alguna cosa i a sopar i aquesta utilitzant els comercials i els bars i aix\u00f2 m&#8217;agrada.<\/p>\n\n\n\n<p><strong>\u2014 Sergio, parlem de novetats, per\u00f2 per a comen\u00e7ar potser la major \u00e9s que aquesta any tenim Rei de la Fira Festes, no<\/strong>?<\/p>\n\n\n\n<p>\u2014 S\u00ed que \u00e9s un orgull enorme el poder ser el primer regidor que ha presentat al primer Rei de la Fira i Festes perqu\u00e8 perqu\u00e8 mai s&#8217;ha fet. Mai ha sigut aix\u00ed, han sigut 50 anys d&#8217;hist\u00f2ria de reines. Acabem casualment amb la reina 50, Celeste Agustina, i hem comen\u00e7at amb el rei un, Yeray Ruiz. M&#8217;enorgulleix ser el primer en la hist\u00f2ria, m&#8217;agrada molt perqu\u00e8 estic a favor d&#8217;igualtat i el respecte, tots som iguals i tothom t\u00e9 cabuda en qualsevol esdeveniment, demostrant que Bunyol \u00e9s un poble progressista i no importa el que ens diguen nosaltres som aix\u00ed, i serem aix\u00ed tota la vida. I quant a m\u00e9s novetats significatives, dir que en La Tomatina Infantil tirarem uns 2.500 quilos de #tomaca. Tamb\u00e9 s&#8217;espera una aflu\u00e8ncia massiva de gent en La Tomatina, la venda d&#8217;entrades sembla que va b\u00e9.<\/p>\n\n\n\n<p><strong>\u2014 De fet, ja ha arrancat la Fira amb els primers actes d&#8217;envergadura com la presentaci\u00f3 del Rei de les Festes, el concert M\u00e0 a m\u00e0 i la presentaci\u00f3 de la Fallera Major de la JLF.<\/strong><\/p>\n\n\n\n<p>\u2014 S\u00ed, la presentaci\u00f3 del Rei, el M\u00e0 a m\u00e0\u2026 ha sigut un cap de setmana de marat\u00f3 i de gaudir de l&#8217;ambient del poble perqu\u00e8 la veritat que el punt el divendres com el dissabte els carrers estaven bastant plenes de gent. Despr\u00e9s el diumenge em vaig quedar un poc aclaparat en veure tant\u00edssima gent en la proclamaci\u00f3 de la nostra Fallera Major de la Junta Local, Candela Padilla. M&#8217;enorgulleix que a la gent li #abellir comen\u00e7ar a eixir i a acudir a tots els esdeveniments, com el berenar dels majors, els premis de futbol sala, l&#8217;actuaci\u00f3 a l&#8217;auditori de New Jazz, els jocs infantils\u2026 \u00e9s a dir que anem arrancat la fira cremant el programa a poc a poc.<\/p>\n\n\n\n<p><strong>\u2014 Aquestes seran les seues segones Fira i Festes com a regidor de l&#8217;\u00e0rea, s&#8217;afronten amb m\u00e9s tranquil\u00b7litat despr\u00e9s l&#8217;experi\u00e8ncia de l&#8217;any passat?<\/strong><\/p>\n\n\n\n<p>\u2014 No, les anteriors les muntem de pressa va ser com fer un sprint, dir ja est\u00e0, ja ha passat tot. Ara, com he estat un any sencer preparant-les hi ha coses que no han eixit b\u00e9, coses externes a mi, aix\u00f2 \u00e9s un tema que ja ho dir\u00e9 on l&#8217;haja de dir i li ho dir\u00e9 a qui li ho haja de dir, per\u00f2 estic tranquil perqu\u00e8 s\u00e9 que est\u00e0 tot contractat i controlat, per\u00f2 no puc evitar el cuquet. Per exemple, de si el dia de les paelles eixir\u00e0 tot correcte, encara que bo, s&#8217;han venut 300 paelles, s\u00f3n 3.000 persones eixe dia, hem augmentat molta gent eixe dia hem contractat una orquestra molt important, una orquestra bona, nom\u00e9s falta que el temps ens acompanye i no ens fa\u00e7a mal temps com l&#8217;any passat. S\u00f3n eixes coses que no pots controlar, que no saps si ocorreran o no ocorreran.<\/p>\n\n\n\n<p><strong>\u2014 Acabem amb una invitaci\u00f3 a la poblaci\u00f3 i visitants al fet que no es perden la Fira i Festes de Bunyol d&#8217;enguany?<\/strong><\/p>\n\n\n\n<p>\u2014 Clar, convide a tot el poble de Bunyol al fet que gaudisca de les nostres festes, que no es perden cap acte ja que estarem darrere la comissi\u00f3 de festes per a ajudar i treballar perqu\u00e8 tot quede perfecte. M&#8217;agradaria recalcar que les festes les fa el poble participant activament en tots els actes.<\/p>\n","protected":false},"excerpt":{"rendered":"<div class=\"mh-excerpt\">Sergio Galarza \u00e9s el regidor de Fira, Festes i Tomatina de l&#8217;Ajuntament de Bunyol, localitat que est\u00e0 a punt d&#8217;iniciar els dies grans de les seues festes patronals i les principals novetats de les quals <a class=\"mh-excerpt-more\" href=\"https:\/\/www.tucomarca.com\/wordpress\/segunda\/ca\/entrevista-sergio-galarza-les-festes-les-fa-el-poble-de-bunyol-participant-de-manera-activa-en-tots-els-actes\/\" title=\"Entrevista. Sergio Galarza: &#8220;Les festes les fa el poble de Bunyol participant de manera activa en tots els actes&#8221;\">[+] <\/a><\/div>\n","protected":false},"author":13,"featured_media":233718,"comment_status":"open","ping_status":"open","sticky":false,"template":"","format":"standard","meta":{"footnotes":""},"categories":[10911,10894,10912,11007,10896],"tags":[10913,12484,10914,21112],"class_list":{"0":"post-233722","1":"post","2":"type-post","3":"status-publish","4":"format-standard","5":"has-post-thumbnail","7":"category-bunol-ca","8":"category-la-comarca-ca","9":"category-la-hoya-ca","10":"category-ocio-y-cultura-ca","11":"category-seccion-ca","12":"tag-bunol-ca","13":"tag-feria-y-fiestas-bunol-ca","14":"tag-la-hoya-de-bunol-chiva-ca","15":"tag-sergio-galarza-asensio-ca"},"_links":{"self":[{"href":"https:\/\/www.tucomarca.com\/wordpress\/segunda\/ca\/wp-json\/wp\/v2\/posts\/233722","targetHints":{"allow":["GET"]}}],"collection":[{"href":"https:\/\/www.tucomarca.com\/wordpress\/segunda\/ca\/wp-json\/wp\/v2\/posts"}],"about":[{"href":"https:\/\/www.tucomarca.com\/wordpress\/segunda\/ca\/wp-json\/wp\/v2\/types\/post"}],"author":[{"embeddable":true,"href":"https:\/\/www.tucomarca.com\/wordpress\/segunda\/ca\/wp-json\/wp\/v2\/users\/13"}],"replies":[{"embeddable":true,"href":"https:\/\/www.tucomarca.com\/wordpress\/segunda\/ca\/wp-json\/wp\/v2\/comments?post=233722"}],"version-history":[{"count":0,"href":"https:\/\/www.tucomarca.com\/wordpress\/segunda\/ca\/wp-json\/wp\/v2\/posts\/233722\/revisions"}],"wp:featuredmedia":[{"embeddable":true,"href":"https:\/\/www.tucomarca.com\/wordpress\/segunda\/ca\/wp-json\/wp\/v2\/media\/233718"}],"wp:attachment":[{"href":"https:\/\/www.tucomarca.com\/wordpress\/segunda\/ca\/wp-json\/wp\/v2\/media?parent=233722"}],"wp:term":[{"taxonomy":"category","embeddable":true,"href":"https:\/\/www.tucomarca.com\/wordpress\/segunda\/ca\/wp-json\/wp\/v2\/categories?post=233722"},{"taxonomy":"post_tag","embeddable":true,"href":"https:\/\/www.tucomarca.com\/wordpress\/segunda\/ca\/wp-json\/wp\/v2\/tags?post=233722"}],"curies":[{"name":"wp","href":"https:\/\/api.w.org\/{rel}","templated":true}]}}