{"id":233732,"date":"2024-08-23T08:30:00","date_gmt":"2024-08-23T06:30:00","guid":{"rendered":"https:\/\/www.tucomarca.com\/wordpress\/segunda\/?p=233732"},"modified":"2024-08-23T14:11:47","modified_gmt":"2024-08-23T12:11:47","slug":"la-diputacio-de-valencia-blindara-les-dades-dels-ciutadans-de-la-provincia-en-el-nuvol-mes-segur-del-pais","status":"publish","type":"post","link":"https:\/\/www.tucomarca.com\/wordpress\/segunda\/ca\/la-diputacio-de-valencia-blindara-les-dades-dels-ciutadans-de-la-provincia-en-el-nuvol-mes-segur-del-pais\/","title":{"rendered":"La Diputaci\u00f3 de Val\u00e8ncia blindar\u00e0 les dades dels ciutadans de la prov\u00edncia en el n\u00favol m\u00e9s segur del pa\u00eds"},"content":{"rendered":"\n<h3 class=\"wp-block-heading\"><strong><strong>Els consistoris valencians disposaran d&#8217;un espai extern a les seues instal\u00b7lacions f\u00edsiques, en n\u00favol, per a guardar les c\u00f2pies de seguretat. L&#8217;emmagatzematge en territori nacional estalvia costos i temps de resposta<\/strong><\/strong>.<\/h3>\n\n\n\n<h3 class=\"wp-block-heading\"><strong><strong>L&#8217;\u00e0rea d&#8217;Innovaci\u00f3 que dirigix Juan Ram\u00f3n Adsuara facilitar\u00e0 el servici a tots els municipis de menys de 20.000 habitants, dins de la l\u00ednia d&#8217;impuls i ajuda per al compliment de l&#8217;Esquema Nacional de Seguretat<\/strong><\/strong>.<\/h3>\n\n\n\n<p>&nbsp;La Diputaci\u00f3 de Val\u00e8ncia blindar\u00e0 les dades dels ve\u00efns i ve\u00efnes de tots els municipis de la prov\u00edncia en el n\u00favol m\u00e9s segur del pa\u00eds, localitzat en territori nacional. La corporaci\u00f3 provincial inicia aix\u00ed el projecte DivalCloud dirigit a tots els ajuntaments de menys de 20.000 habitants, que permetr\u00e0 albergar les dades dels consistoris de la prov\u00edncia en un entorn extern a les seues instal\u00b7lacions, en n\u00favol, a trav\u00e9s de l&#8217;emmagatzematge de les c\u00f2pies de seguretat dels seus sistemes inform\u00e0tics.<\/p>\n\n\n\n<p>Aix\u00ed ho ha avan\u00e7at el diputat d&#8217;Innovaci\u00f3 i Administraci\u00f3 Electr\u00f2nica, Juan Ram\u00f3n Adsuara, qui ha explicat que la Diputaci\u00f3 ha adjudicat ja el servici licitat, assumint tots els costos de la nova ferramenta per a oferir una garantia de salvaguarda de la informaci\u00f3 que els ajuntaments disposen dels ciutadans que habiten el seu municipi.<\/p>\n\n\n\n<p>Adsuara recorda que una auditoria en mat\u00e8ria de seguretat i comunicacions recent ha detectat punts de millora en alguns ajuntaments. Un d&#8217;estos punts \u00e9s la gesti\u00f3 de les c\u00f2pies de seguretat, tan importants per a pal\u00b7liar els possibles efectes d&#8217;un ciberatac. Amb esta mesura es protegix tamb\u00e9 la pr\u00f2pia Diputaci\u00f3. El responsable d&#8217;Innovaci\u00f3 explica que s&#8217;ha fet un pas al capdavant per a \u201cresoldre possibles problemes i facilitar la soluci\u00f3 als ajuntaments, que ara disposaran d&#8217;espai complementari a les mesures que ja disposen per a emmagatzemar les seues dades en el n\u00favol, la qual cosa permetr\u00e0 recuperar la informaci\u00f3 en cas d&#8217;errors inform\u00e0tics, caiguda dels sistemes o altres causes\u201d.<\/p>\n\n\n\n<p><strong>Rapidesa de resposta<\/strong><\/p>\n\n\n\n<p>El servici, que no comporta un cost per als municipis, \u201cno sols \u00e9s una mesura necess\u00e0ria si no que garantix la rapidesa en la resposta davant possibles fallades per causes intencionades, o no, en els servicis que presten els ajuntaments als ciutadans\u201d, assenyala el responsable provincial d&#8217;Innovaci\u00f3. En paraules d\u2019Adsuara, \u201cen unificar el punt de magatzematge de les c\u00f2pies s&#8217;ha aconseguit una gran economia d&#8217;escala, ajudant els ajuntaments a complir un dels aspectes de l&#8217;Esquema Nacional de Seguretat i facilitant que estos no tinguen les seues dades disperses en l&#8217;ampli espectre del n\u00favol\u201d.<\/p>\n\n\n\n<p>Les dades estaran albergades en un centre operat per Telef\u00f3nica Infra, sent l&#8217;empresa Cloud101 el prove\u00efdor en este projecte. La mesura garantix un servici de m\u00e0xima qualitat, afermant la total seguretat f\u00edsica de les dades i la seua disponibilitat permanent.<\/p>\n\n\n\n<p>Juan Ram\u00f3n Adsuara emmarca el nou projecte de l&#8217;\u00e0rea d&#8217;Innovaci\u00f3 que dirigix en el full de ruta de la Diputaci\u00f3 per la digitalitzaci\u00f3 i la modernitzaci\u00f3 electr\u00f2nica dels municipis valencians. \u201c\u00c9s un repte del president Vicent Momp\u00f3 i de l&#8217;\u00e0rea d&#8217;Innovaci\u00f3 que al final de la present legislatura h\u00e0gem avan\u00e7at en el proc\u00e9s i millorat la vida de les persones a trav\u00e9s d&#8217;iniciatives com esta\u201d.<\/p>\n\n\n\n<p>Tamb\u00e9 s&#8217;estan emprenent accions, ha indicat el diputat provincial, en l&#8217;\u00e0mbit de projectes Smart Cities, que compta ja amb centenars d&#8217;actuacions dissenyades i realitzades pels ajuntaments amb l&#8217;ajuda i assessorament de la Diputaci\u00f3, totalment orientades cap als ciutadans.<\/p>\n\n\n\n<p>En l&#8217;\u00e0mbit de la gesti\u00f3 del padr\u00f3 municipal d&#8217;habitants als ajuntaments es comen\u00e7ar\u00e0, seguint les directrius establides per l&#8217;Institut Nacional d&#8217;Estad\u00edstica i amb l&#8217;ajuda de fons europeus, amb la revisi\u00f3 de les dades del territori de cada municipi, establint-se una vinculaci\u00f3 entre les dades del padr\u00f3 d&#8217;habitants i les dades dels habitatges arreplegats en el Cadastre. Esta iniciativa ajudar\u00e0 a situar correctament a les persones empadronades en cada municipi sobre els immobles arreplegats en el Cadastre, alhora que es depurar\u00e0 la informaci\u00f3 existent i es posar\u00e0 al servici dels ajuntaments en temps real.<\/p>\n","protected":false},"excerpt":{"rendered":"<div class=\"mh-excerpt\">Els consistoris valencians disposaran d&#8217;un espai extern a les seues instal\u00b7lacions f\u00edsiques, en n\u00favol, per a guardar les c\u00f2pies de seguretat. L&#8217;emmagatzematge en territori nacional estalvia costos i temps de resposta. L&#8217;\u00e0rea d&#8217;Innovaci\u00f3 que dirigix <a class=\"mh-excerpt-more\" href=\"https:\/\/www.tucomarca.com\/wordpress\/segunda\/ca\/la-diputacio-de-valencia-blindara-les-dades-dels-ciutadans-de-la-provincia-en-el-nuvol-mes-segur-del-pais\/\" title=\"La Diputaci\u00f3 de Val\u00e8ncia blindar\u00e0 les dades dels ciutadans de la prov\u00edncia en el n\u00favol m\u00e9s segur del pa\u00eds\">[+] <\/a><\/div>\n","protected":false},"author":12,"featured_media":233440,"comment_status":"open","ping_status":"open","sticky":false,"template":"","format":"standard","meta":{"footnotes":""},"categories":[10898,10948,10904,10947],"tags":[11199,21009],"class_list":{"0":"post-233732","1":"post","2":"type-post","3":"status-publish","4":"format-standard","5":"has-post-thumbnail","7":"category-ventana-ca","8":"category-infraestructuras-ca","9":"category-sin-categorizar-ca","10":"category-politica","11":"tag-la-comunitat-ca","12":"tag-la-diputacio-de-valencia-ca"},"_links":{"self":[{"href":"https:\/\/www.tucomarca.com\/wordpress\/segunda\/ca\/wp-json\/wp\/v2\/posts\/233732","targetHints":{"allow":["GET"]}}],"collection":[{"href":"https:\/\/www.tucomarca.com\/wordpress\/segunda\/ca\/wp-json\/wp\/v2\/posts"}],"about":[{"href":"https:\/\/www.tucomarca.com\/wordpress\/segunda\/ca\/wp-json\/wp\/v2\/types\/post"}],"author":[{"embeddable":true,"href":"https:\/\/www.tucomarca.com\/wordpress\/segunda\/ca\/wp-json\/wp\/v2\/users\/12"}],"replies":[{"embeddable":true,"href":"https:\/\/www.tucomarca.com\/wordpress\/segunda\/ca\/wp-json\/wp\/v2\/comments?post=233732"}],"version-history":[{"count":0,"href":"https:\/\/www.tucomarca.com\/wordpress\/segunda\/ca\/wp-json\/wp\/v2\/posts\/233732\/revisions"}],"wp:featuredmedia":[{"embeddable":true,"href":"https:\/\/www.tucomarca.com\/wordpress\/segunda\/ca\/wp-json\/wp\/v2\/media\/233440"}],"wp:attachment":[{"href":"https:\/\/www.tucomarca.com\/wordpress\/segunda\/ca\/wp-json\/wp\/v2\/media?parent=233732"}],"wp:term":[{"taxonomy":"category","embeddable":true,"href":"https:\/\/www.tucomarca.com\/wordpress\/segunda\/ca\/wp-json\/wp\/v2\/categories?post=233732"},{"taxonomy":"post_tag","embeddable":true,"href":"https:\/\/www.tucomarca.com\/wordpress\/segunda\/ca\/wp-json\/wp\/v2\/tags?post=233732"}],"curies":[{"name":"wp","href":"https:\/\/api.w.org\/{rel}","templated":true}]}}