{"id":233865,"date":"2024-08-23T07:30:00","date_gmt":"2024-08-23T05:30:00","guid":{"rendered":"https:\/\/www.tucomarca.com\/wordpress\/segunda\/?p=233865"},"modified":"2024-08-23T14:36:24","modified_gmt":"2024-08-23T12:36:24","slug":"opinio-a-boca-de-cano-el-temps-constreny-per-joseh-larrazabal","status":"publish","type":"post","link":"https:\/\/www.tucomarca.com\/wordpress\/segunda\/ca\/opinio-a-boca-de-cano-el-temps-constreny-per-joseh-larrazabal\/","title":{"rendered":"Opini\u00f3. A boca de can\u00f3: \u00abEl temps constreny\u00bb, per J\u00f3seh Larraz\u00e1bal"},"content":{"rendered":"\n<p>Dels 10 anys que porta Lim en el club, portem ja uns quants debatent i discrepant sobre la gesti\u00f3 de Lim en el club. No ens posem d&#8217;acord.<br>Hi ha diverses l\u00ednies d&#8217;opini\u00f3 en el Valencianisme.<br>Vegem.<\/p>\n\n\n<div class=\"wp-block-image\">\n<figure class=\"alignleft size-full is-resized\"><img loading=\"lazy\" decoding=\"async\" width=\"279\" height=\"280\" src=\"http:\/\/www.tucomarca.com\/wordpress\/segunda\/wp-content\/uploads\/2024\/01\/Larrazabalnueva.jpg\" alt=\"\" class=\"wp-image-208146\" style=\"width:248px;height:auto\"\/><\/figure>\n<\/div>\n\n\n<p>PRIMERA L\u00cdNIA D&#8217;OPINI\u00d3<br>Uns, els m\u00e9s ambiciosos i animosos, volem tirar a Lim i hem pres les nostres mesures com: no traure la passada, no anar a Mestalla, no comprar en botigues oficials, fins i tot no veure a l&#8217;equip ni per la TV (o molt poc).<br>Som els que pensem que la hist\u00f2ria del Val\u00e8ncia situa a l&#8217;equip a dalt i &#8220;barallant pels t\u00edtols&#8221;.<br>Ens fa feredat veure com qualsevol fitxatge de mig p\u00e8l il\u00b7lusiona a molts.<br>Som els que pensem que instal\u00b7lar-se a la meitat de taula i no jugar a Europa, em referisc a Champions, \u00e9s un frac\u00e0s.<br>Som els que, ho diguem o ho ocultem, opinem que Lim nom\u00e9s s&#8217;anir\u00e0 si perd diners i els camins s\u00f3n els que hem dit moltes i ja hem esmentat anteriorment. Som els que pensem que tot t\u00e9 un L\u00edmit i que amb el nostre orgull i sentiments no juga ning\u00fa, &#8220;abans mort que viure de genolls&#8221;.<br>Som els que pensem que els mitjans de comunicaci\u00f3 Valencianistes? van a la seua conveni\u00e8ncia i manipulen a una gran part d&#8217;aquesta afici\u00f3 molt f\u00e0cil, i com a bons valencians, Meninfots.<br>Som els que v\u00edctimes del desagafe i la desafecci\u00f3 a la qual ens ha portat Lim perdem l&#8217;inter\u00e9s pel que ocorre en VCLIM i el seu entorn (el reconeguem o no)<br>Som els que pensem que el NOU ESTADI no s&#8217;acabar\u00e0 mai, almenys mentre estiga Lim als comandaments d&#8217;aquest club.<br>Som els que pensem que als pol\u00edtics no els importa un \u00e0pex el vcf, nom\u00e9s fan el que els conv\u00e9 als seus interessos pol\u00edtics i personals.<br>En fi, nosaltres, els que ens situem en aquesta l\u00ednia, som tots aix\u00f2 i algunes coses m\u00e9s que preferisc ometre.<\/p>\n\n\n\n<p>SEGONA L\u00cdNIA D&#8217;OPINI\u00d3<br>D&#8217;altra banda hi ha una gran part de l&#8217;afici\u00f3 que opinen de manera molt diferent.Van a Mestalla es trauen l&#8217;abonament o l&#8217;entrada i l&#8217;omplin. Tamb\u00e9 contribueixen als 9 milions nets de guanys que les botigues oficials proporcionen a Lim.<br>Volen que es vaja el Singapur\u00e9s, no tots, per\u00f2 no prenen cap mesura perqu\u00e8 aix\u00f2 succe\u00efsca.<br>Es van deixant manejar i sense adonar-se van assumint la situaci\u00f3 actual com a normal, &#8220;aix\u00f2 \u00e9s el que hi ha&#8221;.<br>Els fa il\u00b7lusi\u00f3 qualsevol fitxatge de mig p\u00e8l, i es donen per satisfets amb qu\u00e8 el vcf no baixe a segona o es posicione a la meitat de taula. A m\u00e9s celebrarien amb &#8220;catifa roja&#8221;que el vcf quedara 7\u00e9 i jugara eixa competici\u00f3, tercera division europea, anomenada CONFERENCE LEAGUE.<br>Acceptarien i compartirien de bon grat que els mitjans de comunicaci\u00f3, de manera interessada, publicaren a so de bombo i platerets que el VCF es fica a Europa\u2026<\/p>\n\n\n\n<p>ELS QUI CONFORMEN L&#8217;AFICI\u00d3 DEL VCF ARA COM ARA?<br>Perqu\u00e8 una gran part d&#8217;ells s\u00f3n els semi-adolescents adolescents que ocupen la graderia d&#8217;animaci\u00f3 i segueixen amb els seus c\u00e0ntics de sempre pensant que ajuden a l&#8217;equip, per\u00f2 qu\u00e8 passa amb Lim? doncs que blanquegen la seua imatge i la seua gesti\u00f3. Un punt de l&#8217;equip \u00e9s un punt positiu per al caseller de Lim i la seua nefasta vinculaci\u00f3 amb el club.<br>Tamb\u00e9 estan els que van al futbol a passar la #vesprada amb la senyora i els-les #xiquet, a berenar i a lluir bufanda o gorrita vcf.<br>Despr\u00e9s estan els de sempre, els veterans que porten molts anys anant a Mestalla i es trauen la passada caiga qui caiga.<br>Benvinguda siga tamb\u00e9 la incorporaci\u00f3 de la dona al m\u00f3n del futbol. #Ac\u00ed estan, formant part de l&#8217;afici\u00f3 del VCF i d&#8217;algunes de les l\u00ednies d&#8217;opini\u00f3 esmentades anteriorment.<br>Si es guanya al Madrid o Barcelona, uffffff! Lim \u00e9s un crack i ja tenim la temporada feta. Desgraciadament est\u00e0 ha sigut una de les l\u00ednies d&#8217;opini\u00f3 dels aficionats durant molts anys.<br>No sempre han existit eixos que volen o volem que el vcf competisca en el m\u00e9s alt per tots els t\u00edtols. Aclarisc que &#8220;competir&#8221; no \u00e9s tindre l&#8217;obligaci\u00f3 de guanyar, com uns altres, per pressupost, per\u00f2 si que ha de ser l&#8217;objectiu inicial d&#8217;un gran Val\u00e8ncia.<br>No parlem d&#8217;eixos moments de bogeria si es guanya la Copa del Rei encara que els rivals que han quedat el cam\u00ed siguen de riure. En eixos casos s&#8217;oblida tot i es pensa que Lim no ho fa tan malament.<br>En fi\u2026 \u00e9s el que hi ha.<br>Nom\u00e9s esmentar l&#8217;associaci\u00f3 LLIBERTAT VCF, que continua fent el que pot, encara que la garrotada que ens emportem tots quan es va convocar el &#8220;buidatge de Mestalla&#8221; fa uns mesos va ser de categoria, anem, per a tirar la tovallola i enviar als 40.000 que van entrar a Mestalla, i a &#8220;els mitjans de manipulaci\u00f3&#8221;, que no de comunicaci\u00f3, que van enaltir eixa actitud, a un lloc que no vull esmentar per educaci\u00f3.<br>No afluixeu, sou l&#8217;\u00fanica cosa que ens queda per a no deixar al vcf abandonat a la seua sort.<br>Molts sobrevivim entre el que ens diu el cap i el que ens dicta el cor.<br>De moment seguim en la lluita, per\u00f2\u2026 fins quan?<br>El temps passa r\u00e0pid, i la decepci\u00f3 \u00e9s dolenta companya de viatge.<\/p>\n","protected":false},"excerpt":{"rendered":"<div class=\"mh-excerpt\">Dels 10 anys que porta Lim en el club, portem ja uns quants debatent i discrepant sobre la gesti\u00f3 de Lim en el club. No ens posem d&#8217;acord.Hi ha diverses l\u00ednies d&#8217;opini\u00f3 en el Valencianisme.Vegem. <a class=\"mh-excerpt-more\" href=\"https:\/\/www.tucomarca.com\/wordpress\/segunda\/ca\/opinio-a-boca-de-cano-el-temps-constreny-per-joseh-larrazabal\/\" title=\"Opini\u00f3. A boca de can\u00f3: \u00abEl temps constreny\u00bb, per J\u00f3seh Larraz\u00e1bal\">[+] <\/a><\/div>\n","protected":false},"author":13,"featured_media":208147,"comment_status":"open","ping_status":"open","sticky":false,"template":"","format":"standard","meta":{"footnotes":""},"categories":[11014,11003,11021,10896],"tags":[15481,12606],"class_list":{"0":"post-233865","1":"post","2":"type-post","3":"status-publish","4":"format-standard","5":"has-post-thumbnail","7":"category-canal-valencia-cf-ca","8":"category-sports","9":"category-opinion-ca-2","10":"category-seccion-ca","11":"tag-joseh-larrazabal-ca","12":"tag-valencia-cf-ca"},"_links":{"self":[{"href":"https:\/\/www.tucomarca.com\/wordpress\/segunda\/ca\/wp-json\/wp\/v2\/posts\/233865","targetHints":{"allow":["GET"]}}],"collection":[{"href":"https:\/\/www.tucomarca.com\/wordpress\/segunda\/ca\/wp-json\/wp\/v2\/posts"}],"about":[{"href":"https:\/\/www.tucomarca.com\/wordpress\/segunda\/ca\/wp-json\/wp\/v2\/types\/post"}],"author":[{"embeddable":true,"href":"https:\/\/www.tucomarca.com\/wordpress\/segunda\/ca\/wp-json\/wp\/v2\/users\/13"}],"replies":[{"embeddable":true,"href":"https:\/\/www.tucomarca.com\/wordpress\/segunda\/ca\/wp-json\/wp\/v2\/comments?post=233865"}],"version-history":[{"count":0,"href":"https:\/\/www.tucomarca.com\/wordpress\/segunda\/ca\/wp-json\/wp\/v2\/posts\/233865\/revisions"}],"wp:featuredmedia":[{"embeddable":true,"href":"https:\/\/www.tucomarca.com\/wordpress\/segunda\/ca\/wp-json\/wp\/v2\/media\/208147"}],"wp:attachment":[{"href":"https:\/\/www.tucomarca.com\/wordpress\/segunda\/ca\/wp-json\/wp\/v2\/media?parent=233865"}],"wp:term":[{"taxonomy":"category","embeddable":true,"href":"https:\/\/www.tucomarca.com\/wordpress\/segunda\/ca\/wp-json\/wp\/v2\/categories?post=233865"},{"taxonomy":"post_tag","embeddable":true,"href":"https:\/\/www.tucomarca.com\/wordpress\/segunda\/ca\/wp-json\/wp\/v2\/tags?post=233865"}],"curies":[{"name":"wp","href":"https:\/\/api.w.org\/{rel}","templated":true}]}}