{"id":234197,"date":"2024-08-25T09:00:00","date_gmt":"2024-08-25T07:00:00","guid":{"rendered":"https:\/\/www.tucomarca.com\/wordpress\/segunda\/?p=234197"},"modified":"2024-08-26T16:01:03","modified_gmt":"2024-08-26T14:01:03","slug":"riba-roja-de-turia-aconsegueix-el-record-dafiliacions-a-la-seguretat-social-amb-20-668-treballadors-al-maig-en-la-localitat-despres-de-rebaixar-en-107-persones-la-taxa-datur-des-de-gener","status":"publish","type":"post","link":"https:\/\/www.tucomarca.com\/wordpress\/segunda\/ca\/riba-roja-de-turia-aconsegueix-el-record-dafiliacions-a-la-seguretat-social-amb-20-668-treballadors-al-maig-en-la-localitat-despres-de-rebaixar-en-107-persones-la-taxa-datur-des-de-gener\/","title":{"rendered":"Riba-roja de T\u00faria aconsegueix el r\u00e8cord d&#8217;afiliacions a la Seguretat Social amb 20.668 treballadors al maig en la localitat despr\u00e9s de rebaixar en 107 persones la taxa d&#8217;atur des de gener"},"content":{"rendered":"\n<h3 class=\"wp-block-heading\"><strong>Els afiliats en el r\u00e8gim general s&#8217;incrementen en quasi 200 empleats en l&#8217;\u00faltim mes mentre que els aut\u00f2noms es consoliden en 1.817 afiliats<\/strong>.<\/h3>\n\n\n\n<p>Les estad\u00edstiques publicades per la Seguretat Social han revelat un augment de les afiliacions a Riba-roja de T\u00faria fins a aconseguir les 20.668 persones en situaci\u00f3 d&#8217;ocupaci\u00f3 al maig passada en el terme municipal. Les dades d&#8217;afiliacions completen a les xifres que s&#8217;han conegut recentment sobre la taxa d&#8217;atur en la localitat, que s&#8217;ha redu\u00eft en altres 107 persones des de gener a juny d&#8217;aquest mateix any.<\/p>\n\n\n\n<p>La tend\u00e8ncia positiva dels afiliats es reflecteix al llarg del present any a Riba-roja de T\u00faria amb un increment de fins a quasi un 3% entre gener i maig en passar dels 20.072 als 20.668 afiliats entre tots dos per\u00edodes de temps, \u00e9s a dir, un augment de 596 treballadors. L&#8217;augment es trasllada en la majoria dels r\u00e8gims establits en l&#8217;afiliaci\u00f3, especialment en el d&#8217;aut\u00f2noms com en el general.&nbsp;<\/p>\n\n\n\n<p>El r\u00e8gim genera \u00e9s el que ha experimentat un major increment en els \u00faltims mesos amb prop de 600 persones m\u00e9s entre gener i maig, que passa dels 18.078 afiliats als 18.669 afiliats actuals. Per part seua, en el r\u00e8gim dels aut\u00f2noms es produeix un altre increment en aquest per\u00edode, amb 22 m\u00e9s entre gener i maig, en passar dels 1.795 als 1.817 aut\u00f2noms registrats actualment.&nbsp;<\/p>\n\n\n\n<p>Quant als afiliats comptabilitzats en el r\u00e8gim agrari i en les ocupacions de la llar es mantenen en xifres molt estables i similars al llarg dels \u00faltims mesos. En el r\u00e8gim agrari han passat de 91 a 79 afiliats entre gener i maig, amb un pic registrat al mar\u00e7 en aconseguir els 102 afiliats. Per part seua, en el r\u00e8gim d&#8217;empleats de llar han passat de 108 a 102 afiliats en el mateix per\u00edode de temps.&nbsp;<\/p>\n\n\n\n<p>No obstant aix\u00f2, el per\u00edode compr\u00e9s entre febrer i mar\u00e7 d&#8217;enguany \u00e9s en el qual cristal\u00b7litza amb major rotunditat l&#8217;increment dels afiliats, en passar dels 20.072 registrats al gener als 20.418 afiliats al mar\u00e7, amb 346 m\u00e9s entre tots dos per\u00edodes de temps. En el r\u00e8gim general se segueix la mateixa tend\u00e8ncia, de 18.078 a 18.405 afiliats i en el r\u00e8gim general igual, dels 1.795 als 1.802 afiliats.&nbsp;<\/p>\n\n\n\n<p>Una retrospectiva hist\u00f2rica en l&#8217;afiliaci\u00f3 a la Seguretat Social a Riba-roja de T\u00faria constata la l\u00ednia que s&#8217;ha seguit al llarg dels tres \u00faltims lustres, amb increments de fins a 7.533 treballadors entre maig de l&#8217;any 2009 i maig de passat amb altres 20.668 persones en situaci\u00f3 activa. En el r\u00e8gim general l&#8217;augment passa de 11.471 a 18.699 afiliats, \u00e9s a dir, 7.198 afiliats entre tots dos per\u00edodes, mentre que els corresponents al r\u00e8gim d&#8217;aut\u00f2noms passa de 1.457 a 1.817 afiliats, \u00e9s a dir, 360 m\u00e9s.&nbsp;<\/p>\n\n\n\n<p>Les xifres d&#8217;afiliats a la Seguretat Social a Riba-roja de T\u00faria segueixen la mateixa l\u00ednia que l&#8217;es dibuixa en la resta de la Comunitat Valenciana, amb un increment de 6.879 persones registrades en l&#8217;\u00faltim mes. En l&#8217;actualitat, les persones que cotitzen en l&#8217;\u00e0mbit valenci\u00e0 augmenten fins als 2\u201915 milions en total, mentre que en la resta d&#8217;Espanya s&#8217;incrementen, tamb\u00e9, fins als 21\u201939 milions, despr\u00e9s dels 71.095 registrats m\u00e9s.&nbsp;<\/p>\n\n\n\n<p>Finalment, cal destacar les dades positives que s&#8217;han aconseguit, tamb\u00e9, en la contractaci\u00f3 laboral a Riba-roja de T\u00faria, especialment al llarg del present any, amb un total de 1.410 contractacions al juny passat enfront dels 1.145 contractes que es van comptabilitzar al gener passat, 599 m\u00e9s entre tots dos mesos. El sector dels serveis \u00e9s el que va concentrar major nombre de contractes amb 1.009 en total, a m\u00e9s dels 368 en la ind\u00fastria.&nbsp;<\/p>\n\n\n\n<p>L&#8217;alcalde de Riba-roja de T\u00faria, Robert Raga, ha subratllat que aquestes dades conegudes en afiliats de treballadors a la Seguretat Social \u201cmarquen clarament una tend\u00e8ncia positiva experimentada en el nostre municipi, no sols al llarg d&#8217;enguany sin\u00f3, especialment, al llarg dels \u00faltims quinze anys, amb augments notables entre el r\u00e8gim general i, tamb\u00e9, entre els aut\u00f2noms i emprenedors, la qual cosa suposa un esper\u00f3 per a seguir la mateixa l\u00ednia de treball i obstinaci\u00f3 des de l&#8217;equip de govern en el suport a tot el nostre teixit productiu\u201d.<\/p>\n\n\n\n<figure class=\"wp-block-gallery has-nested-images columns-default is-cropped wp-block-gallery-1 is-layout-flex wp-block-gallery-is-layout-flex\">\n<figure class=\"wp-block-image size-large\"><img loading=\"lazy\" decoding=\"async\" width=\"1024\" height=\"768\" data-id=\"234190\" src=\"https:\/\/www.tucomarca.com\/wordpress\/segunda\/wp-content\/uploads\/2024\/08\/RibarrojaAfliliados02.jpg\" alt=\"\" class=\"wp-image-234190\" srcset=\"https:\/\/www.tucomarca.com\/wordpress\/segunda\/wp-content\/uploads\/2024\/08\/RibarrojaAfliliados02.jpg 1024w, https:\/\/www.tucomarca.com\/wordpress\/segunda\/wp-content\/uploads\/2024\/08\/RibarrojaAfliliados02-300x225.jpg 300w, https:\/\/www.tucomarca.com\/wordpress\/segunda\/wp-content\/uploads\/2024\/08\/RibarrojaAfliliados02-768x576.jpg 768w, https:\/\/www.tucomarca.com\/wordpress\/segunda\/wp-content\/uploads\/2024\/08\/RibarrojaAfliliados02-678x509.jpg 678w, https:\/\/www.tucomarca.com\/wordpress\/segunda\/wp-content\/uploads\/2024\/08\/RibarrojaAfliliados02-326x245.jpg 326w, https:\/\/www.tucomarca.com\/wordpress\/segunda\/wp-content\/uploads\/2024\/08\/RibarrojaAfliliados02-80x60.jpg 80w\" sizes=\"auto, (max-width: 1024px) 100vw, 1024px\" \/><\/figure>\n\n\n\n<figure class=\"wp-block-image size-large\"><img loading=\"lazy\" decoding=\"async\" width=\"1024\" height=\"768\" data-id=\"234192\" src=\"https:\/\/www.tucomarca.com\/wordpress\/segunda\/wp-content\/uploads\/2024\/08\/RibarrojaAfliliados03.jpg\" alt=\"\" class=\"wp-image-234192\" srcset=\"https:\/\/www.tucomarca.com\/wordpress\/segunda\/wp-content\/uploads\/2024\/08\/RibarrojaAfliliados03.jpg 1024w, https:\/\/www.tucomarca.com\/wordpress\/segunda\/wp-content\/uploads\/2024\/08\/RibarrojaAfliliados03-300x225.jpg 300w, https:\/\/www.tucomarca.com\/wordpress\/segunda\/wp-content\/uploads\/2024\/08\/RibarrojaAfliliados03-768x576.jpg 768w, https:\/\/www.tucomarca.com\/wordpress\/segunda\/wp-content\/uploads\/2024\/08\/RibarrojaAfliliados03-678x509.jpg 678w, https:\/\/www.tucomarca.com\/wordpress\/segunda\/wp-content\/uploads\/2024\/08\/RibarrojaAfliliados03-326x245.jpg 326w, https:\/\/www.tucomarca.com\/wordpress\/segunda\/wp-content\/uploads\/2024\/08\/RibarrojaAfliliados03-80x60.jpg 80w\" sizes=\"auto, (max-width: 1024px) 100vw, 1024px\" \/><\/figure>\n\n\n\n<figure class=\"wp-block-image size-large\"><img loading=\"lazy\" decoding=\"async\" width=\"1024\" height=\"768\" data-id=\"234194\" src=\"https:\/\/www.tucomarca.com\/wordpress\/segunda\/wp-content\/uploads\/2024\/08\/RibarrojaAfliliados04.jpg\" alt=\"\" class=\"wp-image-234194\" srcset=\"https:\/\/www.tucomarca.com\/wordpress\/segunda\/wp-content\/uploads\/2024\/08\/RibarrojaAfliliados04.jpg 1024w, https:\/\/www.tucomarca.com\/wordpress\/segunda\/wp-content\/uploads\/2024\/08\/RibarrojaAfliliados04-300x225.jpg 300w, https:\/\/www.tucomarca.com\/wordpress\/segunda\/wp-content\/uploads\/2024\/08\/RibarrojaAfliliados04-768x576.jpg 768w, https:\/\/www.tucomarca.com\/wordpress\/segunda\/wp-content\/uploads\/2024\/08\/RibarrojaAfliliados04-678x509.jpg 678w, https:\/\/www.tucomarca.com\/wordpress\/segunda\/wp-content\/uploads\/2024\/08\/RibarrojaAfliliados04-326x245.jpg 326w, https:\/\/www.tucomarca.com\/wordpress\/segunda\/wp-content\/uploads\/2024\/08\/RibarrojaAfliliados04-80x60.jpg 80w\" sizes=\"auto, (max-width: 1024px) 100vw, 1024px\" \/><\/figure>\n<\/figure>\n","protected":false},"excerpt":{"rendered":"<div class=\"mh-excerpt\">Els afiliats en el r\u00e8gim general s&#8217;incrementen en quasi 200 empleats en l&#8217;\u00faltim mes mentre que els aut\u00f2noms es consoliden en 1.817 afiliats. Les estad\u00edstiques publicades per la Seguretat Social han revelat un augment de <a class=\"mh-excerpt-more\" href=\"https:\/\/www.tucomarca.com\/wordpress\/segunda\/ca\/riba-roja-de-turia-aconsegueix-el-record-dafiliacions-a-la-seguretat-social-amb-20-668-treballadors-al-maig-en-la-localitat-despres-de-rebaixar-en-107-persones-la-taxa-datur-des-de-gener\/\" title=\"Riba-roja de T\u00faria aconsegueix el r\u00e8cord d&#8217;afiliacions a la Seguretat Social amb 20.668 treballadors al maig en la localitat despr\u00e9s de rebaixar en 107 persones la taxa d&#8217;atur des de gener\">[+] <\/a><\/div>\n","protected":false},"author":13,"featured_media":234189,"comment_status":"open","ping_status":"open","sticky":false,"template":"","format":"standard","meta":{"footnotes":""},"categories":[10892,10948,10894,10947,10906,10896],"tags":[10899,11140,11102],"class_list":{"0":"post-234197","1":"post","2":"type-post","3":"status-publish","4":"format-standard","5":"has-post-thumbnail","7":"category-camp-de-turia-ca","8":"category-infraestructuras-ca","9":"category-la-comarca-ca","10":"category-politica","11":"category-riba-roja-ca","12":"category-seccion-ca","13":"tag-camp-de-turia-ca","14":"tag-politica-ca","15":"tag-riba-roja-2-ca"},"_links":{"self":[{"href":"https:\/\/www.tucomarca.com\/wordpress\/segunda\/ca\/wp-json\/wp\/v2\/posts\/234197","targetHints":{"allow":["GET"]}}],"collection":[{"href":"https:\/\/www.tucomarca.com\/wordpress\/segunda\/ca\/wp-json\/wp\/v2\/posts"}],"about":[{"href":"https:\/\/www.tucomarca.com\/wordpress\/segunda\/ca\/wp-json\/wp\/v2\/types\/post"}],"author":[{"embeddable":true,"href":"https:\/\/www.tucomarca.com\/wordpress\/segunda\/ca\/wp-json\/wp\/v2\/users\/13"}],"replies":[{"embeddable":true,"href":"https:\/\/www.tucomarca.com\/wordpress\/segunda\/ca\/wp-json\/wp\/v2\/comments?post=234197"}],"version-history":[{"count":0,"href":"https:\/\/www.tucomarca.com\/wordpress\/segunda\/ca\/wp-json\/wp\/v2\/posts\/234197\/revisions"}],"wp:featuredmedia":[{"embeddable":true,"href":"https:\/\/www.tucomarca.com\/wordpress\/segunda\/ca\/wp-json\/wp\/v2\/media\/234189"}],"wp:attachment":[{"href":"https:\/\/www.tucomarca.com\/wordpress\/segunda\/ca\/wp-json\/wp\/v2\/media?parent=234197"}],"wp:term":[{"taxonomy":"category","embeddable":true,"href":"https:\/\/www.tucomarca.com\/wordpress\/segunda\/ca\/wp-json\/wp\/v2\/categories?post=234197"},{"taxonomy":"post_tag","embeddable":true,"href":"https:\/\/www.tucomarca.com\/wordpress\/segunda\/ca\/wp-json\/wp\/v2\/tags?post=234197"}],"curies":[{"name":"wp","href":"https:\/\/api.w.org\/{rel}","templated":true}]}}