{"id":234799,"date":"2024-08-30T09:00:00","date_gmt":"2024-08-30T07:00:00","guid":{"rendered":"https:\/\/www.tucomarca.com\/wordpress\/segunda\/?p=234799"},"modified":"2024-08-30T12:51:50","modified_gmt":"2024-08-30T10:51:50","slug":"benaguasil-dona-inici-a-les-seues-festes-patronals-que-es-prolongaran-fins-al-28-de-septembre","status":"publish","type":"post","link":"https:\/\/www.tucomarca.com\/wordpress\/segunda\/ca\/benaguasil-dona-inici-a-les-seues-festes-patronals-que-es-prolongaran-fins-al-28-de-septembre\/","title":{"rendered":"Benaguasil dona inici a les seues Festes Patronals que es prolongaran fins al 28 de septembre"},"content":{"rendered":"\n<h3 class=\"wp-block-heading\">La Presentaci\u00f3 obrir\u00e0 aquesta nit la programaci\u00f3 de les festes en honor a la Verge de Montiel.<\/h3>\n\n\n\n<h3 class=\"wp-block-heading\">Es prolongaran fins al 28 de setembre i comptaran amb un ampli i variat programa dirigit a tots els sectors de la poblaci\u00f3.<\/h3>\n\n\n\n<p>Benaguasil dona hui el tret d&#8217;eixida a les seues festes patronals dedicades a la Verge de Montiel i a Sant Llu\u00eds Gonzaga amb la Presentaci\u00f3 aquesta nit de la Reina de les Festes, Daniela Gil i el Lluis Major, Iv\u00e1n Real.<\/p>\n\n\n\n<p>L&#8217;Ajuntament, juntament amb la clav\u00e0ria de la Verge de Montiel i les confraries, ha preparat una extensa i variada programaci\u00f3, amb actes culturals, populars i religiosos.<\/p>\n\n\n\n<p>En l&#8217;aspecte festiu, la programaci\u00f3 l\u00fadica comptar\u00e0 amb l&#8217;actuaci\u00f3 de l&#8217;orquestra \u201cLa Festa\u201d, el musical infantil &#8220;El llibre de la selva\u201d, l&#8217;espectacle \u201cSkandalo\u201d, i els tributs a Queen i Luis Miguel. A ells se sumen el tradicional sopar de cinquenes, la festa de les paelles, la nit del rock i macrodiscom\u00f3viles amb els DJ\u2019s Del Port, Axel Gim\u00e9nez, Rafa Marco i Adri\u00e1n Arru\u00e9.<\/p>\n\n\n\n<p>El programa tamb\u00e9 inclou tallers per als m\u00e9s xicotets, la partida de Pilota, el campionat de truc i botifarra, els festejos taurins, el concert de la Uni\u00f3 Musical, el sopar solidari contra el c\u00e0ncer i la carrera Popular Licitada a la Montieleta.<\/p>\n\n\n\n<p>Respecte als actes lit\u00fargics aquests comen\u00e7aran el dia 7 de setembre amb la romeria de baixada de la Patrona que ser\u00e0 acompanyada per centenars de ve\u00efns i visitants fins a la seua arribada a la localitat. Tamb\u00e9 durant els dies 8, 9 i 14 es realitzaran tota una s\u00e8rie d&#8217;activitats religioses com ara les processons i misses en les quals, any rere any, els benaguasileros mostren el fervor a la Verge de Montiel.<\/p>\n\n\n\n<p>&nbsp;La pujada de la Verge al santuari el dia 22 suposar\u00e0 el punt i final de les festes religioses.<\/p>\n","protected":false},"excerpt":{"rendered":"<div class=\"mh-excerpt\">La Presentaci\u00f3 obrir\u00e0 aquesta nit la programaci\u00f3 de les festes en honor a la Verge de Montiel. Es prolongaran fins al 28 de setembre i comptaran amb un ampli i variat programa dirigit a tots <a class=\"mh-excerpt-more\" href=\"https:\/\/www.tucomarca.com\/wordpress\/segunda\/ca\/benaguasil-dona-inici-a-les-seues-festes-patronals-que-es-prolongaran-fins-al-28-de-septembre\/\" title=\"Benaguasil dona inici a les seues Festes Patronals que es prolongaran fins al 28 de septembre\">[+] <\/a><\/div>\n","protected":false},"author":13,"featured_media":234797,"comment_status":"open","ping_status":"open","sticky":false,"template":"","format":"standard","meta":{"footnotes":""},"categories":[11019,10952,10892,10894,11007,10896],"tags":[11136,10899,21125,15856],"class_list":{"0":"post-234799","1":"post","2":"type-post","3":"status-publish","4":"format-standard","5":"has-post-thumbnail","7":"category-agenda-ca","8":"category-benaguasil-ca","9":"category-camp-de-turia-ca","10":"category-la-comarca-ca","11":"category-ocio-y-cultura-ca","12":"category-seccion-ca","13":"tag-benaguasil-ca","14":"tag-camp-de-turia-ca","15":"tag-fiestas-patronales-de-benaguasil-ca","16":"tag-ocio-y-cultura-ca"},"_links":{"self":[{"href":"https:\/\/www.tucomarca.com\/wordpress\/segunda\/ca\/wp-json\/wp\/v2\/posts\/234799","targetHints":{"allow":["GET"]}}],"collection":[{"href":"https:\/\/www.tucomarca.com\/wordpress\/segunda\/ca\/wp-json\/wp\/v2\/posts"}],"about":[{"href":"https:\/\/www.tucomarca.com\/wordpress\/segunda\/ca\/wp-json\/wp\/v2\/types\/post"}],"author":[{"embeddable":true,"href":"https:\/\/www.tucomarca.com\/wordpress\/segunda\/ca\/wp-json\/wp\/v2\/users\/13"}],"replies":[{"embeddable":true,"href":"https:\/\/www.tucomarca.com\/wordpress\/segunda\/ca\/wp-json\/wp\/v2\/comments?post=234799"}],"version-history":[{"count":0,"href":"https:\/\/www.tucomarca.com\/wordpress\/segunda\/ca\/wp-json\/wp\/v2\/posts\/234799\/revisions"}],"wp:featuredmedia":[{"embeddable":true,"href":"https:\/\/www.tucomarca.com\/wordpress\/segunda\/ca\/wp-json\/wp\/v2\/media\/234797"}],"wp:attachment":[{"href":"https:\/\/www.tucomarca.com\/wordpress\/segunda\/ca\/wp-json\/wp\/v2\/media?parent=234799"}],"wp:term":[{"taxonomy":"category","embeddable":true,"href":"https:\/\/www.tucomarca.com\/wordpress\/segunda\/ca\/wp-json\/wp\/v2\/categories?post=234799"},{"taxonomy":"post_tag","embeddable":true,"href":"https:\/\/www.tucomarca.com\/wordpress\/segunda\/ca\/wp-json\/wp\/v2\/tags?post=234799"}],"curies":[{"name":"wp","href":"https:\/\/api.w.org\/{rel}","templated":true}]}}