{"id":235540,"date":"2024-09-03T12:00:00","date_gmt":"2024-09-03T10:00:00","guid":{"rendered":"https:\/\/www.tucomarca.com\/wordpress\/segunda\/?p=235540"},"modified":"2024-09-03T18:48:31","modified_gmt":"2024-09-03T16:48:31","slug":"javier-ballester-campio-en-la-categoria-de-dobles-en-el-torneig-internacional-de-tennis-europe-sub-14-juan-fuster-zaragoza-a-benidorm","status":"publish","type":"post","link":"https:\/\/www.tucomarca.com\/wordpress\/segunda\/ca\/javier-ballester-campio-en-la-categoria-de-dobles-en-el-torneig-internacional-de-tennis-europe-sub-14-juan-fuster-zaragoza-a-benidorm\/","title":{"rendered":"Javier Ballester, campi\u00f3 en la categoria de dobles en el Torneig Internacional de Tennis Europe Sub 14 &#8216;Juan Fuster Zaragoza&#8217; a Benidorm"},"content":{"rendered":"<div class=\"wp-block-image\">\n<figure class=\"alignleft size-large is-resized\"><img loading=\"lazy\" decoding=\"async\" width=\"580\" height=\"1024\" src=\"https:\/\/www.tucomarca.com\/wordpress\/segunda\/wp-content\/uploads\/2024\/09\/TENNIS-EUROPE-BENIRORM-2-580x1024.jpg\" alt=\"\" class=\"wp-image-235541\" style=\"width:284px;height:auto\" srcset=\"https:\/\/www.tucomarca.com\/wordpress\/segunda\/wp-content\/uploads\/2024\/09\/TENNIS-EUROPE-BENIRORM-2-580x1024.jpg 580w, https:\/\/www.tucomarca.com\/wordpress\/segunda\/wp-content\/uploads\/2024\/09\/TENNIS-EUROPE-BENIRORM-2-170x300.jpg 170w, https:\/\/www.tucomarca.com\/wordpress\/segunda\/wp-content\/uploads\/2024\/09\/TENNIS-EUROPE-BENIRORM-2-768x1355.jpg 768w, https:\/\/www.tucomarca.com\/wordpress\/segunda\/wp-content\/uploads\/2024\/09\/TENNIS-EUROPE-BENIRORM-2-870x1536.jpg 870w, https:\/\/www.tucomarca.com\/wordpress\/segunda\/wp-content\/uploads\/2024\/09\/TENNIS-EUROPE-BENIRORM-2-1160x2048.jpg 1160w, https:\/\/www.tucomarca.com\/wordpress\/segunda\/wp-content\/uploads\/2024\/09\/TENNIS-EUROPE-BENIRORM-2.jpg 1229w\" sizes=\"auto, (max-width: 580px) 100vw, 580px\" \/><\/figure>\n<\/div>\n\n\n<p>El bunyolense Javier Ballester ha quedat campi\u00f3 en la categoria de dobles al costat del seu company Pablo Rueda en el Torneig Internacional de Tennis Europe Sub 14 \u201cJuan Fuster Zaragoza\u201d, que es va disputar des del 26 fins al dissabte 31 d&#8217;Agost en el Col\u00b7legi Internacional Lope de Vega de Benidorm. En la Categoria d&#8217;Individual va perdre contra el subcampi\u00f3 Fernando Fontant actual n\u00famero 3 d&#8217;Espanya.<\/p>\n\n\n\n<p>Aquest&nbsp; torneig el va disputar anys #arrere&nbsp; Carlos Alcaraz a la mateixa edat que t\u00e9 ara Javier, quedant subcampi\u00f3 d&#8217;aquest.<\/p>\n\n\n\n<p>Aquesta competici\u00f3 \u00e9s pionera a Espanya dins del Circuit Europeu de Tornejos Internacionals Sub 14: Tennis Europe J\u00fanior Tour i en aquesta XIV edici\u00f3 es va augmentar la seua participaci\u00f3&nbsp; on s&#8217;ha&nbsp;batut els seus registres anteriors, perqu\u00e8 es va comptar amb&nbsp;prop de 150 jugadors arribats de tot el continent europeu.&nbsp;<\/p>\n\n\n\n<p>Durant aquestes jornades es van poder veure a Benidorm a alguns dels tennistes m\u00e9s destacats dins d&#8217;aquesta categoria, pertanyents principalment dels equips de R\u00fassia, Rep\u00fablica Txeca, Portugal, Holanda, Dinamarca, entre altres.<\/p>\n","protected":false},"excerpt":{"rendered":"<div class=\"mh-excerpt\">El bunyolense Javier Ballester ha quedat campi\u00f3 en la categoria de dobles al costat del seu company Pablo Rueda en el Torneig Internacional de Tennis Europe Sub 14 \u201cJuan Fuster Zaragoza\u201d, que es va disputar <a class=\"mh-excerpt-more\" href=\"https:\/\/www.tucomarca.com\/wordpress\/segunda\/ca\/javier-ballester-campio-en-la-categoria-de-dobles-en-el-torneig-internacional-de-tennis-europe-sub-14-juan-fuster-zaragoza-a-benidorm\/\" title=\"Javier Ballester, campi\u00f3 en la categoria de dobles en el Torneig Internacional de Tennis Europe Sub 14 &#8216;Juan Fuster Zaragoza&#8217; a Benidorm\">[+] <\/a><\/div>\n","protected":false},"author":13,"featured_media":235539,"comment_status":"open","ping_status":"open","sticky":false,"template":"","format":"standard","meta":{"footnotes":""},"categories":[10911,11003,10894,10912,11009,10896],"tags":[11074,12392],"class_list":{"0":"post-235540","1":"post","2":"type-post","3":"status-publish","4":"format-standard","5":"has-post-thumbnail","7":"category-bunol-ca","8":"category-sports","9":"category-la-comarca-ca","10":"category-la-hoya-ca","11":"category-polideportivo-ca","12":"category-seccion-ca","13":"tag-deportes-ca","14":"tag-tenis-ca"},"_links":{"self":[{"href":"https:\/\/www.tucomarca.com\/wordpress\/segunda\/ca\/wp-json\/wp\/v2\/posts\/235540","targetHints":{"allow":["GET"]}}],"collection":[{"href":"https:\/\/www.tucomarca.com\/wordpress\/segunda\/ca\/wp-json\/wp\/v2\/posts"}],"about":[{"href":"https:\/\/www.tucomarca.com\/wordpress\/segunda\/ca\/wp-json\/wp\/v2\/types\/post"}],"author":[{"embeddable":true,"href":"https:\/\/www.tucomarca.com\/wordpress\/segunda\/ca\/wp-json\/wp\/v2\/users\/13"}],"replies":[{"embeddable":true,"href":"https:\/\/www.tucomarca.com\/wordpress\/segunda\/ca\/wp-json\/wp\/v2\/comments?post=235540"}],"version-history":[{"count":0,"href":"https:\/\/www.tucomarca.com\/wordpress\/segunda\/ca\/wp-json\/wp\/v2\/posts\/235540\/revisions"}],"wp:featuredmedia":[{"embeddable":true,"href":"https:\/\/www.tucomarca.com\/wordpress\/segunda\/ca\/wp-json\/wp\/v2\/media\/235539"}],"wp:attachment":[{"href":"https:\/\/www.tucomarca.com\/wordpress\/segunda\/ca\/wp-json\/wp\/v2\/media?parent=235540"}],"wp:term":[{"taxonomy":"category","embeddable":true,"href":"https:\/\/www.tucomarca.com\/wordpress\/segunda\/ca\/wp-json\/wp\/v2\/categories?post=235540"},{"taxonomy":"post_tag","embeddable":true,"href":"https:\/\/www.tucomarca.com\/wordpress\/segunda\/ca\/wp-json\/wp\/v2\/tags?post=235540"}],"curies":[{"name":"wp","href":"https:\/\/api.w.org\/{rel}","templated":true}]}}