{"id":235716,"date":"2024-09-03T09:15:00","date_gmt":"2024-09-03T07:15:00","guid":{"rendered":"https:\/\/www.tucomarca.com\/wordpress\/segunda\/?p=235716"},"modified":"2024-09-03T18:46:09","modified_gmt":"2024-09-03T16:46:09","slug":"la-plana-de-utiel-requena-rebra-mes-de-19-000-euros-de-la-diputacio-de-valencia-per-a-fomentar-la-mobilitat-dels-veins","status":"publish","type":"post","link":"https:\/\/www.tucomarca.com\/wordpress\/segunda\/ca\/la-plana-de-utiel-requena-rebra-mes-de-19-000-euros-de-la-diputacio-de-valencia-per-a-fomentar-la-mobilitat-dels-veins\/","title":{"rendered":"La Plana de Utiel-Requena rebr\u00e0 m\u00e9s de 19.000 euros de la Diputaci\u00f3 de Val\u00e8ncia per a fomentar la mobilitat dels ve\u00efns"},"content":{"rendered":"\n<h3 class=\"wp-block-heading\">La instituci\u00f3 provincial atorga a set municipis rurals de la comarca estes ajudes per a afavorir els despla\u00e7aments a demanda, servicis p\u00fablics de vehicle compartit o el transport regular ja siga per raons d&#8217;oci o assumptes personals.<\/h3>\n\n\n\n<h3 class=\"wp-block-heading\">Camporrobles, Caudete de las Fuentes, Chera, Fuenterrobles, Sinarcas, Venta del Moro i Villargordo del Cabriel es beneficiaran d&#8217;estes ajudes, que podran adequar a les caracter\u00edstiques particulars de cada poblaci\u00f3.<\/h3>\n\n\n\n<p>La Diputaci\u00f3 de Val\u00e8ncia destina a la comarca de la Plana de Utiel-Requena un total de 19.319 euros per a promoure que els ve\u00efns dels seus municipis de car\u00e0cter rural o en risc de despoblaci\u00f3 puguen accedir a servicis de transport a demanda, ja siga a trav\u00e9s de taxis, vehicles d&#8217;\u00fas compartit o transport regular.<\/p>\n\n\n\n<p>Aix\u00ed, cadascun dels set municipis inclosos en este programa rebran una quantitat que oscil\u00b7la entre els 2.300 i 3.200 euros per ajuntament. Concretament, es tracta de les poblacions de Camporrobles, Caudete de las Fuentes, Chera, Fuenterrobles, Sinarcas, Venta del Moro i Villargordo del Cabriel.<\/p>\n\n\n\n<p>Les assignacions s&#8217;han realitzat en funci\u00f3 de variables com el nombre d&#8217;habitants, la densitat de tr\u00e0nsit o la dist\u00e0ncia a servicis de refer\u00e8ncia, entre altres; complementant aix\u00ed les ajudes de la Generalitat Valenciana al transport rural en els municipis d&#8217;interior.<\/p>\n\n\n\n<p>Una de les claus d&#8217;este programa \u00e9s que s\u00f3n els propis consistoris els qui habiliten els procediments perqu\u00e8 la ciutadania puga fer \u00fas d&#8217;este servici en funci\u00f3 de les caracter\u00edstiques de la demanda de cada poblaci\u00f3.<\/p>\n\n\n\n<p>A m\u00e9s, este exercici el pla presenta com a novetat el fet que les persones benefici\u00e0ries podran fer \u00fas del transport rural a demanda no sols per raons m\u00e8diques o de relaci\u00f3 amb l&#8217;Administraci\u00f3, sin\u00f3 de manera lliure, incloent-hi l&#8217;oci o assumptes personals i familiars.<\/p>\n\n\n\n<p>El president de la Diputaci\u00f3 de Val\u00e8ncia, Vicent Momp\u00f3, indica que \u201cafavorir la mobilitat entre municipis rurals \u00e9s clau per a fixar poblaci\u00f3, especialment en comarques en les quals hi ha servicis mancomunats\u201d. En este sentit, ha apuntat que l&#8217;estrat\u00e8gia per a combatre la despoblaci\u00f3 \u201cha de facilitar les sinergies per territoris\u201d i subratlla que \u201cl&#8217;acc\u00e9s a qualsevol producte o servici, la vida social, acad\u00e8mica i familiar amb essencials per a la dignitat de les persones i el creixement de les comunitats d&#8217;interior\u201d.<\/p>\n\n\n\n<p><strong>125 municipis beneficiats<\/strong><\/p>\n\n\n\n<p>Una vegada els propis ajuntaments han acceptat o rebutjat l&#8217;adhesi\u00f3 a estes ajudes de la Diputaci\u00f3 de Val\u00e8ncia, en les quals s&#8217;establia una quantitat preassignada d&#8217;entre 1.700 i 5.600 euros per consistori, la dotaci\u00f3 global del programa s&#8217;ha establit en 359.000 euros, els quals arribaran a 125 municipis de la prov\u00edncia.<\/p>\n\n\n\n<p>En este sentit, el diputat de Desenrotllament Rural, Avelino Mascarell, destaca que \u201c9 de cada 10 poblacions han acceptat esta ajuda, la qual cosa demostra el gran inter\u00e9s que suscita el programa\u201d i aclarix que \u201cseran els propis consistoris els que habiliten els procediments perqu\u00e8 la ciutadania puga fer \u00fas d&#8217;este servici en funci\u00f3 de les caracter\u00edstiques de la demanda de cada poblaci\u00f3\u201d.<\/p>\n\n\n\n<p>En tots els casos, es tracta de municipis declarats \u201cde feble tr\u00e0nsit de transport p\u00fablic\u201d en el Decret llei 11\/22 de la Generalitat Valenciana, i podran posar en marxa les seues pr\u00f2pies iniciatives fins al 31 de desembre de 2024.<\/p>\n\n\n\n<p>ASSIGNACIONS PER MUNICIPIS: LA PLANA DE UTIEL-REQUENA<\/p>\n\n\n\n<figure class=\"wp-block-table\"><table><tbody><tr><td>La Plana de Utiel-Requena<\/td><td>Ajunt. Camporrobles<\/td><td>3.188,40 \u20ac<\/td><\/tr><tr><td>La Plana de Utiel-Requena<\/td><td>Ajunt. Caudete de las Fuentes<\/td><td>2.486,05 \u20ac<\/td><\/tr><tr><td>La Plana de Utiel-Requena<\/td><td>Ajunt. Chera<\/td><td>2.316,50 \u20ac<\/td><\/tr><tr><td>La Plana de Utiel-Requena<\/td><td>Ajunt. Fuenterrobles<\/td><td>2.292,35 \u20ac<\/td><\/tr><tr><td>La Plana de Utiel-Requena<\/td><td>Ajunt. Sinarcas<\/td><td>3.173,00 \u20ac<\/td><\/tr><tr><td>La Plana de Utiel-Requena<\/td><td>Ajunt. Venta del Moro<\/td><td>2.993,80 \u20ac<\/td><\/tr><tr><td>La Plana de Utiel-Requena<\/td><td>Ajunt. Villargordo del Cabriel<\/td><td>2.869,55 \u20ac<\/td><\/tr><\/tbody><\/table><\/figure>\n","protected":false},"excerpt":{"rendered":"<div class=\"mh-excerpt\">La instituci\u00f3 provincial atorga a set municipis rurals de la comarca estes ajudes per a afavorir els despla\u00e7aments a demanda, servicis p\u00fablics de vehicle compartit o el transport regular ja siga per raons d&#8217;oci o <a class=\"mh-excerpt-more\" href=\"https:\/\/www.tucomarca.com\/wordpress\/segunda\/ca\/la-plana-de-utiel-requena-rebra-mes-de-19-000-euros-de-la-diputacio-de-valencia-per-a-fomentar-la-mobilitat-dels-veins\/\" title=\"La Plana de Utiel-Requena rebr\u00e0 m\u00e9s de 19.000 euros de la Diputaci\u00f3 de Val\u00e8ncia per a fomentar la mobilitat dels ve\u00efns\">[+] <\/a><\/div>\n","protected":false},"author":12,"featured_media":118158,"comment_status":"open","ping_status":"open","sticky":false,"template":"","format":"standard","meta":{"footnotes":""},"categories":[11031,11032,11054,10898,11055,10948,10894,10947,10909,10896,11058,11060,11061],"tags":[11098,15963,11318,12836,10910,11089,11709,13837],"class_list":{"0":"post-235716","1":"post","2":"type-post","3":"status-publish","4":"format-standard","5":"has-post-thumbnail","7":"category-camporrobles-ca","8":"category-caudete-ca","9":"category-chera-ca","10":"category-ventana-ca","11":"category-fuenterrobles-ca","12":"category-infraestructuras-ca","13":"category-la-comarca-ca","14":"category-politica","15":"category-requena-utiel-ca","16":"category-seccion-ca","17":"category-sinarcas-ca","18":"category-venta-del-moro-ca","19":"category-villargordo-del-cabriel-ca","20":"tag-camporrobles-ca","21":"tag-caudete-ca","22":"tag-chera-ca","23":"tag-fuenterrobles-ca","24":"tag-requena-utiel-ca","25":"tag-sinarcas-ca","26":"tag-venta-del-moro-ca","27":"tag-villargordo-del-cabriel-ca"},"_links":{"self":[{"href":"https:\/\/www.tucomarca.com\/wordpress\/segunda\/ca\/wp-json\/wp\/v2\/posts\/235716","targetHints":{"allow":["GET"]}}],"collection":[{"href":"https:\/\/www.tucomarca.com\/wordpress\/segunda\/ca\/wp-json\/wp\/v2\/posts"}],"about":[{"href":"https:\/\/www.tucomarca.com\/wordpress\/segunda\/ca\/wp-json\/wp\/v2\/types\/post"}],"author":[{"embeddable":true,"href":"https:\/\/www.tucomarca.com\/wordpress\/segunda\/ca\/wp-json\/wp\/v2\/users\/12"}],"replies":[{"embeddable":true,"href":"https:\/\/www.tucomarca.com\/wordpress\/segunda\/ca\/wp-json\/wp\/v2\/comments?post=235716"}],"version-history":[{"count":0,"href":"https:\/\/www.tucomarca.com\/wordpress\/segunda\/ca\/wp-json\/wp\/v2\/posts\/235716\/revisions"}],"wp:featuredmedia":[{"embeddable":true,"href":"https:\/\/www.tucomarca.com\/wordpress\/segunda\/ca\/wp-json\/wp\/v2\/media\/118158"}],"wp:attachment":[{"href":"https:\/\/www.tucomarca.com\/wordpress\/segunda\/ca\/wp-json\/wp\/v2\/media?parent=235716"}],"wp:term":[{"taxonomy":"category","embeddable":true,"href":"https:\/\/www.tucomarca.com\/wordpress\/segunda\/ca\/wp-json\/wp\/v2\/categories?post=235716"},{"taxonomy":"post_tag","embeddable":true,"href":"https:\/\/www.tucomarca.com\/wordpress\/segunda\/ca\/wp-json\/wp\/v2\/tags?post=235716"}],"curies":[{"name":"wp","href":"https:\/\/api.w.org\/{rel}","templated":true}]}}