{"id":235720,"date":"2024-09-04T09:00:00","date_gmt":"2024-09-04T07:00:00","guid":{"rendered":"https:\/\/www.tucomarca.com\/wordpress\/segunda\/?p=235720"},"modified":"2024-09-04T17:46:58","modified_gmt":"2024-09-04T15:46:58","slug":"la-comarca-de-la-ribera-rebra-mes-de-40-000-euros-de-la-diputacio-de-valencia-per-a-fomentar-la-mobilitat-dels-veins","status":"publish","type":"post","link":"https:\/\/www.tucomarca.com\/wordpress\/segunda\/ca\/la-comarca-de-la-ribera-rebra-mes-de-40-000-euros-de-la-diputacio-de-valencia-per-a-fomentar-la-mobilitat-dels-veins\/","title":{"rendered":"La comarca de la Ribera rebr\u00e0 m\u00e9s de 40.000 euros de la Diputaci\u00f3 de Val\u00e8ncia per a fomentar la mobilitat dels ve\u00efns"},"content":{"rendered":"\n<h3 class=\"wp-block-heading\">La instituci\u00f3 provincial atorga a 17 municipis de la comarca estes ajudes per a afavorir els despla\u00e7aments a demanda, servicis p\u00fablics de vehicle compartit o el transport regular ja siga per raons d&#8217;oci o assumptes personals.<\/h3>\n\n\n\n<h3 class=\"wp-block-heading\">La Ribera Alta, amb 13 ajuntaments inclosos en el pla, rebr\u00e0 31.731 euros mentre que l&#8217;assignaci\u00f3 global als 4 municipis de la Ribera Baixa \u00e9s de quasi 10.000 euros.<\/h3>\n\n\n\n<p>La Diputaci\u00f3 de Val\u00e8ncia destina a la comarca de La Ribera un total de 41.693 euros per a promoure que els ve\u00efns dels municipis de car\u00e0cter rural o en risc de despoblaci\u00f3 puguen accedir a servicis de transport a demanda, ja siga a trav\u00e9s de taxis, vehicles d&#8217;\u00fas compartit o transport regular.<\/p>\n\n\n\n<p>En el cas d&#8217;esta comarca, 13 ajuntaments de la Ribera Alta rebran 31.731 euros, mentre que quatre municipis de la Ribera Baixa obtindran 9.961,80 euros.<\/p>\n\n\n\n<p>Es tracta d&#8217;una l\u00ednia d&#8217;ajudes dirigides als ajuntaments, perqu\u00e8 siguen els propis consistoris els que habiliten els procediments perqu\u00e8 la ciutadania puga fer \u00fas d&#8217;este servici en funci\u00f3 de les caracter\u00edstiques de la demanda de cada poblaci\u00f3.<\/p>\n\n\n\n<p>Les assignacions s&#8217;han realitzat en funci\u00f3 de variables com el nombre d&#8217;habitants, la densitat de tr\u00e0nsit o la dist\u00e0ncia a serveis de refer\u00e8ncia, entre altres; complementant aix\u00ed les ajudes de la Generalitat Valenciana al transport rural en els municipis d&#8217;interior.<\/p>\n\n\n\n<p>La principal novetat per a este exercici residix en qu\u00e8 les persones benefici\u00e0ries podran fer \u00fas del transport rural a demanda no sols per raons m\u00e8diques o de relaci\u00f3 amb l&#8217;Administraci\u00f3, sin\u00f3 de manera lliure, incloent-hi l&#8217;oci o assumptes personals i familiars.<\/p>\n\n\n\n<p>El president de la Diputaci\u00f3 de Val\u00e8ncia, Vicent Momp\u00f3, indica que \u201cafavorir la mobilitat entre municipis rurals \u00e9s clau per a fixar poblaci\u00f3, especialment en comarques en les quals hi ha servicis mancomunats\u201d. En este sentit, ha apuntat que l&#8217;estrat\u00e8gia per a combatre la despoblaci\u00f3 \u201cha de facilitar les sinergies per territoris\u201d i subratlla que \u201cl&#8217;acc\u00e9s a qualsevol producte o servei, la vida social, acad\u00e8mica i familiar amb essencials per a la dignitat de les persones i el creixement de les comunitats d&#8217;interior\u201d.<\/p>\n\n\n\n<p>125 municipis beneficiats<\/p>\n\n\n\n<p>Una vegada els propis ajuntaments han acceptat o rebutjat l&#8217;adhesi\u00f3 a estes ajudes de la Diputaci\u00f3 de Val\u00e8ncia, en les quals s&#8217;establia una quantitat preassignada a cada consistori, l&#8217;assignaci\u00f3 global del programa s&#8217;ha establit en 359.000 euros, que arribar\u00e0 a 125 municipis de la prov\u00edncia.<\/p>\n\n\n\n<p>En este sentit, el diputat de Desenvolupament Rural, Avelino Mascarell, destaca que \u201c9 de cada 10 poblacions han acceptat esta ajuda, la qual cosa demostra el gran inter\u00e9s que suscita el programa\u201d i aclarix que \u201cseran els propis consistoris els que habiliten els procediments perqu\u00e8 la ciutadania puga fer \u00fas d&#8217;este servici en funci\u00f3 de les caracter\u00edstiques de la demanda de cada poblaci\u00f3\u201d.\u2028\u2028Les subvencions van des dels 1.700 fins als 5.600 euros per ajuntament, en funci\u00f3 de variables com el nombre d&#8217;habitants, la densitat de tr\u00e0nsit o la dist\u00e0ncia a serveis de refer\u00e8ncia, entre altres.\u2028\u2028En tots els casos, es tracta de municipis declarats \u201cde feble tr\u00e0nsit de transport p\u00fablic\u201d en el Decret llei 11\/22 de la Generalitat Valenciana, i podran posar en marxa les seues pr\u00f2pies iniciatives fins al 31 de desembre de 2024.<\/p>\n\n\n\n<p>ASSIGNACIONS PER MUNICIPIS: LA RIBERA ALTA<\/p>\n\n\n\n<figure class=\"wp-block-table\"><table><tbody><tr><td>La Ribera Alta<\/td><td>Ajunt. de Alc\u00e0ntera de X\u00faquer<\/td><td>2.377,40 \u20ac<\/td><\/tr><tr><td>La Ribera Alta<\/td><td>Ajunt. de Alfarp<\/td><td>2.675,10 \u20ac<\/td><\/tr><tr><td>La Ribera Alta<\/td><td>Ajunt. de Benimuslem<\/td><td>1.712,75 \u20ac<\/td><\/tr><tr><td>La Ribera Alta<\/td><td>Ajunt. de Catadau<\/td><td>3.602,25 \u20ac<\/td><\/tr><tr><td>La Ribera Alta<\/td><td>Ajunt. de Cotes<\/td><td>1.646,65 \u20ac<\/td><\/tr><tr><td>La Ribera Alta<\/td><td>Ajunt. de Gavarda<\/td><td>2.201,90 \u20ac<\/td><\/tr><tr><td>La Ribera Alta<\/td><td>Ajunt. de Montroi\/Montroy<\/td><td>3.976,90 \u20ac<\/td><\/tr><tr><td>La Ribera Alta<\/td><td>Ajunt. de Llombai<\/td><td>3.494,95 \u20ac<\/td><\/tr><tr><td>La Ribera Alta<\/td><td>Ajunt. de Sant Joanet<\/td><td>1.635,55 \u20ac<\/td><\/tr><tr><td>La Ribera Alta<\/td><td>Ajunt. de Sellent<\/td><td>1.601,35 \u20ac<\/td><\/tr><tr><td>La Ribera Alta<\/td><td>Ajunt. de Senyera<\/td><td>2.060,75 \u20ac<\/td><\/tr><tr><td>La Ribera Alta<\/td><td>Ajunt. de Sumac\u00e0rcer<\/td><td>2.337,50 \u20ac<\/td><\/tr><tr><td>La Ribera Alta<\/td><td>Ajunt. de Tous<\/td><td>2.408,50 \u20ac<\/td><\/tr><\/tbody><\/table><\/figure>\n\n\n\n<p>ASSIGNACIONS PER MUNICIPIS: LA RIBERA BAIXA<\/p>\n\n\n\n<figure class=\"wp-block-table\"><table><tbody><tr><td>La Ribera Baixa<\/td><td>Ajunt. de Benicull de X\u00faquer<\/td><td>1.962,75 \u20ac<\/td><\/tr><tr><td>La Ribera Baixa<\/td><td>Ajunt. de Corbera<\/td><td>3.407,80 \u20ac<\/td><\/tr><tr><td>La Ribera Baixa<\/td><td>Ajunt. de Fortaleny<\/td><td>2.066,85 \u20ac<\/td><\/tr><tr><td>La Ribera Baixa<\/td><td>Ajunt. de Llaur\u00ed<\/td><td>2.524,40 \u20ac<\/td><\/tr><\/tbody><\/table><\/figure>\n","protected":false},"excerpt":{"rendered":"<div class=\"mh-excerpt\">La instituci\u00f3 provincial atorga a 17 municipis de la comarca estes ajudes per a afavorir els despla\u00e7aments a demanda, servicis p\u00fablics de vehicle compartit o el transport regular ja siga per raons d&#8217;oci o assumptes <a class=\"mh-excerpt-more\" href=\"https:\/\/www.tucomarca.com\/wordpress\/segunda\/ca\/la-comarca-de-la-ribera-rebra-mes-de-40-000-euros-de-la-diputacio-de-valencia-per-a-fomentar-la-mobilitat-dels-veins\/\" title=\"La comarca de la Ribera rebr\u00e0 m\u00e9s de 40.000 euros de la Diputaci\u00f3 de Val\u00e8ncia per a fomentar la mobilitat dels ve\u00efns\">[+] <\/a><\/div>\n","protected":false},"author":12,"featured_media":183243,"comment_status":"open","ping_status":"open","sticky":false,"template":"","format":"standard","meta":{"footnotes":""},"categories":[10981,10982,10989,10991,10992,10898,10993,10948,10894,10902,10997,11001,10947,10896,11050,11049,11048],"tags":[21045,12653,15522,12238,11414,21046,11077,11501,13924,16759,21141,13756],"class_list":{"0":"post-235720","1":"post","2":"type-post","3":"status-publish","4":"format-standard","5":"has-post-thumbnail","7":"category-alcantera-de-xuquer-ca","8":"category-alfarp-ca","9":"category-benimuslem-ca","10":"category-catadau-ca","11":"category-cotes-ca","12":"category-ventana-ca","13":"category-gavarda-ca","14":"category-infraestructuras-ca","15":"category-la-comarca-ca","16":"category-la-ribera-ca","17":"category-llombai-ca","18":"category-montroi-ca","19":"category-politica","20":"category-seccion-ca","21":"category-sellent-ca","22":"category-sumacarcer-ca","23":"category-tous-ca","24":"tag-alcantera-de-xuquer-ca","25":"tag-alfarp-ca","26":"tag-benimuslem-ca","27":"tag-catadau-ca","28":"tag-cotes-ca","29":"tag-gavarda-ca","30":"tag-la-ribera-alta-ca","31":"tag-llombai-ca","32":"tag-montroi-ca","33":"tag-sellent-ca","34":"tag-sumacarcer-ca","35":"tag-tous-ca"},"_links":{"self":[{"href":"https:\/\/www.tucomarca.com\/wordpress\/segunda\/ca\/wp-json\/wp\/v2\/posts\/235720","targetHints":{"allow":["GET"]}}],"collection":[{"href":"https:\/\/www.tucomarca.com\/wordpress\/segunda\/ca\/wp-json\/wp\/v2\/posts"}],"about":[{"href":"https:\/\/www.tucomarca.com\/wordpress\/segunda\/ca\/wp-json\/wp\/v2\/types\/post"}],"author":[{"embeddable":true,"href":"https:\/\/www.tucomarca.com\/wordpress\/segunda\/ca\/wp-json\/wp\/v2\/users\/12"}],"replies":[{"embeddable":true,"href":"https:\/\/www.tucomarca.com\/wordpress\/segunda\/ca\/wp-json\/wp\/v2\/comments?post=235720"}],"version-history":[{"count":0,"href":"https:\/\/www.tucomarca.com\/wordpress\/segunda\/ca\/wp-json\/wp\/v2\/posts\/235720\/revisions"}],"wp:featuredmedia":[{"embeddable":true,"href":"https:\/\/www.tucomarca.com\/wordpress\/segunda\/ca\/wp-json\/wp\/v2\/media\/183243"}],"wp:attachment":[{"href":"https:\/\/www.tucomarca.com\/wordpress\/segunda\/ca\/wp-json\/wp\/v2\/media?parent=235720"}],"wp:term":[{"taxonomy":"category","embeddable":true,"href":"https:\/\/www.tucomarca.com\/wordpress\/segunda\/ca\/wp-json\/wp\/v2\/categories?post=235720"},{"taxonomy":"post_tag","embeddable":true,"href":"https:\/\/www.tucomarca.com\/wordpress\/segunda\/ca\/wp-json\/wp\/v2\/tags?post=235720"}],"curies":[{"name":"wp","href":"https:\/\/api.w.org\/{rel}","templated":true}]}}