{"id":235748,"date":"2024-09-03T11:45:00","date_gmt":"2024-09-03T09:45:00","guid":{"rendered":"https:\/\/www.tucomarca.com\/wordpress\/segunda\/?p=235748"},"modified":"2024-09-03T18:53:15","modified_gmt":"2024-09-03T16:53:15","slug":"la-volta-a-valencia-presenta-una-nova-edicio-estrenant-prova-femenina","status":"publish","type":"post","link":"https:\/\/www.tucomarca.com\/wordpress\/segunda\/ca\/la-volta-a-valencia-presenta-una-nova-edicio-estrenant-prova-femenina\/","title":{"rendered":"La Volta a Val\u00e8ncia presenta una nova edici\u00f3 estrenant prova femenina"},"content":{"rendered":"\n<h3 class=\"wp-block-heading\">La Diputaci\u00f3 de Val\u00e8ncia acull la presentaci\u00f3 de la 14a edici\u00f3 de la ronda ciclista valenciana, una de les carreres m\u00e9s importants a nivell nacional en la categoria elit\/sub-23.<\/h3>\n\n\n\n<h3 class=\"wp-block-heading\">La prova femenina debuta este dijous 5 de setembre entre Godella i Foios, mentre que la carrera masculina tindr\u00e0 lloc els dies 6, 7 i 8 de setembre amb les etapes de Chiva, Cheste-Ayora i Moncada.<\/h3>\n\n\n\n<p>El Pati dels Scala de la Diputaci\u00f3 de Val\u00e8ncia ha acollit este dimarts la presentaci\u00f3 de la 14a edici\u00f3 de la Volta a Val\u00e8ncia, que enguany t\u00e9 com a principal novetat la disputa, per primera vegada, d&#8217;una prova ciclista femenina, la Volta a Val\u00e8ncia Women, que tindr\u00e0 lloc este dijous 5 de setembre entre les localitats de Godella i Foios. Per part seua, la carrera masculina, plenament consolidada com a referent a nivell nacional dins de la categoria elit\/sub-23, mant\u00e9 les seues tres etapes, que se celebraran els dies 6,7 i 8 de setembre.<\/p>\n\n\n\n<p>En un acte que ha comptat amb la participaci\u00f3 del diputat d&#8217;Esports de la Diputaci\u00f3 de Val\u00e8ncia, Pedro Cuesta; el president de la Federaci\u00f3 de Ciclisme de la Comunitat Valenciana, Jos\u00e9 Enrique Guti\u00e9rrez; i la directora de la Volta a Val\u00e8ncia, G\u00e1dor Mart\u00edn; el president de la corporaci\u00f3 provincial, Vicent Momp\u00f3, ha destacat la rellev\u00e0ncia que t\u00e9 la Volta a Val\u00e8ncia com a llan\u00e7adora de futurs professionals. \u201cAc\u00ed es preparen les millors candidates i candidats que aspiren a dominar el ciclisme mundial. Molts dels actuals n\u00fameros u b\u00e9 saben el que \u00e9s coronar els nostres ports m\u00e9s emblem\u00e0tics\u201d, ha subratllat Momp\u00f3, que tamb\u00e9 ha felicitat l&#8217;organitzaci\u00f3 \u201cper apostar pel ciclisme femen\u00ed. Les dones venen pedalejant amb for\u00e7a en els \u00faltims anys, demostrant que mereixen un lloc destacat en el nostre calendari esportiu\u201d.<\/p>\n\n\n\n<p>El diputat d&#8217;Esports, Pedro Cuesta, ha ressaltat, per part seua, el benefici que t\u00e9 la disputa d&#8217;una competici\u00f3 d&#8217;esta magnitud per a la prov\u00edncia de Val\u00e8ncia, \u201cun gran aparador per a mostrar el potencial que t\u00e9 la nostra terra. La Volta conjumina esport i turisme, i ens brinda diferents tipus d&#8217;oportunitats. \u00c9s una ocasi\u00f3 per als ciclistes que busquen fer el salt al professionalisme i a m\u00e9s ens ajuda a mostrar la bellesa i la versatilitat dels nostres municipis\u201d.<\/p>\n\n\n\n<p>La internacionalitzaci\u00f3 de la Volta a Val\u00e8ncia continua incrementant-se any rere any, amb una major pres\u00e8ncia tant d&#8217;equips com de ciclistes estrangers. En este sentit, el president de la Federaci\u00f3 de Ciclisme de la Comunitat Valenciana, Jos\u00e9 Enrique Guti\u00e9rrez, ha manifestat que \u201centre tots estem treballant perqu\u00e8 esta competici\u00f3 siga un referent a nivell mundial, amb la participaci\u00f3 dels millors ciclistes de la categoria\u201d.<\/p>\n\n\n\n<p><strong>Recorregut i participaci\u00f3<\/strong><\/p>\n\n\n\n<p>Durant l&#8217;acte de presentaci\u00f3 s&#8217;ha detallat el recorregut de les etapes que componen la Volta a Val\u00e8ncia de 2024, que enguany passar\u00e0 per un total de 20 municipis de la prov\u00edncia. Referent al debut de la Volta a Val\u00e8ncia Women, les localitats de Godella com a l\u00ednia d&#8217;eixida i Foios com a l\u00ednia de meta, es convertiran este dijous 5 de setembre en l&#8217;escenari d&#8217;una prova que tindr\u00e0 93 quil\u00f2metres de recorregut. Es donaran dos voltes al circuit central al voltant de N\u00e0quera, amb sengles passos de muntanya per les Pedreres i un esprint intermedi en el quil\u00f2metre 51 en la localitat. Posteriorment, les ciclistes es dirigiran a Foios amb l&#8217;esprint intermedi de La Florida (km. 80) i la meta volant de Museros (km. 88) amb les ciclistes ja preparat per a la resoluci\u00f3 de la prova en un final favorable.<\/p>\n\n\n\n<p>La directora de la prova, G\u00e1dor Mart\u00edn, ha declarat que \u201cel nostre objectiu \u00e9s que amb el pas del temps la carrera femenina es vaja consolidant i s&#8217;iguale en import\u00e0ncia a la masculina. Enguany ja hem aconseguit una gran pres\u00e8ncia de mitjans de comunicaci\u00f3 per a cobrir este esdeveniment, com \u00e9s el cas d&#8217;RTVE\u201d.<\/p>\n\n\n\n<p>La prova masculina de la Volta a Val\u00e8ncia mant\u00e9 les tres jornades per als ciclistes elit i sub-23. L&#8217;etapa inicial a Chiva ser\u00e0 una contrarellotge individual de 4\u20196 quil\u00f2metres que conclour\u00e0 en les rampes del castell, empedrat i amb diverses corbes tancades, en horari vespert\u00ed per al disfrute de tots els aficionats. Un recorregut espectacular per a especialistes que marcar\u00e0 tamb\u00e9 les primeres difer\u00e8ncies.<\/p>\n\n\n\n<p>La segona jornada portar\u00e0 als ciclistes des de Cheste fins a Ayora amb 139 quil\u00f2metres de recorregut per a la considerada com a etapa regna. Despr\u00e9s de superar la meta volant d&#8217;Alborache (km. 21) la carrera encadena les ascensions a Cuesta Roya (3a categoria) i Monte de la Cruz (2a categoria) en menys de 10 quil\u00f2metres, travessant la localitat de Bu\u00f1ol en dos ocasions. Despr\u00e9s d&#8217;un terreny complicat per a disputar la segona meta volant a Alborache (km. 55), la carretera s&#8217;empina de manera constant fins a Venta Gaeta, l&#8217;esprint especial del quil\u00f2metre 83. Despr\u00e9s d&#8217;un descens cap a Cofrentes, es pujaran dos ascensions amb Jalance (no puntuable, km. 125) i Zarra (port de 3a categoria) a tan sols 3 quil\u00f2metres de la meta a Ayora.<\/p>\n\n\n\n<p>El desenlla\u00e7 de la competici\u00f3 es viur\u00e0 amb la tercera etapa a Moncada. Seran 134 quil\u00f2metres amb un circuit de 32 quil\u00f2metres aproximadament en el qual es disputaran esprints especials a Rocafort (km. 4 i 73) a m\u00e9s de metes volants al pas per la meta de Moncada (km. 35 i 102). La velocitat, la complexitat del recorregut i la carretera ascendent cap a N\u00e0quera marcaran al vencedor final d&#8217;esta edici\u00f3 2024.<\/p>\n\n\n\n<p>Quant a la participaci\u00f3, 170 ciclistes procedents de 14 nacionalitats diferents afrontaran la Volta Val\u00e8ncia elit i sub-23 masculina. Del total de 23 equips, destaquen les tres esquadres estrangeres que consoliden el car\u00e0cter internacional de la prova, amb la pres\u00e8ncia del conjunt itali\u00e0 Campana, que ja ha competit en diverses proves a Espa\u00f1a; l&#8217;estructura Kamen Pazin de Cro\u00e0cia; aix\u00ed com l&#8217;equip AVC Aix en Provence, defensor del t\u00edtol de Adrien Maire l&#8217;any passat en la Volta Val\u00e8ncia.<\/p>\n\n\n\n<p>Entre els equips nacionals, destaquen els equips filials de conjunts professionals com l&#8217;Equip Cortizo, que lidera el r\u00e1nking de la temporada 2024 amb m\u00e9s de 30 vict\u00f2ries, i promociona als seus talents al Burgos BH; el Caixa Rural ALEA de Caixa Rural Assegurances RGA o el Team Polti Kometa que l&#8217;any passat va guanyar l&#8217;etapa final a Ayora. Tamb\u00e9 estar\u00e0 en la l\u00ednia d&#8217;eixida l&#8217;Illes Balears Arabay que va pujar al podi en 2023 amb l&#8217;ara professional Edgar Curto.<\/p>\n","protected":false},"excerpt":{"rendered":"<div class=\"mh-excerpt\">La Diputaci\u00f3 de Val\u00e8ncia acull la presentaci\u00f3 de la 14a edici\u00f3 de la ronda ciclista valenciana, una de les carreres m\u00e9s importants a nivell nacional en la categoria elit\/sub-23. La prova femenina debuta este dijous <a class=\"mh-excerpt-more\" href=\"https:\/\/www.tucomarca.com\/wordpress\/segunda\/ca\/la-volta-a-valencia-presenta-una-nova-edicio-estrenant-prova-femenina\/\" title=\"La Volta a Val\u00e8ncia presenta una nova edici\u00f3 estrenant prova femenina\">[+] <\/a><\/div>\n","protected":false},"author":12,"featured_media":235746,"comment_status":"open","ping_status":"open","sticky":false,"template":"","format":"standard","meta":{"footnotes":""},"categories":[10954,10951,11013,11003,10898,10894,10912,10896,10974,10975],"tags":[11163,11216,11071,11195,11146,11074,11246,10914,18825],"class_list":{"0":"post-235748","1":"post","2":"type-post","3":"status-publish","4":"format-standard","5":"has-post-thumbnail","7":"category-ayora-ca","8":"category-ayora-cofrentes-ca","9":"category-ciclismo-ca","10":"category-sports","11":"category-ventana-ca","12":"category-la-comarca-ca","13":"category-la-hoya-ca","14":"category-seccion-ca","15":"category-cheste-ca","16":"category-chiva-ca","17":"tag-ayora-ca","18":"tag-ayora-cofrentes-ca","19":"tag-cheste","20":"tag-chiva-ca","21":"tag-ciclismo-2-ca","22":"tag-deportes-ca","23":"tag-diputacio-de-valencia-ca","24":"tag-la-hoya-de-bunol-chiva-ca","25":"tag-vicent-mompo-ca"},"_links":{"self":[{"href":"https:\/\/www.tucomarca.com\/wordpress\/segunda\/ca\/wp-json\/wp\/v2\/posts\/235748","targetHints":{"allow":["GET"]}}],"collection":[{"href":"https:\/\/www.tucomarca.com\/wordpress\/segunda\/ca\/wp-json\/wp\/v2\/posts"}],"about":[{"href":"https:\/\/www.tucomarca.com\/wordpress\/segunda\/ca\/wp-json\/wp\/v2\/types\/post"}],"author":[{"embeddable":true,"href":"https:\/\/www.tucomarca.com\/wordpress\/segunda\/ca\/wp-json\/wp\/v2\/users\/12"}],"replies":[{"embeddable":true,"href":"https:\/\/www.tucomarca.com\/wordpress\/segunda\/ca\/wp-json\/wp\/v2\/comments?post=235748"}],"version-history":[{"count":0,"href":"https:\/\/www.tucomarca.com\/wordpress\/segunda\/ca\/wp-json\/wp\/v2\/posts\/235748\/revisions"}],"wp:featuredmedia":[{"embeddable":true,"href":"https:\/\/www.tucomarca.com\/wordpress\/segunda\/ca\/wp-json\/wp\/v2\/media\/235746"}],"wp:attachment":[{"href":"https:\/\/www.tucomarca.com\/wordpress\/segunda\/ca\/wp-json\/wp\/v2\/media?parent=235748"}],"wp:term":[{"taxonomy":"category","embeddable":true,"href":"https:\/\/www.tucomarca.com\/wordpress\/segunda\/ca\/wp-json\/wp\/v2\/categories?post=235748"},{"taxonomy":"post_tag","embeddable":true,"href":"https:\/\/www.tucomarca.com\/wordpress\/segunda\/ca\/wp-json\/wp\/v2\/tags?post=235748"}],"curies":[{"name":"wp","href":"https:\/\/api.w.org\/{rel}","templated":true}]}}