{"id":235807,"date":"2024-09-04T10:00:00","date_gmt":"2024-09-04T08:00:00","guid":{"rendered":"https:\/\/www.tucomarca.com\/wordpress\/segunda\/?p=235807"},"modified":"2024-09-04T17:24:07","modified_gmt":"2024-09-04T15:24:07","slug":"benaguasil-felicita-el-seu-vei-mes-longeu-ramon-barea-que-compleix-cent-anys","status":"publish","type":"post","link":"https:\/\/www.tucomarca.com\/wordpress\/segunda\/ca\/benaguasil-felicita-el-seu-vei-mes-longeu-ramon-barea-que-compleix-cent-anys\/","title":{"rendered":"Benaguasil felicita el seu ve\u00ed m\u00e9s longeu, Ram\u00f3n Barea, que compleix cent anys"},"content":{"rendered":"\n<h3 class=\"wp-block-heading\">L&#8217;alcalde va voler felicitar-lo personalment per aquesta fita.<\/h3>\n\n\n\n<h3 class=\"wp-block-heading\">Ram\u00f3n ha arribat als 100 anys de vida en plena forma f\u00edsica i mental.<\/h3>\n\n\n\n<p>El ve\u00ed de Benaguasil, Ram\u00f3n Barea Balaguer va complir fa uns dies 100 anys d&#8217;edat. I en aquesta efem\u00e8ride tan especial va voler felicitar-ho personalment l&#8217;alcalde de Benaguasil, Ximo Segarra.<\/p>\n\n\n\n<p>En nom de tot Benaguasil el primer edil li va entregar a Ram\u00f3n la seua partida de naixement, a m\u00e9s d&#8217;un ram de flors, l&#8217;escut del municipi i un quadre commemoratiu amb motiu del seu 100 aniversari, desitjant-li que complisca molts anys m\u00e9s envoltat dels seus sers estimats i amb l&#8217;excel\u00b7lent salut i el gran sentit de l&#8217;humor dels quals gaudeix en l&#8217;actualitat.<\/p>\n\n\n\n<p>Ram\u00f3n Barea va n\u00e0ixer el 31 d&#8217;agost de 1924. S&#8217;ha dedicat durant la seua vida laboral a l&#8217;agricultura i \u00e9s pare de tres fills, avi de 5 nets i besavi de 6 besnets. Malgrat haver aconseguit un segle de vida, Ram\u00f3n es troba b\u00e9 de salut, mantenint intactes les seues facultats.<\/p>\n\n\n\n<p>Envoltat de la seua fam\u00edlia, amics i sers estimats Ram\u00f3n ha celebrat el seu segle de vida al costat dels seus en una gran festa d&#8217;aniversari per a festejar els 100 anys d&#8217;un home que actualment \u00e9s l&#8217;avi m\u00e9s longeu de Benaguasil.<\/p>\n\n\n\n<figure class=\"wp-block-image size-large\"><img loading=\"lazy\" decoding=\"async\" width=\"1024\" height=\"683\" src=\"https:\/\/www.tucomarca.com\/wordpress\/segunda\/wp-content\/uploads\/2024\/09\/BenaguasilRamonBarea100_01-1024x683.jpg\" alt=\"\" class=\"wp-image-235802\" srcset=\"https:\/\/www.tucomarca.com\/wordpress\/segunda\/wp-content\/uploads\/2024\/09\/BenaguasilRamonBarea100_01-1024x683.jpg 1024w, https:\/\/www.tucomarca.com\/wordpress\/segunda\/wp-content\/uploads\/2024\/09\/BenaguasilRamonBarea100_01-300x200.jpg 300w, https:\/\/www.tucomarca.com\/wordpress\/segunda\/wp-content\/uploads\/2024\/09\/BenaguasilRamonBarea100_01-768x512.jpg 768w, https:\/\/www.tucomarca.com\/wordpress\/segunda\/wp-content\/uploads\/2024\/09\/BenaguasilRamonBarea100_01-1536x1024.jpg 1536w, https:\/\/www.tucomarca.com\/wordpress\/segunda\/wp-content\/uploads\/2024\/09\/BenaguasilRamonBarea100_01.jpg 1920w\" sizes=\"auto, (max-width: 1024px) 100vw, 1024px\" \/><\/figure>\n\n\n\n<figure class=\"wp-block-image size-large\"><img loading=\"lazy\" decoding=\"async\" width=\"1024\" height=\"866\" src=\"https:\/\/www.tucomarca.com\/wordpress\/segunda\/wp-content\/uploads\/2024\/09\/BenaguasilRamonBarea100_02-1024x866.jpg\" alt=\"\" class=\"wp-image-235804\" srcset=\"https:\/\/www.tucomarca.com\/wordpress\/segunda\/wp-content\/uploads\/2024\/09\/BenaguasilRamonBarea100_02-1024x866.jpg 1024w, https:\/\/www.tucomarca.com\/wordpress\/segunda\/wp-content\/uploads\/2024\/09\/BenaguasilRamonBarea100_02-300x254.jpg 300w, https:\/\/www.tucomarca.com\/wordpress\/segunda\/wp-content\/uploads\/2024\/09\/BenaguasilRamonBarea100_02-768x650.jpg 768w, https:\/\/www.tucomarca.com\/wordpress\/segunda\/wp-content\/uploads\/2024\/09\/BenaguasilRamonBarea100_02.jpg 1536w\" sizes=\"auto, (max-width: 1024px) 100vw, 1024px\" \/><\/figure>\n","protected":false},"excerpt":{"rendered":"<div class=\"mh-excerpt\">L&#8217;alcalde va voler felicitar-lo personalment per aquesta fita. Ram\u00f3n ha arribat als 100 anys de vida en plena forma f\u00edsica i mental. El ve\u00ed de Benaguasil, Ram\u00f3n Barea Balaguer va complir fa uns dies 100 <a class=\"mh-excerpt-more\" href=\"https:\/\/www.tucomarca.com\/wordpress\/segunda\/ca\/benaguasil-felicita-el-seu-vei-mes-longeu-ramon-barea-que-compleix-cent-anys\/\" title=\"Benaguasil felicita el seu ve\u00ed m\u00e9s longeu, Ram\u00f3n Barea, que compleix cent anys\">[+] <\/a><\/div>\n","protected":false},"author":12,"featured_media":235801,"comment_status":"open","ping_status":"open","sticky":false,"template":"","format":"image","meta":{"footnotes":""},"categories":[10952,10892,10894,10896],"tags":[11136,10899,10901],"class_list":{"0":"post-235807","1":"post","2":"type-post","3":"status-publish","4":"format-image","5":"has-post-thumbnail","7":"category-benaguasil-ca","8":"category-camp-de-turia-ca","9":"category-la-comarca-ca","10":"category-seccion-ca","11":"tag-benaguasil-ca","12":"tag-camp-de-turia-ca","13":"tag-sucesos-ca","14":"post_format-post-format-image"},"_links":{"self":[{"href":"https:\/\/www.tucomarca.com\/wordpress\/segunda\/ca\/wp-json\/wp\/v2\/posts\/235807","targetHints":{"allow":["GET"]}}],"collection":[{"href":"https:\/\/www.tucomarca.com\/wordpress\/segunda\/ca\/wp-json\/wp\/v2\/posts"}],"about":[{"href":"https:\/\/www.tucomarca.com\/wordpress\/segunda\/ca\/wp-json\/wp\/v2\/types\/post"}],"author":[{"embeddable":true,"href":"https:\/\/www.tucomarca.com\/wordpress\/segunda\/ca\/wp-json\/wp\/v2\/users\/12"}],"replies":[{"embeddable":true,"href":"https:\/\/www.tucomarca.com\/wordpress\/segunda\/ca\/wp-json\/wp\/v2\/comments?post=235807"}],"version-history":[{"count":0,"href":"https:\/\/www.tucomarca.com\/wordpress\/segunda\/ca\/wp-json\/wp\/v2\/posts\/235807\/revisions"}],"wp:featuredmedia":[{"embeddable":true,"href":"https:\/\/www.tucomarca.com\/wordpress\/segunda\/ca\/wp-json\/wp\/v2\/media\/235801"}],"wp:attachment":[{"href":"https:\/\/www.tucomarca.com\/wordpress\/segunda\/ca\/wp-json\/wp\/v2\/media?parent=235807"}],"wp:term":[{"taxonomy":"category","embeddable":true,"href":"https:\/\/www.tucomarca.com\/wordpress\/segunda\/ca\/wp-json\/wp\/v2\/categories?post=235807"},{"taxonomy":"post_tag","embeddable":true,"href":"https:\/\/www.tucomarca.com\/wordpress\/segunda\/ca\/wp-json\/wp\/v2\/tags?post=235807"}],"curies":[{"name":"wp","href":"https:\/\/api.w.org\/{rel}","templated":true}]}}