{"id":235872,"date":"2024-09-06T09:00:00","date_gmt":"2024-09-06T07:00:00","guid":{"rendered":"https:\/\/www.tucomarca.com\/wordpress\/segunda\/?p=235872"},"modified":"2024-09-06T10:47:40","modified_gmt":"2024-09-06T08:47:40","slug":"domeno-completara-lasfaltat-dels-seus-carrers-i-la-renovacio-de-la-xarxa-hidrica-i-lenllumenat-amb-ajuda-de-la-diputacio","status":"publish","type":"post","link":"https:\/\/www.tucomarca.com\/wordpress\/segunda\/ca\/domeno-completara-lasfaltat-dels-seus-carrers-i-la-renovacio-de-la-xarxa-hidrica-i-lenllumenat-amb-ajuda-de-la-diputacio\/","title":{"rendered":"Dome\u00f1o completar\u00e0 l&#8217;asfaltat dels seus carrers i la renovaci\u00f3 de la xarxa h\u00eddrica i l&#8217;enllumenat amb ajuda de la Diputaci\u00f3"},"content":{"rendered":"\n<h3 class=\"wp-block-heading\"><strong><strong>El president de la corporaci\u00f3 provincial, Vicent Momp\u00f3, es reunix amb l&#8217;alcalde del municipi de la Serran\u00eda, Francisco G\u00f3mez, per a repassar els projectes que executar\u00e0 el consistori amb els fons de la Diputaci\u00f3<\/strong><\/strong>.<\/h3>\n\n\n\n<p>Dome\u00f1o completar\u00e0 durant la present legislatura l&#8217;asfaltat dels seus carrers i la renovaci\u00f3 tant de l&#8217;enllumenat com de la xarxa de sanejament i aigua potable amb ajuda de la Diputaci\u00f3 de Val\u00e8ncia. Aix\u00ed ho va avan\u00e7ar l&#8217;alcalde del municipi de la Serran\u00eda, Francisco G\u00f3mez, durant la reuni\u00f3 mantinguda en seu provincial amb el president de la Diputaci\u00f3, Vicent Momp\u00f3, a qui va traslladar les necessitats del poble i els reptes que est\u00e0 disposat a emprendre com a m\u00e0xim responsable de l&#8217;ajuntament.<\/p>\n\n\n\n<p>G\u00f3mez va agrair al president Momp\u00f3 \u201cl&#8217;efic\u00e0cia del nou pla d&#8217;inversions\u201d i li va explicar les prioritats del seu consistori a l&#8217;hora d&#8217;invertir les ajudes que li corresponen en el marc del pla. Dome\u00f1o t\u00e9 assignats 948.000 euros en el Pla Obert, 200.000 euros m\u00e9s que en l&#8217;anterior legislatura. A esta quantitat cal sumar els 150.000 euros que li corresponen de l&#8217;aportaci\u00f3 provincial al Fons de Cooperaci\u00f3 de 2024. Amb estos diners, \u201cacabarem d&#8217;asfaltar els carrers, substituirem l&#8217;enllumenat per un de tecnologia led de major rendiment i acabarem la xarxa de l&#8217;aigua llevant les canonades de fibrociment i renovant les bombes del pou\u201d.<\/p>\n\n\n\n<p>No s\u00f3n els \u00fanics projectes que t\u00e9 al cap Francisco G\u00f3mez per a millorar el seu poble. L&#8217;alcalde de Dome\u00f1o contempla el carril bici que connectar\u00e0 el municipi amb el carril de la CV-35, per a evitar accidents; la millora de l&#8217;enllumenat del pol\u00edgon; pintar l&#8217;interior de l&#8217;esgl\u00e9sia i inaugurar l&#8217;ermita. Per a portar avant estes actuacions, \u201ccomptem amb l&#8217;ajuda de la Diputaci\u00f3, que \u00e9s una instituci\u00f3 vital per als ajuntaments i que ens oferix assessorament t\u00e8cnic a m\u00e9s de les aportacions econ\u00f2miques\u201d. Com a reivindicaci\u00f3, G\u00f3mez proposa \u201cl&#8217;atenci\u00f3 d&#8217;un enginyer t\u00e8cnic que complete el servici que ens presten els arquitectes als municipis m\u00e9s xicotets\u201d.<\/p>\n\n\n\n<p>Per part seua, el president de la Diputaci\u00f3, Vicent Momp\u00f3, va insistir despr\u00e9s de la reuni\u00f3 amb l&#8217;alcalde de Dome\u00f1o en \u201cla import\u00e0ncia d&#8217;escoltar els responsables locals per a con\u00e9ixer les seues necessitats i poder contribuir a aportar les solucions que milloren la qualitat de vida de les seues ve\u00efnes i ve\u00efns\u201d. En opini\u00f3 de Momp\u00f3, \u201cesta \u00e9s la millor manera de tindre una Diputaci\u00f3 pr\u00f2xima als municipis, no sols perqu\u00e8 ho diguem i anunciem plans i ajudes, sin\u00f3 perqu\u00e8 ho demostrem posant-nos a la disposici\u00f3 dels alcaldes i alcaldesses, prenent nota de les seues reivindicacions i tractant de resoldre-les en tot el que estiga al nostre abast\u201d.<\/p>\n","protected":false},"excerpt":{"rendered":"<div class=\"mh-excerpt\">El president de la corporaci\u00f3 provincial, Vicent Momp\u00f3, es reunix amb l&#8217;alcalde del municipi de la Serran\u00eda, Francisco G\u00f3mez, per a repassar els projectes que executar\u00e0 el consistori amb els fons de la Diputaci\u00f3. Dome\u00f1o <a class=\"mh-excerpt-more\" href=\"https:\/\/www.tucomarca.com\/wordpress\/segunda\/ca\/domeno-completara-lasfaltat-dels-seus-carrers-i-la-renovacio-de-la-xarxa-hidrica-i-lenllumenat-amb-ajuda-de-la-diputacio\/\" title=\"Dome\u00f1o completar\u00e0 l&#8217;asfaltat dels seus carrers i la renovaci\u00f3 de la xarxa h\u00eddrica i l&#8217;enllumenat amb ajuda de la Diputaci\u00f3\">[+] <\/a><\/div>\n","protected":false},"author":13,"featured_media":235870,"comment_status":"open","ping_status":"open","sticky":false,"template":"","format":"standard","meta":{"footnotes":""},"categories":[11035,11046,10898,10948,10894,10947,10896],"tags":[15612,12903,21009,11080,18825],"class_list":{"0":"post-235872","1":"post","2":"type-post","3":"status-publish","4":"format-standard","5":"has-post-thumbnail","7":"category-domeno-ca","8":"category-los-serranos-ca","9":"category-ventana-ca","10":"category-infraestructuras-ca","11":"category-la-comarca-ca","12":"category-politica","13":"category-seccion-ca","14":"tag-domeno-ca","15":"tag-infraestructuras-ca","16":"tag-la-diputacio-de-valencia-ca","17":"tag-los-serranos-ca","18":"tag-vicent-mompo-ca"},"_links":{"self":[{"href":"https:\/\/www.tucomarca.com\/wordpress\/segunda\/ca\/wp-json\/wp\/v2\/posts\/235872","targetHints":{"allow":["GET"]}}],"collection":[{"href":"https:\/\/www.tucomarca.com\/wordpress\/segunda\/ca\/wp-json\/wp\/v2\/posts"}],"about":[{"href":"https:\/\/www.tucomarca.com\/wordpress\/segunda\/ca\/wp-json\/wp\/v2\/types\/post"}],"author":[{"embeddable":true,"href":"https:\/\/www.tucomarca.com\/wordpress\/segunda\/ca\/wp-json\/wp\/v2\/users\/13"}],"replies":[{"embeddable":true,"href":"https:\/\/www.tucomarca.com\/wordpress\/segunda\/ca\/wp-json\/wp\/v2\/comments?post=235872"}],"version-history":[{"count":0,"href":"https:\/\/www.tucomarca.com\/wordpress\/segunda\/ca\/wp-json\/wp\/v2\/posts\/235872\/revisions"}],"wp:featuredmedia":[{"embeddable":true,"href":"https:\/\/www.tucomarca.com\/wordpress\/segunda\/ca\/wp-json\/wp\/v2\/media\/235870"}],"wp:attachment":[{"href":"https:\/\/www.tucomarca.com\/wordpress\/segunda\/ca\/wp-json\/wp\/v2\/media?parent=235872"}],"wp:term":[{"taxonomy":"category","embeddable":true,"href":"https:\/\/www.tucomarca.com\/wordpress\/segunda\/ca\/wp-json\/wp\/v2\/categories?post=235872"},{"taxonomy":"post_tag","embeddable":true,"href":"https:\/\/www.tucomarca.com\/wordpress\/segunda\/ca\/wp-json\/wp\/v2\/tags?post=235872"}],"curies":[{"name":"wp","href":"https:\/\/api.w.org\/{rel}","templated":true}]}}