{"id":236445,"date":"2024-09-11T11:00:00","date_gmt":"2024-09-11T09:00:00","guid":{"rendered":"https:\/\/www.tucomarca.com\/wordpress\/segunda\/?p=236445"},"modified":"2024-09-11T12:09:57","modified_gmt":"2024-09-11T10:09:57","slug":"fotogaleria-xiva-es-bolca-en-els-actes-religiosos-de-les-seues-festes-de-setembre-en-honor-a-la-verge-del-castell","status":"publish","type":"post","link":"https:\/\/www.tucomarca.com\/wordpress\/segunda\/ca\/fotogaleria-xiva-es-bolca-en-els-actes-religiosos-de-les-seues-festes-de-setembre-en-honor-a-la-verge-del-castell\/","title":{"rendered":"Fotogaler\u00eda: Xiva es bolca en els actes religiosos de les seues Festes de Setembre en honor a la Verge del Castell"},"content":{"rendered":"\n<p>Les Festes de Setembre a Xiva s\u00f3n una celebraci\u00f3 plena de tradici\u00f3 i fervor, com estan demostrant aquests dies els ve\u00efns i ve\u00efnes de la localitat. Ja aquest passat dissabte, 7 de setembre, es va realitzar una emotiva ofrena de flors a la patrona, la Verge del Castell, que va rec\u00f3rrer la localitat des de l&#8217;Avinguda de l&#8217;Estaci\u00f3 fins a la Pla\u00e7a Enrique Ponce. La nit va culminar amb la Revetla del Mant\u00f3, on es van lluir amb orgull per a ballar al ritme d&#8217;una orquestra en la Pla\u00e7a de la Constituci\u00f3.<\/p>\n\n\n\n<p>El diumenge, 8 de setembre, va ser el Dia de la Verge, que va incloure actes en el seu honor des de primerenc, amb el volteig de campanes a l&#8217;alba, una solemne missa a les 12,00 hores i l&#8217;esperada process\u00f3 a les 20,00 hores. El dia va tancar amb un espectacular castell de focs artificials a les 22,00 hores.<\/p>\n\n\n\n<p><strong>Programa per al cap de setmana<\/strong><\/p>\n\n\n\n<p>Per\u00f2 els festejos no han acabat encara, ja que aquest cap de setmana continua la festa a Xiva. Aquest divendres, 13 de setembre, es realitzaran les populars paelles, i el 14 i 15 de setembre se celebraran les esperades disfresses i la cavalcada.<\/p>\n\n\n\n<p>Abans, el dijous, 12 de setembre, es realitzar\u00e0 el preg\u00f3 a les 19,00 hores, marcant l&#8217;inici dels actes que culminaran amb la recreaci\u00f3 hist\u00f2rica de la Batalla de Xiva, programada per al 21 de setembre en l&#8217;antic institut.<\/p>\n\n\n\n<p>Aquesta recreaci\u00f3 comptar\u00e0 amb la col\u00b7laboraci\u00f3 de l&#8217;Associaci\u00f3 Cultural d&#8217;Amics del Museu Hist\u00f2ric Militar de Val\u00e8ncia, el Centre d&#8217;Estudis Chivanos i el grup de teatre Exklafido.<\/p>\n\n\n\n<figure class=\"wp-block-gallery has-nested-images columns-1 is-cropped wp-block-gallery-1 is-layout-flex wp-block-gallery-is-layout-flex\">\n<figure class=\"wp-block-image size-large\"><img loading=\"lazy\" decoding=\"async\" width=\"1024\" height=\"768\" data-id=\"236393\" src=\"https:\/\/www.tucomarca.com\/wordpress\/segunda\/wp-content\/uploads\/2024\/09\/ChivaSeptiembre01-1024x768.jpg\" alt=\"\" class=\"wp-image-236393\" srcset=\"https:\/\/www.tucomarca.com\/wordpress\/segunda\/wp-content\/uploads\/2024\/09\/ChivaSeptiembre01-1024x768.jpg 1024w, https:\/\/www.tucomarca.com\/wordpress\/segunda\/wp-content\/uploads\/2024\/09\/ChivaSeptiembre01-300x225.jpg 300w, https:\/\/www.tucomarca.com\/wordpress\/segunda\/wp-content\/uploads\/2024\/09\/ChivaSeptiembre01-768x576.jpg 768w, https:\/\/www.tucomarca.com\/wordpress\/segunda\/wp-content\/uploads\/2024\/09\/ChivaSeptiembre01-1536x1152.jpg 1536w, https:\/\/www.tucomarca.com\/wordpress\/segunda\/wp-content\/uploads\/2024\/09\/ChivaSeptiembre01-678x509.jpg 678w, https:\/\/www.tucomarca.com\/wordpress\/segunda\/wp-content\/uploads\/2024\/09\/ChivaSeptiembre01-326x245.jpg 326w, https:\/\/www.tucomarca.com\/wordpress\/segunda\/wp-content\/uploads\/2024\/09\/ChivaSeptiembre01-80x60.jpg 80w, https:\/\/www.tucomarca.com\/wordpress\/segunda\/wp-content\/uploads\/2024\/09\/ChivaSeptiembre01.jpg 2048w\" sizes=\"auto, (max-width: 1024px) 100vw, 1024px\" \/><\/figure>\n\n\n\n<figure class=\"wp-block-image size-large\"><img loading=\"lazy\" decoding=\"async\" width=\"768\" height=\"1024\" data-id=\"236391\" src=\"https:\/\/www.tucomarca.com\/wordpress\/segunda\/wp-content\/uploads\/2024\/09\/ChivaSeptiembre02-768x1024.jpg\" alt=\"\" class=\"wp-image-236391\" srcset=\"https:\/\/www.tucomarca.com\/wordpress\/segunda\/wp-content\/uploads\/2024\/09\/ChivaSeptiembre02-768x1024.jpg 768w, https:\/\/www.tucomarca.com\/wordpress\/segunda\/wp-content\/uploads\/2024\/09\/ChivaSeptiembre02-225x300.jpg 225w, https:\/\/www.tucomarca.com\/wordpress\/segunda\/wp-content\/uploads\/2024\/09\/ChivaSeptiembre02-1152x1536.jpg 1152w, https:\/\/www.tucomarca.com\/wordpress\/segunda\/wp-content\/uploads\/2024\/09\/ChivaSeptiembre02.jpg 1536w\" sizes=\"auto, (max-width: 768px) 100vw, 768px\" \/><\/figure>\n\n\n\n<figure class=\"wp-block-image size-large\"><img loading=\"lazy\" decoding=\"async\" width=\"770\" height=\"1024\" data-id=\"236396\" src=\"https:\/\/www.tucomarca.com\/wordpress\/segunda\/wp-content\/uploads\/2024\/09\/ChivaSeptiembre04-770x1024.jpg\" alt=\"\" class=\"wp-image-236396\" srcset=\"https:\/\/www.tucomarca.com\/wordpress\/segunda\/wp-content\/uploads\/2024\/09\/ChivaSeptiembre04-770x1024.jpg 770w, https:\/\/www.tucomarca.com\/wordpress\/segunda\/wp-content\/uploads\/2024\/09\/ChivaSeptiembre04-226x300.jpg 226w, https:\/\/www.tucomarca.com\/wordpress\/segunda\/wp-content\/uploads\/2024\/09\/ChivaSeptiembre04-768x1021.jpg 768w, https:\/\/www.tucomarca.com\/wordpress\/segunda\/wp-content\/uploads\/2024\/09\/ChivaSeptiembre04.jpg 828w\" sizes=\"auto, (max-width: 770px) 100vw, 770px\" \/><\/figure>\n\n\n\n<figure class=\"wp-block-image size-large\"><img loading=\"lazy\" decoding=\"async\" width=\"1024\" height=\"768\" data-id=\"236400\" src=\"https:\/\/www.tucomarca.com\/wordpress\/segunda\/wp-content\/uploads\/2024\/09\/ChivaSeptiembre-1024x768.jpg\" alt=\"\" class=\"wp-image-236400\" srcset=\"https:\/\/www.tucomarca.com\/wordpress\/segunda\/wp-content\/uploads\/2024\/09\/ChivaSeptiembre-1024x768.jpg 1024w, https:\/\/www.tucomarca.com\/wordpress\/segunda\/wp-content\/uploads\/2024\/09\/ChivaSeptiembre-300x225.jpg 300w, https:\/\/www.tucomarca.com\/wordpress\/segunda\/wp-content\/uploads\/2024\/09\/ChivaSeptiembre-768x576.jpg 768w, https:\/\/www.tucomarca.com\/wordpress\/segunda\/wp-content\/uploads\/2024\/09\/ChivaSeptiembre-678x509.jpg 678w, https:\/\/www.tucomarca.com\/wordpress\/segunda\/wp-content\/uploads\/2024\/09\/ChivaSeptiembre-326x245.jpg 326w, https:\/\/www.tucomarca.com\/wordpress\/segunda\/wp-content\/uploads\/2024\/09\/ChivaSeptiembre-80x60.jpg 80w, https:\/\/www.tucomarca.com\/wordpress\/segunda\/wp-content\/uploads\/2024\/09\/ChivaSeptiembre.jpg 1440w\" sizes=\"auto, (max-width: 1024px) 100vw, 1024px\" \/><\/figure>\n\n\n\n<figure class=\"wp-block-image size-large\"><img loading=\"lazy\" decoding=\"async\" width=\"1024\" height=\"768\" data-id=\"236402\" src=\"https:\/\/www.tucomarca.com\/wordpress\/segunda\/wp-content\/uploads\/2024\/09\/ChivaSeptiembre2-1024x768.jpg\" alt=\"\" class=\"wp-image-236402\" srcset=\"https:\/\/www.tucomarca.com\/wordpress\/segunda\/wp-content\/uploads\/2024\/09\/ChivaSeptiembre2-1024x768.jpg 1024w, https:\/\/www.tucomarca.com\/wordpress\/segunda\/wp-content\/uploads\/2024\/09\/ChivaSeptiembre2-300x225.jpg 300w, https:\/\/www.tucomarca.com\/wordpress\/segunda\/wp-content\/uploads\/2024\/09\/ChivaSeptiembre2-768x576.jpg 768w, https:\/\/www.tucomarca.com\/wordpress\/segunda\/wp-content\/uploads\/2024\/09\/ChivaSeptiembre2-678x509.jpg 678w, https:\/\/www.tucomarca.com\/wordpress\/segunda\/wp-content\/uploads\/2024\/09\/ChivaSeptiembre2-326x245.jpg 326w, https:\/\/www.tucomarca.com\/wordpress\/segunda\/wp-content\/uploads\/2024\/09\/ChivaSeptiembre2-80x60.jpg 80w, https:\/\/www.tucomarca.com\/wordpress\/segunda\/wp-content\/uploads\/2024\/09\/ChivaSeptiembre2.jpg 1201w\" sizes=\"auto, (max-width: 1024px) 100vw, 1024px\" \/><\/figure>\n<\/figure>\n","protected":false},"excerpt":{"rendered":"<div class=\"mh-excerpt\">Les Festes de Setembre a Xiva s\u00f3n una celebraci\u00f3 plena de tradici\u00f3 i fervor, com estan demostrant aquests dies els ve\u00efns i ve\u00efnes de la localitat. Ja aquest passat dissabte, 7 de setembre, es va <a class=\"mh-excerpt-more\" href=\"https:\/\/www.tucomarca.com\/wordpress\/segunda\/ca\/fotogaleria-xiva-es-bolca-en-els-actes-religiosos-de-les-seues-festes-de-setembre-en-honor-a-la-verge-del-castell\/\" title=\"Fotogaler\u00eda: Xiva es bolca en els actes religiosos de les seues Festes de Setembre en honor a la Verge del Castell\">[+] <\/a><\/div>\n","protected":false},"author":12,"featured_media":236405,"comment_status":"open","ping_status":"open","sticky":false,"template":"","format":"gallery","meta":{"footnotes":""},"categories":[10898,10894,10912,11004,11007,11008,10896,10975],"tags":[11195,21169,10914],"class_list":{"0":"post-236445","1":"post","2":"type-post","3":"status-publish","4":"format-gallery","5":"has-post-thumbnail","7":"category-ventana-ca","8":"category-la-comarca-ca","9":"category-la-hoya-ca","10":"category-la-semana-en-imagenes-ca","11":"category-ocio-y-cultura-ca","12":"category-pueblos-en-fiestas-ca","13":"category-seccion-ca","14":"category-chiva-ca","15":"tag-chiva-ca","16":"tag-fiestas-de-septiembre-ca","17":"tag-la-hoya-de-bunol-chiva-ca","18":"post_format-post-format-gallery"},"_links":{"self":[{"href":"https:\/\/www.tucomarca.com\/wordpress\/segunda\/ca\/wp-json\/wp\/v2\/posts\/236445","targetHints":{"allow":["GET"]}}],"collection":[{"href":"https:\/\/www.tucomarca.com\/wordpress\/segunda\/ca\/wp-json\/wp\/v2\/posts"}],"about":[{"href":"https:\/\/www.tucomarca.com\/wordpress\/segunda\/ca\/wp-json\/wp\/v2\/types\/post"}],"author":[{"embeddable":true,"href":"https:\/\/www.tucomarca.com\/wordpress\/segunda\/ca\/wp-json\/wp\/v2\/users\/12"}],"replies":[{"embeddable":true,"href":"https:\/\/www.tucomarca.com\/wordpress\/segunda\/ca\/wp-json\/wp\/v2\/comments?post=236445"}],"version-history":[{"count":0,"href":"https:\/\/www.tucomarca.com\/wordpress\/segunda\/ca\/wp-json\/wp\/v2\/posts\/236445\/revisions"}],"wp:featuredmedia":[{"embeddable":true,"href":"https:\/\/www.tucomarca.com\/wordpress\/segunda\/ca\/wp-json\/wp\/v2\/media\/236405"}],"wp:attachment":[{"href":"https:\/\/www.tucomarca.com\/wordpress\/segunda\/ca\/wp-json\/wp\/v2\/media?parent=236445"}],"wp:term":[{"taxonomy":"category","embeddable":true,"href":"https:\/\/www.tucomarca.com\/wordpress\/segunda\/ca\/wp-json\/wp\/v2\/categories?post=236445"},{"taxonomy":"post_tag","embeddable":true,"href":"https:\/\/www.tucomarca.com\/wordpress\/segunda\/ca\/wp-json\/wp\/v2\/tags?post=236445"}],"curies":[{"name":"wp","href":"https:\/\/api.w.org\/{rel}","templated":true}]}}