{"id":236454,"date":"2024-09-11T12:00:00","date_gmt":"2024-09-11T10:00:00","guid":{"rendered":"https:\/\/www.tucomarca.com\/wordpress\/segunda\/?p=236454"},"modified":"2024-09-11T12:20:04","modified_gmt":"2024-09-11T10:20:04","slug":"lajuntament-de-bunyol-iniciara-aquesta-setmana-unes-obres-per-a-alleujar-laportacio-daigua-de-pluja-al-collector-del-carrer-gomez-ferrer","status":"publish","type":"post","link":"https:\/\/www.tucomarca.com\/wordpress\/segunda\/ca\/lajuntament-de-bunyol-iniciara-aquesta-setmana-unes-obres-per-a-alleujar-laportacio-daigua-de-pluja-al-collector-del-carrer-gomez-ferrer\/","title":{"rendered":"L&#8217;Ajuntament de Bunyol iniciar\u00e0 aquesta setmana unes obres per a alleujar l&#8217;aportaci\u00f3 d&#8217;aigua de pluja al col\u00b7lector del carrer G\u00f3mez Ferrer"},"content":{"rendered":"\n<figure class=\"wp-block-image size-large\"><img loading=\"lazy\" decoding=\"async\" width=\"1024\" height=\"768\" src=\"http:\/\/www.tucomarca.com\/wordpress\/segunda\/wp-content\/uploads\/2024\/09\/Floridablancatrapas1-1024x768.jpg\" alt=\"\" class=\"wp-image-236434\" srcset=\"https:\/\/www.tucomarca.com\/wordpress\/segunda\/wp-content\/uploads\/2024\/09\/Floridablancatrapas1-1024x768.jpg 1024w, https:\/\/www.tucomarca.com\/wordpress\/segunda\/wp-content\/uploads\/2024\/09\/Floridablancatrapas1-300x225.jpg 300w, https:\/\/www.tucomarca.com\/wordpress\/segunda\/wp-content\/uploads\/2024\/09\/Floridablancatrapas1-768x576.jpg 768w, https:\/\/www.tucomarca.com\/wordpress\/segunda\/wp-content\/uploads\/2024\/09\/Floridablancatrapas1-678x509.jpg 678w, https:\/\/www.tucomarca.com\/wordpress\/segunda\/wp-content\/uploads\/2024\/09\/Floridablancatrapas1-326x245.jpg 326w, https:\/\/www.tucomarca.com\/wordpress\/segunda\/wp-content\/uploads\/2024\/09\/Floridablancatrapas1-80x60.jpg 80w, https:\/\/www.tucomarca.com\/wordpress\/segunda\/wp-content\/uploads\/2024\/09\/Floridablancatrapas1.jpg 1181w\" sizes=\"auto, (max-width: 1024px) 100vw, 1024px\" \/><\/figure>\n\n\n\n<p>El regidor responsable de l&#8217;\u00e0rea d&#8217;Obres P\u00fabliques i Serveis de l&#8217;Ajuntament de Bunyol, Sergio Galarza, ha avan\u00e7at a tucomarca.com &#8220;que o b\u00e9 a la fi d&#8217;aquesta setmana, o a tot estirar a principi de la qual ve, tenim previst escometre unes obres per a minimitzar els problemes amb les pluges torrencials del carrer G\u00f3mez Ferrer i solucionar-ho provisionalment a l&#8217;espera de la soluci\u00f3 definitiva&#8221;.<\/p>\n\n\n\n<p>Ja que Sergio Galarza ha posat l&#8217;accent que la intenci\u00f3 del consistori bu\u00f1olense \u00e9s la de &#8220;escometre una soluci\u00f3 definitiva al problema amb el col\u00b7lector i les aig\u00fces pluvials al carrer G\u00f3mez Ferrer, que passa primer per la realitzaci\u00f3 d&#8217;un estudi per a determinar exactament les obres que hem de fer i evitar el que passa en eixe carrer cada vegada que plou torrencialment. Despr\u00e9s hem d&#8217;elaborar un projecte d&#8217;obres i finalment hem d&#8217;adjudicar-lo i escometre&#8217;l per a erradicar aquest problema i donar-li una soluci\u00f3 definitiva als ve\u00efns, que \u00e9s per al que estem&#8221;.<\/p>\n\n\n\n<p>Perqu\u00e8 el responsable d&#8217;Obres Municipals de l&#8217;Ajuntament de Bunyol ha explicat que aquesta situaci\u00f3 &#8220;es deu al fet que el col\u00b7lector del carrer G\u00f3mez Ferrer rep l&#8217;aportaci\u00f3 d&#8217;aigua de pluja dels col\u00b7lectors de tres carrers: la Floridablanca, Hern\u00e1n Cort\u00e9s i Facundo Tom\u00e1s, amb el que el volum d&#8217;aigua per a evacuar \u00e9s massa gran i provoca el problema al qual ara hem de posar soluci\u00f3&#8221;.<\/p>\n\n\n\n<p>Sergio Galarza ha avan\u00e7at que les obres que l&#8217;Ajuntament escometr\u00e0 ara es duran a terme &#8220;al carrer Floridablanca, a l&#8217;altura aproximada de la Llar del Jubilat, per a connectar mitjan\u00e7ant un sobreeixidor el col\u00b7lector que baixa per eixe carrer amb la qual continua cap avall i descarregar el volum d&#8217;aigua&#8221;, ja que el regidor ha explicat que actualment &#8220;eixe vaig desguassar gira a l&#8217;esquerra cap a la pla\u00e7a Central i es connecta amb el carrer G\u00f3mez Ferrer, per la qual cosa amb aquestes obres provisionals el que farem ser\u00e0 alleujar en part el cabal que baixaria en cas d&#8217;altres pluges torrencials&#8221;.<\/p>\n\n\n\n<p><strong>Critiques des de l&#8217;oposici\u00f3<\/strong><\/p>\n\n\n\n<p>Sergio Galarza ha recordat a m\u00e9s que el problema amb el col\u00b7lector del carrer G\u00f3mez Ferrer, que ha sigut durament criticat per part dels grups de l&#8217;oposici\u00f3 municipal despr\u00e9s de les pluges torrencials registrades durant les \u00faltimes setmanes, &#8220;no \u00e9s nou&#8221;, ja que el regidor ha recordat que quan &#8220;el mes de maig va col\u00b7lapsar el carrer descobrim registres d&#8217;entrada a l&#8217;Ajuntament dels ve\u00efns d&#8217;almenys l&#8217;any 2022, quan es va digitalitzar el registre, on es demanaven solucions al llavors govern municipal del PSOE per a pal\u00b7liar els problemes amb les pluges al carrer, perqu\u00e8 l&#8217;aigua se&#8217;ls ficava ja a les cases als ve\u00efns&#8221;.<\/p>\n\n\n\n<p>El responsable d&#8217;Obres P\u00fabliques tamb\u00e9 s&#8217;ha preguntat &#8220;perqu\u00e8 els mateixos que ara ho critiquen no ho van solucionar anys #arrere quan estaven en el govern, quan portaven molt de temps els ve\u00efns denunciant aquest problema que ara s&#8217;ha desbordat en col\u00b7lapsar el carrer&#8221;.<\/p>\n\n\n\n<p>Sergio Galarza tamb\u00e9 ha recordat que fa mesos que ja van mantindre &#8220;reunions fins amb tres t\u00e8cnics especialitzats en la mat\u00e8ria per a solucionar el problema del carrer que, insistisc, ve de molts anys #arrere. I ha sigut ara, en la nostra legislatura, quan ha col\u00b7lapsat&#8221;.<\/p>\n","protected":false},"excerpt":{"rendered":"<div class=\"mh-excerpt\">El regidor responsable de l&#8217;\u00e0rea d&#8217;Obres P\u00fabliques i Serveis de l&#8217;Ajuntament de Bunyol, Sergio Galarza, ha avan\u00e7at a tucomarca.com &#8220;que o b\u00e9 a la fi d&#8217;aquesta setmana, o a tot estirar a principi de la <a class=\"mh-excerpt-more\" href=\"https:\/\/www.tucomarca.com\/wordpress\/segunda\/ca\/lajuntament-de-bunyol-iniciara-aquesta-setmana-unes-obres-per-a-alleujar-laportacio-daigua-de-pluja-al-collector-del-carrer-gomez-ferrer\/\" title=\"L&#8217;Ajuntament de Bunyol iniciar\u00e0 aquesta setmana unes obres per a alleujar l&#8217;aportaci\u00f3 d&#8217;aigua de pluja al col\u00b7lector del carrer G\u00f3mez Ferrer\">[+] <\/a><\/div>\n","protected":false},"author":1,"featured_media":236435,"comment_status":"open","ping_status":"open","sticky":false,"template":"","format":"standard","meta":{"footnotes":""},"categories":[10911,10898,10948,10894,10912,10947,10896,10897],"tags":[10913,21170,10914,12859],"class_list":{"0":"post-236454","1":"post","2":"type-post","3":"status-publish","4":"format-standard","5":"has-post-thumbnail","7":"category-bunol-ca","8":"category-ventana-ca","9":"category-infraestructuras-ca","10":"category-la-comarca-ca","11":"category-la-hoya-ca","12":"category-politica","13":"category-seccion-ca","14":"category-sucesos-la-comarca-ca","15":"tag-bunol-ca","16":"tag-calle-ca","17":"tag-la-hoya-de-bunol-chiva-ca","18":"tag-obras-ca"},"_links":{"self":[{"href":"https:\/\/www.tucomarca.com\/wordpress\/segunda\/ca\/wp-json\/wp\/v2\/posts\/236454","targetHints":{"allow":["GET"]}}],"collection":[{"href":"https:\/\/www.tucomarca.com\/wordpress\/segunda\/ca\/wp-json\/wp\/v2\/posts"}],"about":[{"href":"https:\/\/www.tucomarca.com\/wordpress\/segunda\/ca\/wp-json\/wp\/v2\/types\/post"}],"author":[{"embeddable":true,"href":"https:\/\/www.tucomarca.com\/wordpress\/segunda\/ca\/wp-json\/wp\/v2\/users\/1"}],"replies":[{"embeddable":true,"href":"https:\/\/www.tucomarca.com\/wordpress\/segunda\/ca\/wp-json\/wp\/v2\/comments?post=236454"}],"version-history":[{"count":0,"href":"https:\/\/www.tucomarca.com\/wordpress\/segunda\/ca\/wp-json\/wp\/v2\/posts\/236454\/revisions"}],"wp:featuredmedia":[{"embeddable":true,"href":"https:\/\/www.tucomarca.com\/wordpress\/segunda\/ca\/wp-json\/wp\/v2\/media\/236435"}],"wp:attachment":[{"href":"https:\/\/www.tucomarca.com\/wordpress\/segunda\/ca\/wp-json\/wp\/v2\/media?parent=236454"}],"wp:term":[{"taxonomy":"category","embeddable":true,"href":"https:\/\/www.tucomarca.com\/wordpress\/segunda\/ca\/wp-json\/wp\/v2\/categories?post=236454"},{"taxonomy":"post_tag","embeddable":true,"href":"https:\/\/www.tucomarca.com\/wordpress\/segunda\/ca\/wp-json\/wp\/v2\/tags?post=236454"}],"curies":[{"name":"wp","href":"https:\/\/api.w.org\/{rel}","templated":true}]}}