{"id":236614,"date":"2024-09-12T10:03:00","date_gmt":"2024-09-12T08:03:00","guid":{"rendered":"https:\/\/www.tucomarca.com\/wordpress\/segunda\/?p=236614"},"modified":"2024-09-12T18:41:57","modified_gmt":"2024-09-12T16:41:57","slug":"turis-celebra-la-xx-edicio-del-premi-antonio-gimenez-lujan","status":"publish","type":"post","link":"https:\/\/www.tucomarca.com\/wordpress\/segunda\/ca\/turis-celebra-la-xx-edicio-del-premi-antonio-gimenez-lujan\/","title":{"rendered":"Tur\u00eds celebra la XX edici\u00f3 del Premi Antonio Gim\u00e9nez Luj\u00e1n"},"content":{"rendered":"<div class=\"wp-block-image\">\n<figure class=\"alignleft size-large is-resized\"><img loading=\"lazy\" decoding=\"async\" width=\"724\" height=\"1024\" src=\"http:\/\/www.tucomarca.com\/wordpress\/segunda\/wp-content\/uploads\/2024\/09\/TurisCarreraCiclista-724x1024.jpg\" alt=\"\" class=\"wp-image-236611\" style=\"width:327px;height:auto\" srcset=\"https:\/\/www.tucomarca.com\/wordpress\/segunda\/wp-content\/uploads\/2024\/09\/TurisCarreraCiclista-724x1024.jpg 724w, https:\/\/www.tucomarca.com\/wordpress\/segunda\/wp-content\/uploads\/2024\/09\/TurisCarreraCiclista-212x300.jpg 212w, https:\/\/www.tucomarca.com\/wordpress\/segunda\/wp-content\/uploads\/2024\/09\/TurisCarreraCiclista-768x1086.jpg 768w, https:\/\/www.tucomarca.com\/wordpress\/segunda\/wp-content\/uploads\/2024\/09\/TurisCarreraCiclista.jpg 886w\" sizes=\"auto, (max-width: 724px) 100vw, 724px\" \/><\/figure>\n<\/div>\n\n\n<p>El pr\u00f2xim dissabte, 5 d\u2019octubre, a les cinc i mitja de la vesprada, els carrers de Tur\u00eds tornaran a acollir a ciclistes d&#8217;equips pioners de la categoria social de la Comunitat Valenciana a causa de la celebraci\u00f3 de la competici\u00f3 de ciclisme Premi Antonio Gim\u00e9nez Luj\u00e1n en la seua XX edici\u00f3.<\/p>\n\n\n\n<p>La prova, de 64 km, consta de setze voltes a un circuit semi urb\u00e0. La inscripci\u00f3 es pot realitzar en la p\u00e0gina web de la Federaci\u00f3 Valenciana de Ciclisme o moments abans de la prova en l\u2019Ajuntament.<\/p>\n","protected":false},"excerpt":{"rendered":"<div class=\"mh-excerpt\">El pr\u00f2xim dissabte, 5 d\u2019octubre, a les cinc i mitja de la vesprada, els carrers de Tur\u00eds tornaran a acollir a ciclistes d&#8217;equips pioners de la categoria social de la Comunitat Valenciana a causa de <a class=\"mh-excerpt-more\" href=\"https:\/\/www.tucomarca.com\/wordpress\/segunda\/ca\/turis-celebra-la-xx-edicio-del-premi-antonio-gimenez-lujan\/\" title=\"Tur\u00eds celebra la XX edici\u00f3 del Premi Antonio Gim\u00e9nez Luj\u00e1n\">[+] <\/a><\/div>\n","protected":false},"author":12,"featured_media":236612,"comment_status":"open","ping_status":"open","sticky":false,"template":"","format":"standard","meta":{"footnotes":""},"categories":[11019,11013,11003,10894,10902,10896,11047],"tags":[16983,11146,11356],"class_list":{"0":"post-236614","1":"post","2":"type-post","3":"status-publish","4":"format-standard","5":"has-post-thumbnail","7":"category-agenda-ca","8":"category-ciclismo-ca","9":"category-sports","10":"category-la-comarca-ca","11":"category-la-ribera-ca","12":"category-seccion-ca","13":"category-turis-ca","14":"tag-ajuntament-de-turis-2-ca","15":"tag-ciclismo-2-ca","16":"tag-ribera-alta-ca"},"_links":{"self":[{"href":"https:\/\/www.tucomarca.com\/wordpress\/segunda\/ca\/wp-json\/wp\/v2\/posts\/236614","targetHints":{"allow":["GET"]}}],"collection":[{"href":"https:\/\/www.tucomarca.com\/wordpress\/segunda\/ca\/wp-json\/wp\/v2\/posts"}],"about":[{"href":"https:\/\/www.tucomarca.com\/wordpress\/segunda\/ca\/wp-json\/wp\/v2\/types\/post"}],"author":[{"embeddable":true,"href":"https:\/\/www.tucomarca.com\/wordpress\/segunda\/ca\/wp-json\/wp\/v2\/users\/12"}],"replies":[{"embeddable":true,"href":"https:\/\/www.tucomarca.com\/wordpress\/segunda\/ca\/wp-json\/wp\/v2\/comments?post=236614"}],"version-history":[{"count":0,"href":"https:\/\/www.tucomarca.com\/wordpress\/segunda\/ca\/wp-json\/wp\/v2\/posts\/236614\/revisions"}],"wp:featuredmedia":[{"embeddable":true,"href":"https:\/\/www.tucomarca.com\/wordpress\/segunda\/ca\/wp-json\/wp\/v2\/media\/236612"}],"wp:attachment":[{"href":"https:\/\/www.tucomarca.com\/wordpress\/segunda\/ca\/wp-json\/wp\/v2\/media?parent=236614"}],"wp:term":[{"taxonomy":"category","embeddable":true,"href":"https:\/\/www.tucomarca.com\/wordpress\/segunda\/ca\/wp-json\/wp\/v2\/categories?post=236614"},{"taxonomy":"post_tag","embeddable":true,"href":"https:\/\/www.tucomarca.com\/wordpress\/segunda\/ca\/wp-json\/wp\/v2\/tags?post=236614"}],"curies":[{"name":"wp","href":"https:\/\/api.w.org\/{rel}","templated":true}]}}