{"id":236649,"date":"2024-09-13T09:00:00","date_gmt":"2024-09-13T07:00:00","guid":{"rendered":"https:\/\/www.tucomarca.com\/wordpress\/segunda\/?p=236649"},"modified":"2024-09-13T12:09:12","modified_gmt":"2024-09-13T10:09:12","slug":"la-diputacio-de-valencia-activa-el-proces-per-a-contractar-72-bombers-en-el-consorci-provincial","status":"publish","type":"post","link":"https:\/\/www.tucomarca.com\/wordpress\/segunda\/ca\/la-diputacio-de-valencia-activa-el-proces-per-a-contractar-72-bombers-en-el-consorci-provincial\/","title":{"rendered":"La Diputaci\u00f3 de Val\u00e8ncia activa el proc\u00e9s per a contractar 72 bombers en el Consorci Provincial"},"content":{"rendered":"\n<h3 class=\"wp-block-heading\">El president del Consorci Provincial de Bombers, Avelino Mascarell, afirma que \u201camb esta acci\u00f3 es cobriran les vacants de bombers existents, de manera que totes les places estructurals de la plantilla estiguen ocupades en propietat\u201d i avan\u00e7a que \u201ces continuaran fent passos per al redimensionament del Consorci, millorant aix\u00ed el servici a la ciutadania\u201d.<\/h3>\n\n\n\n<p>El proc\u00e9s s&#8217;emmarca en l\u2019OPE 2024 de l&#8217;entitat provincial, i els nous efectius completaran, com a pas previ a la incorporaci\u00f3, un m\u00f2dul formatiu en l&#8217;Institut Valenci\u00e0 de Seguretat P\u00fablica i Emerg\u00e8ncies (IVASPE) de la Generalitat<\/p>\n\n\n\n<p>El Consorci Provincial de Bombers de Val\u00e8ncia (CPBV) ha activat ja la inclusi\u00f3 de 72 noves places de bomber conductor en la convocat\u00f2ria existent en l&#8217;Oferta p\u00fablica d&#8217;ocupaci\u00f3 2024 de l&#8217;organisme dependent de la Diputaci\u00f3 de Val\u00e8ncia.<\/p>\n\n\n\n<p>\u201cD&#8217;esta manera \u2013explica el president del CPBV, Avelino Mascarell- millorarem l&#8217;operativitat del Consorci, gr\u00e0cies a la cobertura de les places vacants, les quals, amb l&#8217;activaci\u00f3 d&#8217;este proc\u00e9s quedaran ocupades en propietat\u201d i avan\u00e7a \u201cel redimensionament del Consorci, de manera que les unitats aconseguisquen els m\u00ednims d&#8217;efectius que la Universitat de Val\u00e8ncia va determinar com a essencials en un estudi em\u00e9s en 2020, i que des d&#8217;eixa data, havia estat en un calaix\u201d.<\/p>\n\n\n\n<p>En este sentit, el president del Consorci i diputat de Medi Ambient explica que \u201cla f\u00f3rmula de l&#8217;addici\u00f3 de les noves places a una convocat\u00f2ria ja existent permet reduir els terminis per a refor\u00e7ar la plantilla, i fer-ho, com no podia ser d&#8217;una altra manera, amb totes les garanties de la ciutadania pel que fa a l&#8217;acc\u00e9s a l&#8217;ocupaci\u00f3 p\u00fablica\u201d.<\/p>\n\n\n\n<p>La incorporaci\u00f3 dels 72 bombers suposar\u00e0 tamb\u00e9, segons Mascarell, \u201cuna dr\u00e0stica reducci\u00f3 de l&#8217;enorme sobrecost d&#8217;hores extres que ha suposat cobrir un d\u00e8ficit de plantilla els \u00faltims anys\u201d.<\/p>\n\n\n\n<p>\u201cL&#8217;objectiu no \u00e9s un altre -conclou- que millorar cada dia el servici que oferim als ajuntaments que deleguen en el Consorci la gesti\u00f3 de les seues emerg\u00e8ncies, que s\u00f3n la immensa majoria; i cosa que \u00e9s m\u00e9s important, permet millorar l&#8217;operativitat de l&#8217;entitat, alguna cosa que beneficia de manera directa a tota la ciutadania\u201d.<\/p>\n\n\n\n<p><strong>M\u00f2dul de formaci\u00f3<\/strong><\/p>\n\n\n\n<p>L&#8217;addici\u00f3 de les 72 places es produ\u00efx amb anterioritat a la imminent obertura de la fase de concurs de la 2023\/OP001 del Consorci Provincial de Bombers de Val\u00e8ncia, amb la corresponent baremaci\u00f3 de m\u00e8rits.<\/p>\n\n\n\n<p>Una vegada finalitzat el concurs, els aspirants completaran un m\u00f2dul especial de formaci\u00f3 de 250 hores de duraci\u00f3 en l&#8217;Institut Valenci\u00e0 de Seguretat P\u00fablica i Emerg\u00e8ncies (IVASPE) de la Generalitat, com a pas previ a la seua incorporaci\u00f3 a les diferents unitats operatives del CPBV.<\/p>\n\n\n\n<p>Esta acci\u00f3 formativa, que tindr\u00e0 una duraci\u00f3 de 250 hores, t\u00e9 una vessant eminentment pr\u00e0ctica, adquirint especial rellev\u00e0ncia les pr\u00e0ctiques que simulen incendis de tota mena de materials, tant en interior com en exterior, els rescats en accidents de tr\u00e0nsit i la conducci\u00f3 en emerg\u00e8ncies; per ser els servicis m\u00e9s habituals en el dia a dia en el Consorci.<\/p>\n\n\n\n<p>Aix\u00ed mateix, s&#8217;aborden altres aspectes rellevants com les actuacions en estructures col\u00b7lapsades, la seguretat vertical i els protocols d&#8217;assist\u00e8ncia sanit\u00e0ria b\u00e0sica; com tamb\u00e9 els riscos en accidents de mercaderies perilloses i rescats aqu\u00e0tics.<\/p>\n","protected":false},"excerpt":{"rendered":"<div class=\"mh-excerpt\">El president del Consorci Provincial de Bombers, Avelino Mascarell, afirma que \u201camb esta acci\u00f3 es cobriran les vacants de bombers existents, de manera que totes les places estructurals de la plantilla estiguen ocupades en propietat\u201d <a class=\"mh-excerpt-more\" href=\"https:\/\/www.tucomarca.com\/wordpress\/segunda\/ca\/la-diputacio-de-valencia-activa-el-proces-per-a-contractar-72-bombers-en-el-consorci-provincial\/\" title=\"La Diputaci\u00f3 de Val\u00e8ncia activa el proc\u00e9s per a contractar 72 bombers en el Consorci Provincial\">[+] <\/a><\/div>\n","protected":false},"author":12,"featured_media":236648,"comment_status":"open","ping_status":"open","sticky":false,"template":"","format":"standard","meta":{"footnotes":""},"categories":[10898,10948,10894,10904,10903,10947,10896],"tags":[20371,11246],"class_list":{"0":"post-236649","1":"post","2":"type-post","3":"status-publish","4":"format-standard","5":"has-post-thumbnail","7":"category-ventana-ca","8":"category-infraestructuras-ca","9":"category-la-comarca-ca","10":"category-sin-categorizar-ca","11":"category-medio-ambiente-la-comarca-ca","12":"category-politica","13":"category-seccion-ca","14":"tag-consorcio-provincial-de-bomberos-ca","15":"tag-diputacio-de-valencia-ca"},"_links":{"self":[{"href":"https:\/\/www.tucomarca.com\/wordpress\/segunda\/ca\/wp-json\/wp\/v2\/posts\/236649","targetHints":{"allow":["GET"]}}],"collection":[{"href":"https:\/\/www.tucomarca.com\/wordpress\/segunda\/ca\/wp-json\/wp\/v2\/posts"}],"about":[{"href":"https:\/\/www.tucomarca.com\/wordpress\/segunda\/ca\/wp-json\/wp\/v2\/types\/post"}],"author":[{"embeddable":true,"href":"https:\/\/www.tucomarca.com\/wordpress\/segunda\/ca\/wp-json\/wp\/v2\/users\/12"}],"replies":[{"embeddable":true,"href":"https:\/\/www.tucomarca.com\/wordpress\/segunda\/ca\/wp-json\/wp\/v2\/comments?post=236649"}],"version-history":[{"count":0,"href":"https:\/\/www.tucomarca.com\/wordpress\/segunda\/ca\/wp-json\/wp\/v2\/posts\/236649\/revisions"}],"wp:featuredmedia":[{"embeddable":true,"href":"https:\/\/www.tucomarca.com\/wordpress\/segunda\/ca\/wp-json\/wp\/v2\/media\/236648"}],"wp:attachment":[{"href":"https:\/\/www.tucomarca.com\/wordpress\/segunda\/ca\/wp-json\/wp\/v2\/media?parent=236649"}],"wp:term":[{"taxonomy":"category","embeddable":true,"href":"https:\/\/www.tucomarca.com\/wordpress\/segunda\/ca\/wp-json\/wp\/v2\/categories?post=236649"},{"taxonomy":"post_tag","embeddable":true,"href":"https:\/\/www.tucomarca.com\/wordpress\/segunda\/ca\/wp-json\/wp\/v2\/tags?post=236649"}],"curies":[{"name":"wp","href":"https:\/\/api.w.org\/{rel}","templated":true}]}}