{"id":236695,"date":"2024-09-13T09:15:00","date_gmt":"2024-09-13T07:15:00","guid":{"rendered":"https:\/\/www.tucomarca.com\/wordpress\/segunda\/?p=236695"},"modified":"2024-09-13T12:13:20","modified_gmt":"2024-09-13T10:13:20","slug":"carlos-mazon-lluitarem-perque-el-circuit-ricardo-tormo-continue-dins-del-calendari-de-motogp-a-partir-de-2026","status":"publish","type":"post","link":"https:\/\/www.tucomarca.com\/wordpress\/segunda\/ca\/carlos-mazon-lluitarem-perque-el-circuit-ricardo-tormo-continue-dins-del-calendari-de-motogp-a-partir-de-2026\/","title":{"rendered":"Carlos Maz\u00f3n: \u201cLluitarem perqu\u00e8 el Circuit Ricardo Tormo continue dins del Calendari de MotoGP a partir de 2026\u201d"},"content":{"rendered":"\n<h3 class=\"wp-block-heading\">Assenyala que la renovaci\u00f3 del Gran Premi de la Comunitat Valenciana est\u00e0 \u201cen plena fase negociadora\u201d i que la Generalitat est\u00e0 treballant \u201camb ambici\u00f3\u201d i espera \u201cpoder donar prompte la gran not\u00edcia que mereix i necessita l\u2019afici\u00f3 valenciana\u201d.<\/h3>\n\n\n\n<h3 class=\"wp-block-heading\">Destaca el valor de l\u2019afici\u00f3 com una pe\u00e7a fonamental d\u2019este tra\u00e7at, perqu\u00e8 \u201cel cor dels valencians i valencianes, amb el motor, el Gran Premi i el Circuit, s\u2019ha engrandit\u201d.<\/h3>\n\n\n\n<h3 class=\"wp-block-heading\">El president de la Generalitat ha valorat el tra\u00e7at de Cheste en el seu 25\u00e9 aniversari, \u201cper saber conjuminar esport i desenrotllament econ\u00f2mic\u201d, i ha felicitat els guardonats per \u201cfer gran la hist\u00f2ria del Circuit\u201d.<\/h3>\n\n\n\n<p>El president de la Generalitat, Carlos Maz\u00f3n, ha manifestat que la Generalitat \u201clluitar\u00e0 perqu\u00e8 el Circuit Ricardo Tormo continue dins del Calendari de MotoGP a partir de 2026\u201d. Aix\u00ed ho ha assenyalat durant la celebraci\u00f3 del 25\u00e9 aniversari del tra\u00e7at de Cheste.<\/p>\n\n\n\n<p>En este sentit, ha assenyalat que la renovaci\u00f3 del Gran Premi de la Comunitat Valenciana, el contracte del qual expira en 2026, es troba en \u201cplena fase negociadora\u201d entre la Generalitat i Dorna, organitzador del mundial de motos, i \u201cno \u00e9s gens f\u00e0cil perqu\u00e8 hi ha molta compet\u00e8ncia amb nous circuits\u201d, per\u00f2 \u201ctenim una arma imbatible que \u00e9s la nostra afici\u00f3, la nostra lleialtat\u201d i ha assenyalat que espera que \u201cm\u00e9s prompte que tard puguem donar la gran not\u00edcia que ha acreditat, es mereix i necessita l\u2019afici\u00f3\u201d.<\/p>\n\n\n\n<p>Aix\u00ed, ha assenyalat que \u201cno podem permetre fer ni un pas arrere\u201d, i s\u2019ha mostrat optimista i amb esperances que \u201ctot isca b\u00e9\u201d i el Gran Premi de la Comunitat Valenciana continue sent una cita ineludible en el m\u00f3n del motor.<\/p>\n\n\n\n<p>El president ha destacat el valor de l\u2019afici\u00f3 com a pe\u00e7a fonamental d\u2019este tra\u00e7at, perqu\u00e8 \u201cel cor dels valencians i valencianes, amb el motor, el Gran Premi i el Circuit, s\u2019ha engrandit\u201d.<\/p>\n\n\n\n<p>Carlos Maz\u00f3n ha posat de manifest que \u201cel que dubte dels beneficis de l\u2019aposta que va fer la Generalitat fa 25 anys, i que mantenim i volem mantindre en el temps, s\u2019equivoca\u201d, i ha subratllat el Circuit i el Gran Premi com una de les senyes d\u2019identitat de la Comunitat Valenciana.<\/p>\n\n\n\n<p>A m\u00e9s, ha tingut unes paraules d\u2019agra\u00efment cap a \u201ctota la gent que ho va fer possible i que ho va somiar\u201d.<\/p>\n\n\n\n<figure class=\"wp-block-gallery has-nested-images columns-2 is-cropped wp-block-gallery-1 is-layout-flex wp-block-gallery-is-layout-flex\">\n<figure class=\"wp-block-image size-large\"><img loading=\"lazy\" decoding=\"async\" width=\"1024\" height=\"786\" data-id=\"236692\" src=\"https:\/\/www.tucomarca.com\/wordpress\/segunda\/wp-content\/uploads\/2024\/09\/AniversarioCircuito_02-1024x786.jpg\" alt=\"\" class=\"wp-image-236692\" srcset=\"https:\/\/www.tucomarca.com\/wordpress\/segunda\/wp-content\/uploads\/2024\/09\/AniversarioCircuito_02-1024x786.jpg 1024w, https:\/\/www.tucomarca.com\/wordpress\/segunda\/wp-content\/uploads\/2024\/09\/AniversarioCircuito_02-300x230.jpg 300w, https:\/\/www.tucomarca.com\/wordpress\/segunda\/wp-content\/uploads\/2024\/09\/AniversarioCircuito_02-768x589.jpg 768w, https:\/\/www.tucomarca.com\/wordpress\/segunda\/wp-content\/uploads\/2024\/09\/AniversarioCircuito_02-80x60.jpg 80w, https:\/\/www.tucomarca.com\/wordpress\/segunda\/wp-content\/uploads\/2024\/09\/AniversarioCircuito_02.jpg 1181w\" sizes=\"auto, (max-width: 1024px) 100vw, 1024px\" \/><\/figure>\n\n\n\n<figure class=\"wp-block-image size-large\"><img loading=\"lazy\" decoding=\"async\" width=\"1024\" height=\"701\" data-id=\"236688\" src=\"https:\/\/www.tucomarca.com\/wordpress\/segunda\/wp-content\/uploads\/2024\/09\/AniversarioCircuito_05-1024x701.jpg\" alt=\"\" class=\"wp-image-236688\" srcset=\"https:\/\/www.tucomarca.com\/wordpress\/segunda\/wp-content\/uploads\/2024\/09\/AniversarioCircuito_05-1024x701.jpg 1024w, https:\/\/www.tucomarca.com\/wordpress\/segunda\/wp-content\/uploads\/2024\/09\/AniversarioCircuito_05-300x206.jpg 300w, https:\/\/www.tucomarca.com\/wordpress\/segunda\/wp-content\/uploads\/2024\/09\/AniversarioCircuito_05-768x526.jpg 768w, https:\/\/www.tucomarca.com\/wordpress\/segunda\/wp-content\/uploads\/2024\/09\/AniversarioCircuito_05.jpg 1181w\" sizes=\"auto, (max-width: 1024px) 100vw, 1024px\" \/><\/figure>\n\n\n\n<figure class=\"wp-block-image size-large\"><img loading=\"lazy\" decoding=\"async\" width=\"1024\" height=\"680\" data-id=\"236686\" src=\"https:\/\/www.tucomarca.com\/wordpress\/segunda\/wp-content\/uploads\/2024\/09\/AniversarioCircuito_04-1024x680.jpg\" alt=\"\" class=\"wp-image-236686\" srcset=\"https:\/\/www.tucomarca.com\/wordpress\/segunda\/wp-content\/uploads\/2024\/09\/AniversarioCircuito_04-1024x680.jpg 1024w, https:\/\/www.tucomarca.com\/wordpress\/segunda\/wp-content\/uploads\/2024\/09\/AniversarioCircuito_04-300x199.jpg 300w, https:\/\/www.tucomarca.com\/wordpress\/segunda\/wp-content\/uploads\/2024\/09\/AniversarioCircuito_04-768x510.jpg 768w, https:\/\/www.tucomarca.com\/wordpress\/segunda\/wp-content\/uploads\/2024\/09\/AniversarioCircuito_04.jpg 1181w\" sizes=\"auto, (max-width: 1024px) 100vw, 1024px\" \/><\/figure>\n\n\n\n<figure class=\"wp-block-image size-large\"><img loading=\"lazy\" decoding=\"async\" width=\"1024\" height=\"770\" data-id=\"236684\" src=\"https:\/\/www.tucomarca.com\/wordpress\/segunda\/wp-content\/uploads\/2024\/09\/AniversarioCircuito_03-1024x770.jpg\" alt=\"\" class=\"wp-image-236684\" srcset=\"https:\/\/www.tucomarca.com\/wordpress\/segunda\/wp-content\/uploads\/2024\/09\/AniversarioCircuito_03-1024x770.jpg 1024w, https:\/\/www.tucomarca.com\/wordpress\/segunda\/wp-content\/uploads\/2024\/09\/AniversarioCircuito_03-300x226.jpg 300w, https:\/\/www.tucomarca.com\/wordpress\/segunda\/wp-content\/uploads\/2024\/09\/AniversarioCircuito_03-768x577.jpg 768w, https:\/\/www.tucomarca.com\/wordpress\/segunda\/wp-content\/uploads\/2024\/09\/AniversarioCircuito_03-678x509.jpg 678w, https:\/\/www.tucomarca.com\/wordpress\/segunda\/wp-content\/uploads\/2024\/09\/AniversarioCircuito_03-326x245.jpg 326w, https:\/\/www.tucomarca.com\/wordpress\/segunda\/wp-content\/uploads\/2024\/09\/AniversarioCircuito_03-80x60.jpg 80w, https:\/\/www.tucomarca.com\/wordpress\/segunda\/wp-content\/uploads\/2024\/09\/AniversarioCircuito_03.jpg 1181w\" sizes=\"auto, (max-width: 1024px) 100vw, 1024px\" \/><\/figure>\n<\/figure>\n\n\n\n<p><strong>25 anys de grans \u00e8xits<\/strong><\/p>\n\n\n\n<p>Durant la seua intervenci\u00f3, Carlos Maz\u00f3n ha enaltit el Circuit com un lloc a on \u201chi havia i hi ha afici\u00f3, cor i il\u00b7lusi\u00f3\u201d, i que est\u00e0 envoltat per \u201cl\u2019ecosistema que \u00e9s el m\u00f3n de la moto a la Comunitat Valenciana\u201d, compost per infraestructures i un extraordinari planter.<\/p>\n\n\n\n<p>El president ha recordat els pilots, que s\u00f3n \u201cfont d\u2019inspiraci\u00f3\u201d per a molts j\u00f3vens de la Comunitat perqu\u00e8 \u201camb el seu treball, valor i esfor\u00e7 han demostrat que res \u00e9s impossible\u201d, igual que ho ha fet el tra\u00e7at de Cheste durant tots estos anys.<\/p>\n\n\n\n<p>Aix\u00ed, ha valorat el Circuit per saber conjuminar \u201cprofessionalitat\u201d i \u201ccapacitat de sentir amb cor, atracci\u00f3 i carinyo\u201d, que s\u2019ha materialitzat en la generaci\u00f3 d\u2019un impacte econ\u00f2mic cada any de 40 milions d\u2019euros.<\/p>\n\n\n\n<p>En el transcurs de l\u2019acte s\u2019ha reconegut el treball de persones i entitats clau per al Circuit durant els seus 25 anys de traject\u00f2ria, com ara Jorge Mart\u00ednez Aspar; Carmelo Ezpeleta; els comissaris, el personal de pista i l\u2019equip m\u00e8dic; la Gu\u00e0rdia Civil, Tr\u00e0nsit, els Cossos de Seguretat i la Unitat de la Policia Nacional Adscrita a la Comunitat Valenciana; el Centre Especialitzat de Tecnificaci\u00f3 Esportiva del Motor; Adri\u00e1n Campos; MotoClub de Cheste en nom dels aficionats; Pedro Acosta; Repsol; la Diputaci\u00f3 de Val\u00e8ncia; les federacions d\u2019automobilisme i de motociclisme i el Consell Superior d\u2019Esports; els mitjans de comunicaci\u00f3, i els pilots valencians campions del m\u00f3n de motociclisme, als quals el president ha traslladat la seua felicitaci\u00f3 per \u201ccontribuir a fer m\u00e9s gran la hist\u00f2ria del tra\u00e7at de Cheste\u201d.<\/p>\n\n\n\n<p>Des de la seua inauguraci\u00f3 el 19 de setembre de 1999, amb motiu de la celebraci\u00f3 del I Gran Premi de la Comunitat Valenciana, m\u00e9s de 8,5 milions de persones han passat per les graderies del Circuit Ricardo Tormo i s\u2019han celebrat m\u00e9s de 400 caps de setmana de carreres.<\/p>\n","protected":false},"excerpt":{"rendered":"<div class=\"mh-excerpt\">Assenyala que la renovaci\u00f3 del Gran Premi de la Comunitat Valenciana est\u00e0 \u201cen plena fase negociadora\u201d i que la Generalitat est\u00e0 treballant \u201camb ambici\u00f3\u201d i espera \u201cpoder donar prompte la gran not\u00edcia que mereix i <a class=\"mh-excerpt-more\" href=\"https:\/\/www.tucomarca.com\/wordpress\/segunda\/ca\/carlos-mazon-lluitarem-perque-el-circuit-ricardo-tormo-continue-dins-del-calendari-de-motogp-a-partir-de-2026\/\" title=\"Carlos Maz\u00f3n: \u201cLluitarem perqu\u00e8 el Circuit Ricardo Tormo continue dins del Calendari de MotoGP a partir de 2026\u201d\">[+] <\/a><\/div>\n","protected":false},"author":12,"featured_media":236691,"comment_status":"open","ping_status":"open","sticky":false,"template":"","format":"gallery","meta":{"footnotes":""},"categories":[11017,11013,11003,10898,10948,10894,10904,10912,10947,10896,10974],"tags":[18807,11071,11412,11348,12991],"class_list":{"0":"post-236695","1":"post","2":"type-post","3":"status-publish","4":"format-gallery","5":"has-post-thumbnail","7":"category-automovilismo-ca","8":"category-ciclismo-ca","9":"category-sports","10":"category-ventana-ca","11":"category-infraestructuras-ca","12":"category-la-comarca-ca","13":"category-sin-categorizar-ca","14":"category-la-hoya-ca","15":"category-politica","16":"category-seccion-ca","17":"category-cheste-ca","18":"tag-carlos-mazon-ca","19":"tag-cheste","20":"tag-circuit-ricardo-tormo-ca","21":"tag-circuito-de-cheste-ca","22":"tag-motogp-ca","23":"post_format-post-format-gallery"},"_links":{"self":[{"href":"https:\/\/www.tucomarca.com\/wordpress\/segunda\/ca\/wp-json\/wp\/v2\/posts\/236695","targetHints":{"allow":["GET"]}}],"collection":[{"href":"https:\/\/www.tucomarca.com\/wordpress\/segunda\/ca\/wp-json\/wp\/v2\/posts"}],"about":[{"href":"https:\/\/www.tucomarca.com\/wordpress\/segunda\/ca\/wp-json\/wp\/v2\/types\/post"}],"author":[{"embeddable":true,"href":"https:\/\/www.tucomarca.com\/wordpress\/segunda\/ca\/wp-json\/wp\/v2\/users\/12"}],"replies":[{"embeddable":true,"href":"https:\/\/www.tucomarca.com\/wordpress\/segunda\/ca\/wp-json\/wp\/v2\/comments?post=236695"}],"version-history":[{"count":0,"href":"https:\/\/www.tucomarca.com\/wordpress\/segunda\/ca\/wp-json\/wp\/v2\/posts\/236695\/revisions"}],"wp:featuredmedia":[{"embeddable":true,"href":"https:\/\/www.tucomarca.com\/wordpress\/segunda\/ca\/wp-json\/wp\/v2\/media\/236691"}],"wp:attachment":[{"href":"https:\/\/www.tucomarca.com\/wordpress\/segunda\/ca\/wp-json\/wp\/v2\/media?parent=236695"}],"wp:term":[{"taxonomy":"category","embeddable":true,"href":"https:\/\/www.tucomarca.com\/wordpress\/segunda\/ca\/wp-json\/wp\/v2\/categories?post=236695"},{"taxonomy":"post_tag","embeddable":true,"href":"https:\/\/www.tucomarca.com\/wordpress\/segunda\/ca\/wp-json\/wp\/v2\/tags?post=236695"}],"curies":[{"name":"wp","href":"https:\/\/api.w.org\/{rel}","templated":true}]}}