{"id":236747,"date":"2024-09-13T08:30:00","date_gmt":"2024-09-13T06:30:00","guid":{"rendered":"https:\/\/www.tucomarca.com\/wordpress\/segunda\/?p=236747"},"modified":"2024-09-13T19:01:32","modified_gmt":"2024-09-13T17:01:32","slug":"carlos-mazon-posem-en-marxa-un-pla-dajudes-directes-dotat-amb-17-milions-deuros-que-beneficiara-30-000-agricultors-i-ramaders","status":"publish","type":"post","link":"https:\/\/www.tucomarca.com\/wordpress\/segunda\/ca\/carlos-mazon-posem-en-marxa-un-pla-dajudes-directes-dotat-amb-17-milions-deuros-que-beneficiara-30-000-agricultors-i-ramaders\/","title":{"rendered":"Carlos Maz\u00f3n: \u201cPosem en marxa un pla d\u2019ajudes directes dotat amb 17 milions d\u2019euros que beneficiar\u00e0 30.000 agricultors i ramaders\u201d"},"content":{"rendered":"\n<h3 class=\"wp-block-heading\">Destaca que el pr\u00f2xim Ple del Consell iniciar\u00e0 \u201cla major mesura expr\u00e9s i de xoc\u201d per a pal\u00b7liar la sequera que amena\u00e7a el sector primari de la Comunitat.<\/h3>\n\n\n\n<h3 class=\"wp-block-heading\">Subratlla que es tracta \u201cd\u2019ajudes directes sense tr\u00e0mits burocr\u00e0tics, ni sol\u00b7licituds, per a engrossir per raons de just\u00edcia, de necessitat i de prioritat els malparats comptes dels nostres agricultors i ramaders\u201d.<\/h3>\n\n\n\n<h3 class=\"wp-block-heading\">Ratifica el comprom\u00eds del Consell per \u201ccontinuar reivindicant i defenent els interessos del sector a Europa\u201d, al mateix temps que reclama al Govern d\u2019Espanya \u201cla convocat\u00f2ria de la Mesa de la Sequera i l\u2019adopci\u00f3 de mesures urgents\u201d.<\/h3>\n\n\n\n<h3 class=\"wp-block-heading\">Amb el decret del Consell, cada explotaci\u00f3 ramadera percebr\u00e0 de mitjana 4.000 euros en funci\u00f3 del nombre de caps de bestiar, mentres que els agricultors de sec\u00e0 podran rebre fins a 4.500 euros.<\/h3>\n\n\n\n<h3 class=\"wp-block-heading\">Es cobriran les plantacions d\u2019oliva, ra\u00efm de sec\u00e0, ametla, cereal, magrana, cirera i garrofera; aix\u00ed com tota la ramaderia extensiva vacuna, ovina i caprina<\/h3>\n\n\n\n<p>El president de la Generalitat, Carlos Maz\u00f3n, ha anunciat que el pr\u00f2xim Ple del Consell del 17 de setembre \u201cla Generalitat iniciar\u00e0 un pla extraordinari d\u2019ajudes directes dotat amb 17 milions d\u2019euros per a pal\u00b7liar de manera extraordin\u00e0ria i urgent la sequera per a tot el sector de sec\u00e0 i la ramaderia extensiva o semiextensiva de la Comunitat Valenciana\u201d.<\/p>\n\n\n\n<p>El cap del Consell ha explicat que es tracta \u201cde la major mesura expr\u00e9s i de xoc posada marxa en la Generalitat per a pal\u00b7liar la sequera que amena\u00e7a la Comunitat Valenciana\u201d i ha detallat que beneficiar\u00e0 fins a 30.000 agricultors i ramaders del nostre territori.<\/p>\n\n\n\n<p>Aix\u00ed mateix, ha manifestat que es tracta \u201cd\u2019ajudes directes sense tr\u00e0mits burocr\u00e0tics, ni sol\u00b7licituds, per a engrossir per raons de just\u00edcia, de necessitat i de prioritat els malparats comptes dels nostres agricultors i ramaders\u201d.<\/p>\n\n\n\n<p>De la mateixa manera, ha sol\u00b7licitat la col\u00b7laboraci\u00f3 de les associacions del sector primari perqu\u00e8 les ajudes \u201carriben a tots els agricultors i ramaders\u201d.<\/p>\n\n\n\n<p>Durant la seua intervenci\u00f3, Carlos Maz\u00f3n ha afirmat que esta iniciativa \u201cvol obrir el cam\u00ed perqu\u00e8 la resta de les administracions s\u2019adonen de l\u2019extraordin\u00e0ria necessitat i urg\u00e8ncia que tenim de salvar el camp valenci\u00e0\u201d.<\/p>\n\n\n\n<p>En este sentit, ha ratificat el comprom\u00eds del Consell per \u201ccontinuar reivindicant i defenent els interessos del sector primari valenci\u00e0 a Europa\u201d, al mateix temps que ha reclamat al Govern d\u2019Espanya \u201cla convocat\u00f2ria de la Mesa de la Sequera i l\u2019adopci\u00f3 de mesures urgents\u201d.<\/p>\n\n\n\n<p>Aix\u00ed mateix, ha recordat l\u2019alt \u00edndex d\u2019aband\u00f3 de terres agr\u00edcoles a la Comunitat Valenciana. Al respecte, ha subratllat les pol\u00edtiques posades en marxa pel Consell per a fomentar el relleu generacional amb la supressi\u00f3 de l\u2019impost de successions i donacions, i ha mostrat la voluntat de la Generalitat de \u201ccontinuar avan\u00e7ant en esta direcci\u00f3\u201d.<\/p>\n\n\n\n<p>A m\u00e9s, Carlos Maz\u00f3n ha advertit que amb la p\u00e8rdua de territori agr\u00edcola a la Comunitat \u201cno solament desapareix la dieta mediterr\u00e0nia, sin\u00f3 que perdem els tallafocs que s\u00f3n la millor ajuda preventiva en l\u2019extinci\u00f3 d\u2019incendis\u201d.<\/p>\n\n\n\n<figure class=\"wp-block-gallery has-nested-images columns-default is-cropped wp-block-gallery-1 is-layout-flex wp-block-gallery-is-layout-flex\">\n<figure class=\"wp-block-image size-large\"><img loading=\"lazy\" decoding=\"async\" width=\"1024\" height=\"759\" data-id=\"236743\" src=\"https:\/\/www.tucomarca.com\/wordpress\/segunda\/wp-content\/uploads\/2024\/09\/MazonAgricultura03-1024x759.jpg\" alt=\"\" class=\"wp-image-236743\" srcset=\"https:\/\/www.tucomarca.com\/wordpress\/segunda\/wp-content\/uploads\/2024\/09\/MazonAgricultura03-1024x759.jpg 1024w, https:\/\/www.tucomarca.com\/wordpress\/segunda\/wp-content\/uploads\/2024\/09\/MazonAgricultura03-300x222.jpg 300w, https:\/\/www.tucomarca.com\/wordpress\/segunda\/wp-content\/uploads\/2024\/09\/MazonAgricultura03-768x569.jpg 768w, https:\/\/www.tucomarca.com\/wordpress\/segunda\/wp-content\/uploads\/2024\/09\/MazonAgricultura03-80x60.jpg 80w, https:\/\/www.tucomarca.com\/wordpress\/segunda\/wp-content\/uploads\/2024\/09\/MazonAgricultura03.jpg 1181w\" sizes=\"auto, (max-width: 1024px) 100vw, 1024px\" \/><\/figure>\n\n\n\n<figure class=\"wp-block-image size-large\"><img loading=\"lazy\" decoding=\"async\" width=\"1024\" height=\"655\" data-id=\"236741\" src=\"https:\/\/www.tucomarca.com\/wordpress\/segunda\/wp-content\/uploads\/2024\/09\/MazonAgricultura02-1024x655.jpg\" alt=\"\" class=\"wp-image-236741\" srcset=\"https:\/\/www.tucomarca.com\/wordpress\/segunda\/wp-content\/uploads\/2024\/09\/MazonAgricultura02-1024x655.jpg 1024w, https:\/\/www.tucomarca.com\/wordpress\/segunda\/wp-content\/uploads\/2024\/09\/MazonAgricultura02-300x192.jpg 300w, https:\/\/www.tucomarca.com\/wordpress\/segunda\/wp-content\/uploads\/2024\/09\/MazonAgricultura02-768x491.jpg 768w, https:\/\/www.tucomarca.com\/wordpress\/segunda\/wp-content\/uploads\/2024\/09\/MazonAgricultura02.jpg 1181w\" sizes=\"auto, (max-width: 1024px) 100vw, 1024px\" \/><\/figure>\n<\/figure>\n\n\n\n<p><strong>Decret amb mesures urgents en mat\u00e8ria agr\u00e0ria<\/strong><\/p>\n\n\n\n<p>Esta orde est\u00e0 dirigida a la ramaderia extensiva i semiextensiva de bov\u00ed, ov\u00ed i capr\u00ed de la Comunitat Valenciana, aix\u00ed com a explotacions agr\u00e0ries de cultiu en sec\u00e0.<\/p>\n\n\n\n<p>En concret, dels 17 milions d\u2019euros, dos van destinats a la ramaderia i 15 milions a l\u2019agricultura de sec\u00e0, que podrien arribar a 500 ramaders, 29.500 agricultors i beneficiar 175.000 hect\u00e0rees de cultiu. Per prov\u00edncies, el nombre de beneficiaris arribaria als 5.973 a Alacant, 7.972 a Castell\u00f3 i 16.168 a Val\u00e8ncia.<\/p>\n\n\n\n<p>Aix\u00ed, de mitjana, cada explotaci\u00f3 ramadera percebr\u00e0 4.000 euros en funci\u00f3 del nombre de caps de bestiar i els agricultors de sec\u00e0 podran rebre ajudes des de 200 euros fins a 4.500 euros. Es cobriran les plantacions de cirera, garrofera i tots els cultius de sec\u00e0, aix\u00ed com tota la ramaderia extensiva vacuna, ovina i caprina.<\/p>\n\n\n\n<p>Per a la majoria d\u2019agricultors i ramaders, no ser\u00e0 necessari fer cap sol\u00b7licitud, perqu\u00e8 la Conselleria d\u2019Agricultura, Aigua, Ramaderia i Pesca ja disposa de totes les seues dades, per la qual cosa far\u00e0 la transfer\u00e8ncia de manera directa als beneficiaris.<\/p>\n\n\n\n<p>A m\u00e9s, amb estes ajudes tamb\u00e9 es dona resposta a les conseq\u00fc\u00e8ncies provocades per la crisi provocada pel conflicte b\u00e8l\u00b7lic despr\u00e9s de la invasi\u00f3 d\u2019Ucra\u00efna per part de R\u00fassia que ha produ\u00eft un augment dels costos de mat\u00e8ries primeres.<\/p>\n\n\n\n<p>Esta iniciativa se suma a altres accions que la Generalitat est\u00e0 duent a terme per a garantir la competitivitat de l\u2019activitat agroaliment\u00e0ria en la Comunitat Valenciana.<\/p>\n\n\n\n<p>En esta l\u00ednia, cal destacar la creaci\u00f3 de la Mesa de l\u2019Aigua de la Comunitat Valenciana, els 35 milions d\u2019euros per a la subscripci\u00f3 d\u2019assegurances agr\u00e0ries, el subministrament de 12 milions de litres d\u2019aigua a 44 municipis i m\u00e9s de 100 explotacions ramaderes, o els 12,6 milions d\u2019euros a la S\u00e9quia Real del X\u00faquer per a la modernitzaci\u00f3 de regadius, entre altres.<\/p>\n\n\n\n<p>Finalment, el president ha reconegut la labor de tot l\u2019equip de la Conselleria d\u2019Agricultura, Aigua, Ramaderia i Pesca per \u201cla serietat, urg\u00e8ncia i prioritat\u201d amb la qual est\u00e0 implementant mesures per a ajudar el sector primari valenci\u00e0.<\/p>\n\n\n\n<p>L\u2019acte ha comptat amb la pres\u00e8ncia del conseller d\u2019Agricultura, Aigua, Ramaderia i Pesca, Miguel Barrachina; representants dels ajuntaments de J\u00e9rica, Altura, Bej\u00eds, Tor\u00e1s, Teresa, Saca\u00f1et, Benafer, Barracas, el Toro, Segorbe, Caudiel i Viver; i d\u2019entitats agr\u00e0ries.<\/p>\n","protected":false},"excerpt":{"rendered":"<div class=\"mh-excerpt\">Destaca que el pr\u00f2xim Ple del Consell iniciar\u00e0 \u201cla major mesura expr\u00e9s i de xoc\u201d per a pal\u00b7liar la sequera que amena\u00e7a el sector primari de la Comunitat. Subratlla que es tracta \u201cd\u2019ajudes directes sense <a class=\"mh-excerpt-more\" href=\"https:\/\/www.tucomarca.com\/wordpress\/segunda\/ca\/carlos-mazon-posem-en-marxa-un-pla-dajudes-directes-dotat-amb-17-milions-deuros-que-beneficiara-30-000-agricultors-i-ramaders\/\" title=\"Carlos Maz\u00f3n: \u201cPosem en marxa un pla d\u2019ajudes directes dotat amb 17 milions d\u2019euros que beneficiar\u00e0 30.000 agricultors i ramaders\u201d\">[+] <\/a><\/div>\n","protected":false},"author":12,"featured_media":236740,"comment_status":"open","ping_status":"open","sticky":false,"template":"","format":"standard","meta":{"footnotes":""},"categories":[10905,10898,10948,10894,10904,10903,10947,10896],"tags":[11309,21193,18807,11498],"class_list":{"0":"post-236747","1":"post","2":"type-post","3":"status-publish","4":"format-standard","5":"has-post-thumbnail","7":"category-agricultura-la-comarca-ca","8":"category-ventana-ca","9":"category-infraestructuras-ca","10":"category-la-comarca-ca","11":"category-sin-categorizar-ca","12":"category-medio-ambiente-la-comarca-ca","13":"category-politica","14":"category-seccion-ca","15":"tag-agricultura-ca","16":"tag-ayudas-al-sector-agrario-ca","17":"tag-carlos-mazon-ca","18":"tag-generalitat-valenciana-ca"},"_links":{"self":[{"href":"https:\/\/www.tucomarca.com\/wordpress\/segunda\/ca\/wp-json\/wp\/v2\/posts\/236747","targetHints":{"allow":["GET"]}}],"collection":[{"href":"https:\/\/www.tucomarca.com\/wordpress\/segunda\/ca\/wp-json\/wp\/v2\/posts"}],"about":[{"href":"https:\/\/www.tucomarca.com\/wordpress\/segunda\/ca\/wp-json\/wp\/v2\/types\/post"}],"author":[{"embeddable":true,"href":"https:\/\/www.tucomarca.com\/wordpress\/segunda\/ca\/wp-json\/wp\/v2\/users\/12"}],"replies":[{"embeddable":true,"href":"https:\/\/www.tucomarca.com\/wordpress\/segunda\/ca\/wp-json\/wp\/v2\/comments?post=236747"}],"version-history":[{"count":0,"href":"https:\/\/www.tucomarca.com\/wordpress\/segunda\/ca\/wp-json\/wp\/v2\/posts\/236747\/revisions"}],"wp:featuredmedia":[{"embeddable":true,"href":"https:\/\/www.tucomarca.com\/wordpress\/segunda\/ca\/wp-json\/wp\/v2\/media\/236740"}],"wp:attachment":[{"href":"https:\/\/www.tucomarca.com\/wordpress\/segunda\/ca\/wp-json\/wp\/v2\/media?parent=236747"}],"wp:term":[{"taxonomy":"category","embeddable":true,"href":"https:\/\/www.tucomarca.com\/wordpress\/segunda\/ca\/wp-json\/wp\/v2\/categories?post=236747"},{"taxonomy":"post_tag","embeddable":true,"href":"https:\/\/www.tucomarca.com\/wordpress\/segunda\/ca\/wp-json\/wp\/v2\/tags?post=236747"}],"curies":[{"name":"wp","href":"https:\/\/api.w.org\/{rel}","templated":true}]}}