{"id":237074,"date":"2024-09-18T14:00:00","date_gmt":"2024-09-18T12:00:00","guid":{"rendered":"https:\/\/www.tucomarca.com\/wordpress\/segunda\/?p=237074"},"modified":"2024-09-18T17:31:51","modified_gmt":"2024-09-18T15:31:51","slug":"la-mancomunitat-foia-de-bunyol-xiva-organitza-a-iatova-un-curs-de-primers-auxilis-amb-proteccio-civil","status":"publish","type":"post","link":"https:\/\/www.tucomarca.com\/wordpress\/segunda\/ca\/la-mancomunitat-foia-de-bunyol-xiva-organitza-a-iatova-un-curs-de-primers-auxilis-amb-proteccio-civil\/","title":{"rendered":"La Mancomunitat Foia de Bunyol Xiva organitza a I\u00e0tova un curs de primers auxilis amb Protecci\u00f3 Civil"},"content":{"rendered":"<div class=\"wp-block-image\">\n<figure class=\"alignleft size-large is-resized\"><img loading=\"lazy\" decoding=\"async\" width=\"1024\" height=\"1024\" src=\"http:\/\/www.tucomarca.com\/wordpress\/segunda\/wp-content\/uploads\/2024\/09\/MancoAuxilios-1024x1024.jpeg\" alt=\"\" class=\"wp-image-237071\" style=\"width:446px;height:auto\" srcset=\"https:\/\/www.tucomarca.com\/wordpress\/segunda\/wp-content\/uploads\/2024\/09\/MancoAuxilios-1024x1024.jpeg 1024w, https:\/\/www.tucomarca.com\/wordpress\/segunda\/wp-content\/uploads\/2024\/09\/MancoAuxilios-300x300.jpeg 300w, https:\/\/www.tucomarca.com\/wordpress\/segunda\/wp-content\/uploads\/2024\/09\/MancoAuxilios-290x290.jpeg 290w, https:\/\/www.tucomarca.com\/wordpress\/segunda\/wp-content\/uploads\/2024\/09\/MancoAuxilios-768x768.jpeg 768w, https:\/\/www.tucomarca.com\/wordpress\/segunda\/wp-content\/uploads\/2024\/09\/MancoAuxilios.jpeg 1080w\" sizes=\"auto, (max-width: 1024px) 100vw, 1024px\" \/><\/figure>\n<\/div>\n\n\n<p>La Unitat de Prevenci\u00f3 de Conductes Addictives (UPCCA) i l&#8217;\u00e0rea de Joventut de la Mancomunitat Foia de Bunyol Xiva, organitzen, a la Casa de Cultura d&#8217;I\u00e0tova, per al pr\u00f2xim 2 d&#8217;octubre, un taller de primers auxilis destinat a tota la poblaci\u00f3.<\/p>\n\n\n\n<p>Aquesta iniciativa, de car\u00e0cter gratu\u00eft, ser\u00e0 impartida pels membres de Protecci\u00f3 Civil d&#8217;I\u00e0tova i pret\u00e9n oferir eines de resposta davant situacions quotidianes de la vida, aportant coneixements essencials amb els quals donar resposta davant possibles situacions de risc.<\/p>\n\n\n\n<p>Donat el car\u00e0cter del taller i la limitaci\u00f3 de places, la inscripci\u00f3 resulta obligat\u00f2ria, havent de realitzar-se escanejant el codi QR que apareix en aquesta publicaci\u00f3.<\/p>\n","protected":false},"excerpt":{"rendered":"<div class=\"mh-excerpt\">La Unitat de Prevenci\u00f3 de Conductes Addictives (UPCCA) i l&#8217;\u00e0rea de Joventut de la Mancomunitat Foia de Bunyol Xiva, organitzen, a la Casa de Cultura d&#8217;I\u00e0tova, per al pr\u00f2xim 2 d&#8217;octubre, un taller de primers <a class=\"mh-excerpt-more\" href=\"https:\/\/www.tucomarca.com\/wordpress\/segunda\/ca\/la-mancomunitat-foia-de-bunyol-xiva-organitza-a-iatova-un-curs-de-primers-auxilis-amb-proteccio-civil\/\" title=\"La Mancomunitat Foia de Bunyol Xiva organitza a I\u00e0tova un curs de primers auxilis amb Protecci\u00f3 Civil\">[+] <\/a><\/div>\n","protected":false},"author":12,"featured_media":237072,"comment_status":"open","ping_status":"open","sticky":false,"template":"","format":"standard","meta":{"footnotes":""},"categories":[11019,11010,10980,10948,10894,10912,10947,10896],"tags":[10914,11514,14949],"class_list":{"0":"post-237074","1":"post","2":"type-post","3":"status-publish","4":"format-standard","5":"has-post-thumbnail","7":"category-agenda-ca","8":"category-canal-salud","9":"category-yatova-ca","10":"category-infraestructuras-ca","11":"category-la-comarca-ca","12":"category-la-hoya-ca","13":"category-politica","14":"category-seccion-ca","15":"tag-la-hoya-de-bunol-chiva-ca","16":"tag-mancomunidad-de-la-hoya-de-bunol-chiva-ca","17":"tag-primeros-auxilios-ca"},"_links":{"self":[{"href":"https:\/\/www.tucomarca.com\/wordpress\/segunda\/ca\/wp-json\/wp\/v2\/posts\/237074","targetHints":{"allow":["GET"]}}],"collection":[{"href":"https:\/\/www.tucomarca.com\/wordpress\/segunda\/ca\/wp-json\/wp\/v2\/posts"}],"about":[{"href":"https:\/\/www.tucomarca.com\/wordpress\/segunda\/ca\/wp-json\/wp\/v2\/types\/post"}],"author":[{"embeddable":true,"href":"https:\/\/www.tucomarca.com\/wordpress\/segunda\/ca\/wp-json\/wp\/v2\/users\/12"}],"replies":[{"embeddable":true,"href":"https:\/\/www.tucomarca.com\/wordpress\/segunda\/ca\/wp-json\/wp\/v2\/comments?post=237074"}],"version-history":[{"count":0,"href":"https:\/\/www.tucomarca.com\/wordpress\/segunda\/ca\/wp-json\/wp\/v2\/posts\/237074\/revisions"}],"wp:featuredmedia":[{"embeddable":true,"href":"https:\/\/www.tucomarca.com\/wordpress\/segunda\/ca\/wp-json\/wp\/v2\/media\/237072"}],"wp:attachment":[{"href":"https:\/\/www.tucomarca.com\/wordpress\/segunda\/ca\/wp-json\/wp\/v2\/media?parent=237074"}],"wp:term":[{"taxonomy":"category","embeddable":true,"href":"https:\/\/www.tucomarca.com\/wordpress\/segunda\/ca\/wp-json\/wp\/v2\/categories?post=237074"},{"taxonomy":"post_tag","embeddable":true,"href":"https:\/\/www.tucomarca.com\/wordpress\/segunda\/ca\/wp-json\/wp\/v2\/tags?post=237074"}],"curies":[{"name":"wp","href":"https:\/\/api.w.org\/{rel}","templated":true}]}}