{"id":237240,"date":"2024-09-19T09:10:00","date_gmt":"2024-09-19T07:10:00","guid":{"rendered":"https:\/\/www.tucomarca.com\/wordpress\/segunda\/?p=237240"},"modified":"2024-09-19T13:22:08","modified_gmt":"2024-09-19T11:22:08","slug":"godelleta-aposta-per-la-mobilitat-sostenible","status":"publish","type":"post","link":"https:\/\/www.tucomarca.com\/wordpress\/segunda\/ca\/godelleta-aposta-per-la-mobilitat-sostenible\/","title":{"rendered":"Godelleta aposta per la mobilitat sostenible"},"content":{"rendered":"\n<p>Godelleta se suma a la Setmana Europea de la Mobilitat, promovent l&#8217;\u00fas de transports sostenibles que beneficien tant la salut com el medi ambient. L&#8217;Ajuntament anima als ve\u00efns a caminar o utilitzar la bicicleta, aprofitant les rutes saludables disponibles en la localitat, com el Passeig del Prat.<\/p>\n\n\n\n<p>A m\u00e9s, es fomenta l&#8217;\u00fas del transport p\u00fablic, com l&#8217;autob\u00fas, o l&#8217;opci\u00f3 de compartir despla\u00e7aments, amb la finalitat de contribuir a un entorn m\u00e9s net i menys congestionat. Aquesta iniciativa cerca millorar la qualitat de vida i fer de Godelleta un lloc m\u00e9s sostenible.<\/p>\n\n\n\n<figure class=\"wp-block-gallery has-nested-images columns-default is-cropped wp-block-gallery-1 is-layout-flex wp-block-gallery-is-layout-flex\">\n<figure class=\"wp-block-image size-large\"><img loading=\"lazy\" decoding=\"async\" width=\"1024\" height=\"1024\" data-id=\"237234\" src=\"https:\/\/www.tucomarca.com\/wordpress\/segunda\/wp-content\/uploads\/2024\/09\/GodelletaMovilidad1-1024x1024.jpg\" alt=\"\" class=\"wp-image-237234\" srcset=\"https:\/\/www.tucomarca.com\/wordpress\/segunda\/wp-content\/uploads\/2024\/09\/GodelletaMovilidad1-1024x1024.jpg 1024w, https:\/\/www.tucomarca.com\/wordpress\/segunda\/wp-content\/uploads\/2024\/09\/GodelletaMovilidad1-300x300.jpg 300w, https:\/\/www.tucomarca.com\/wordpress\/segunda\/wp-content\/uploads\/2024\/09\/GodelletaMovilidad1-290x290.jpg 290w, https:\/\/www.tucomarca.com\/wordpress\/segunda\/wp-content\/uploads\/2024\/09\/GodelletaMovilidad1-768x768.jpg 768w, https:\/\/www.tucomarca.com\/wordpress\/segunda\/wp-content\/uploads\/2024\/09\/GodelletaMovilidad1.jpg 1080w\" sizes=\"auto, (max-width: 1024px) 100vw, 1024px\" \/><\/figure>\n\n\n\n<figure class=\"wp-block-image size-large\"><img loading=\"lazy\" decoding=\"async\" width=\"1024\" height=\"1024\" data-id=\"237232\" src=\"https:\/\/www.tucomarca.com\/wordpress\/segunda\/wp-content\/uploads\/2024\/09\/GodelletaMovilidad2-1024x1024.jpg\" alt=\"\" class=\"wp-image-237232\" srcset=\"https:\/\/www.tucomarca.com\/wordpress\/segunda\/wp-content\/uploads\/2024\/09\/GodelletaMovilidad2-1024x1024.jpg 1024w, https:\/\/www.tucomarca.com\/wordpress\/segunda\/wp-content\/uploads\/2024\/09\/GodelletaMovilidad2-300x300.jpg 300w, https:\/\/www.tucomarca.com\/wordpress\/segunda\/wp-content\/uploads\/2024\/09\/GodelletaMovilidad2-290x290.jpg 290w, https:\/\/www.tucomarca.com\/wordpress\/segunda\/wp-content\/uploads\/2024\/09\/GodelletaMovilidad2-768x768.jpg 768w, https:\/\/www.tucomarca.com\/wordpress\/segunda\/wp-content\/uploads\/2024\/09\/GodelletaMovilidad2.jpg 1080w\" sizes=\"auto, (max-width: 1024px) 100vw, 1024px\" \/><\/figure>\n<\/figure>\n","protected":false},"excerpt":{"rendered":"<div class=\"mh-excerpt\">Godelleta se suma a la Setmana Europea de la Mobilitat, promovent l&#8217;\u00fas de transports sostenibles que beneficien tant la salut com el medi ambient. L&#8217;Ajuntament anima als ve\u00efns a caminar o utilitzar la bicicleta, aprofitant <a class=\"mh-excerpt-more\" href=\"https:\/\/www.tucomarca.com\/wordpress\/segunda\/ca\/godelleta-aposta-per-la-mobilitat-sostenible\/\" title=\"Godelleta aposta per la mobilitat sostenible\">[+] <\/a><\/div>\n","protected":false},"author":12,"featured_media":237235,"comment_status":"open","ping_status":"open","sticky":false,"template":"","format":"standard","meta":{"footnotes":""},"categories":[10977,10894,10912,10903,10896],"tags":[11087,10914,13900],"class_list":{"0":"post-237240","1":"post","2":"type-post","3":"status-publish","4":"format-standard","5":"has-post-thumbnail","7":"category-godelleta-ca","8":"category-la-comarca-ca","9":"category-la-hoya-ca","10":"category-medio-ambiente-la-comarca-ca","11":"category-seccion-ca","12":"tag-godelleta-ca","13":"tag-la-hoya-de-bunol-chiva-ca","14":"tag-movilidad-ca"},"_links":{"self":[{"href":"https:\/\/www.tucomarca.com\/wordpress\/segunda\/ca\/wp-json\/wp\/v2\/posts\/237240","targetHints":{"allow":["GET"]}}],"collection":[{"href":"https:\/\/www.tucomarca.com\/wordpress\/segunda\/ca\/wp-json\/wp\/v2\/posts"}],"about":[{"href":"https:\/\/www.tucomarca.com\/wordpress\/segunda\/ca\/wp-json\/wp\/v2\/types\/post"}],"author":[{"embeddable":true,"href":"https:\/\/www.tucomarca.com\/wordpress\/segunda\/ca\/wp-json\/wp\/v2\/users\/12"}],"replies":[{"embeddable":true,"href":"https:\/\/www.tucomarca.com\/wordpress\/segunda\/ca\/wp-json\/wp\/v2\/comments?post=237240"}],"version-history":[{"count":0,"href":"https:\/\/www.tucomarca.com\/wordpress\/segunda\/ca\/wp-json\/wp\/v2\/posts\/237240\/revisions"}],"wp:featuredmedia":[{"embeddable":true,"href":"https:\/\/www.tucomarca.com\/wordpress\/segunda\/ca\/wp-json\/wp\/v2\/media\/237235"}],"wp:attachment":[{"href":"https:\/\/www.tucomarca.com\/wordpress\/segunda\/ca\/wp-json\/wp\/v2\/media?parent=237240"}],"wp:term":[{"taxonomy":"category","embeddable":true,"href":"https:\/\/www.tucomarca.com\/wordpress\/segunda\/ca\/wp-json\/wp\/v2\/categories?post=237240"},{"taxonomy":"post_tag","embeddable":true,"href":"https:\/\/www.tucomarca.com\/wordpress\/segunda\/ca\/wp-json\/wp\/v2\/tags?post=237240"}],"curies":[{"name":"wp","href":"https:\/\/api.w.org\/{rel}","templated":true}]}}