{"id":237289,"date":"2024-09-19T09:45:00","date_gmt":"2024-09-19T07:45:00","guid":{"rendered":"https:\/\/www.tucomarca.com\/wordpress\/segunda\/?p=237289"},"modified":"2024-09-19T15:47:38","modified_gmt":"2024-09-19T13:47:38","slug":"la-diputacio-de-valencia-condicionara-la-carretera-dacces-a-la-presa-de-tous","status":"publish","type":"post","link":"https:\/\/www.tucomarca.com\/wordpress\/segunda\/ca\/la-diputacio-de-valencia-condicionara-la-carretera-dacces-a-la-presa-de-tous\/","title":{"rendered":"La Diputaci\u00f3 de Val\u00e8ncia condicionar\u00e0 la carretera d&#8217;acc\u00e9s a la Presa de Tous"},"content":{"rendered":"\n<h3 class=\"wp-block-heading\">Amb un pressupost de m\u00e9s de mig mili\u00f3 d&#8217;euros, la intervenci\u00f3 consistix en el refor\u00e7 del ferm de la CV-541 entre la intersecci\u00f3 amb la Vereda d&#8217;Alzira i l\u2019embassament.<\/h3>\n\n\n\n<h3 class=\"wp-block-heading\">La diputada de Carreteres i vicepresidenta segona de la Diputaci\u00f3, Reme Mazzolari incidix en \u201cl&#8217;impacte que tindr\u00e0 l&#8217;actuaci\u00f3 en la seguretat d&#8217;una via que connecta l&#8217;embassament amb l&#8217;A-7, i que t\u00e9 molt tr\u00e0nsit de vehicles i bicicletes especialment els caps de setmana\u201d.<\/h3>\n\n\n\n<p>La carretera CV-541, que connecta l&#8217;A-7 amb la Presa de Tous, veur\u00e0 millorada la seua seguretat amb l&#8217;actuaci\u00f3 projectada per la Diputaci\u00f3 de Val\u00e8ncia entre la intersecci\u00f3 amb la Vereda d&#8217;Alzira i l\u2019embassament.<\/p>\n\n\n\n<p>La diputada de Carreteres i vicepresidenta segona de la Diputaci\u00f3, Reme Mazzolari, explica que \u201cesta intervenci\u00f3, que ja est\u00e0 adjudicada i podria comen\u00e7ar a la fi del mes d&#8217;octubre o principis de novembre, era una prioritat ya que es tracta d&#8217;una via molt transitada, especialment els caps de setmana, en els quals a m\u00e9s acull a multitud de ciclistes\u201d.<\/p>\n\n\n\n<p>Mazzolari indica que \u201camb esta inversi\u00f3, la qual supera el mig mili\u00f3 d&#8217;euros, es dona continu\u00eftat a l&#8217;actuaci\u00f3 que es va dur a terme en 2023 en un altre tram de la mateixa carretera\u201d i incidix en qu\u00e8 \u201cles pr\u00f2pies caracter\u00edstiques orogr\u00e0fiques d&#8217;esta zona muntanyenca fan que el tra\u00e7at siga molt sinu\u00f3s, per la qual cosa \u00e9s de vital import\u00e0ncia que el ferm estiga en les millors condicions per a garantir la seguretat de la via\u201d.<\/p>\n\n\n\n<p>Concretament, l&#8217;actuaci\u00f3 t\u00e9 una longitud aproximada de 9,5 quil\u00f2metres, i comen\u00e7a des del punt quilom\u00e8tric 9+135 de la carretera, per a finalitzar en el propi acc\u00e9s a l&#8217;embassament. Els treballs tamb\u00e9 preveuen actuar, si la cota d&#8217;ompliment de l&#8217;embassament ho permet, en el tram final de 360 metres des de la zona habilitada com a p\u00e0rquing fins a la presa que, per causa de les seues caracter\u00edstiques inundables, presenta una reducci\u00f3 de la cal\u00e7ada perqu\u00e8 els laterals estan molt deteriorats.<\/p>\n\n\n\n<p>En primer lloc, s&#8217;ha previst la regularitzaci\u00f3 de totes les zones que presenten una deformaci\u00f3 excessiva per a estendre a continuaci\u00f3 una capa de rodadura amb la finalitat de millorar les condicions de la carretera, reposant tamb\u00e9 la senyalitzaci\u00f3 horitzontal i vertical de tot el tram.<\/p>\n\n\n\n<p>Tamb\u00e9 s&#8217;intervindr\u00e0 sobre els marges, condicionant-los per a garantir una ampl\u00e0ria lliure m\u00ednima, la qual cosa permetr\u00e0 tamb\u00e9 millorar les condicions de visibilitat en les corbes. Aix\u00ed mateix, es milloraran les condicions d\u2019evacuaci\u00f3 d&#8217;aigua, i se substituiran tots els panells direccionals.<\/p>\n\n\n\n<p>L&#8217;obra ha sigut adjudicada a l&#8217;empresa valenciana CIVINED SLU amb un pressupost total de licitaci\u00f3 de 573.000 euros. Els treballs podrien comen\u00e7ar entre 5 i 6 setmanes, amb un termini d&#8217;execuci\u00f3 aproximat de dos mesos.<\/p>\n","protected":false},"excerpt":{"rendered":"<div class=\"mh-excerpt\">Amb un pressupost de m\u00e9s de mig mili\u00f3 d&#8217;euros, la intervenci\u00f3 consistix en el refor\u00e7 del ferm de la CV-541 entre la intersecci\u00f3 amb la Vereda d&#8217;Alzira i l\u2019embassament. La diputada de Carreteres i vicepresidenta <a class=\"mh-excerpt-more\" href=\"https:\/\/www.tucomarca.com\/wordpress\/segunda\/ca\/la-diputacio-de-valencia-condicionara-la-carretera-dacces-a-la-presa-de-tous\/\" title=\"La Diputaci\u00f3 de Val\u00e8ncia condicionar\u00e0 la carretera d&#8217;acc\u00e9s a la Presa de Tous\">[+] <\/a><\/div>\n","protected":false},"author":12,"featured_media":237288,"comment_status":"open","ping_status":"open","sticky":false,"template":"","format":"standard","meta":{"footnotes":""},"categories":[10889,10898,10948,10894,10902,10947,10896,11048],"tags":[13371,21226,11246,19433],"class_list":{"0":"post-237289","1":"post","2":"type-post","3":"status-publish","4":"format-standard","5":"has-post-thumbnail","7":"category-alzira-cat","8":"category-ventana-ca","9":"category-infraestructuras-ca","10":"category-la-comarca-ca","11":"category-la-ribera-ca","12":"category-politica","13":"category-seccion-ca","14":"category-tous-ca","15":"tag-carreteras-diputacion-ca","16":"tag-cv-541-ca","17":"tag-diputacio-de-valencia-ca","18":"tag-reme-mazzolari-ca"},"_links":{"self":[{"href":"https:\/\/www.tucomarca.com\/wordpress\/segunda\/ca\/wp-json\/wp\/v2\/posts\/237289","targetHints":{"allow":["GET"]}}],"collection":[{"href":"https:\/\/www.tucomarca.com\/wordpress\/segunda\/ca\/wp-json\/wp\/v2\/posts"}],"about":[{"href":"https:\/\/www.tucomarca.com\/wordpress\/segunda\/ca\/wp-json\/wp\/v2\/types\/post"}],"author":[{"embeddable":true,"href":"https:\/\/www.tucomarca.com\/wordpress\/segunda\/ca\/wp-json\/wp\/v2\/users\/12"}],"replies":[{"embeddable":true,"href":"https:\/\/www.tucomarca.com\/wordpress\/segunda\/ca\/wp-json\/wp\/v2\/comments?post=237289"}],"version-history":[{"count":0,"href":"https:\/\/www.tucomarca.com\/wordpress\/segunda\/ca\/wp-json\/wp\/v2\/posts\/237289\/revisions"}],"wp:featuredmedia":[{"embeddable":true,"href":"https:\/\/www.tucomarca.com\/wordpress\/segunda\/ca\/wp-json\/wp\/v2\/media\/237288"}],"wp:attachment":[{"href":"https:\/\/www.tucomarca.com\/wordpress\/segunda\/ca\/wp-json\/wp\/v2\/media?parent=237289"}],"wp:term":[{"taxonomy":"category","embeddable":true,"href":"https:\/\/www.tucomarca.com\/wordpress\/segunda\/ca\/wp-json\/wp\/v2\/categories?post=237289"},{"taxonomy":"post_tag","embeddable":true,"href":"https:\/\/www.tucomarca.com\/wordpress\/segunda\/ca\/wp-json\/wp\/v2\/tags?post=237289"}],"curies":[{"name":"wp","href":"https:\/\/api.w.org\/{rel}","templated":true}]}}