{"id":237449,"date":"2024-09-21T09:00:00","date_gmt":"2024-09-21T07:00:00","guid":{"rendered":"https:\/\/www.tucomarca.com\/wordpress\/segunda\/?p=237449"},"modified":"2024-09-21T21:13:29","modified_gmt":"2024-09-21T19:13:29","slug":"vicent-mompo-reafirma-el-seu-compromis-amb-lenvelliment-actiu-en-un-acte-amb-majors-a-alzira","status":"publish","type":"post","link":"https:\/\/www.tucomarca.com\/wordpress\/segunda\/ca\/vicent-mompo-reafirma-el-seu-compromis-amb-lenvelliment-actiu-en-un-acte-amb-majors-a-alzira\/","title":{"rendered":"Vicent Momp\u00f3 reafirma el seu comprom\u00eds amb l&#8217;envelliment actiu en un acte amb majors a Alzira"},"content":{"rendered":"\n<h3 class=\"wp-block-heading\">El president de la Diputaci\u00f3 de Val\u00e8ncia destaca \u201cl&#8217;aposta\u201d de la corporaci\u00f3 provincial per a \u201cenriquir la vida dels majors, sobretot dels m\u00e9s vulnerables i dels que viuen en pobles xicotets, que el tenen m\u00e9s dif\u00edcil\u201d.<\/h3>\n\n\n\n<p>El president de la Diputaci\u00f3 de Val\u00e8ncia, Vicent Momp\u00f3, ha participat en la trobada amb majors que tots els anys organitza l&#8217;Ajuntament de Sedav\u00ed amb motiu de les seues festes patronals, i que enguany s&#8217;ha celebrat en un sal\u00f3 de banquets a Alzira. Momp\u00f3 ha subratllat \u201cla import\u00e0ncia i la necessitat\u201d d&#8217;un envelliment actiu. \u201cEn la Diputaci\u00f3 tenim un ferm comprom\u00eds perqu\u00e8 els valencians i les valencianes sumen anys de qualitat, la seua salut i benestar repercutix en els majors i en la resta de la societat\u201d, ha esgrimit.<\/p>\n\n\n\n<figure class=\"wp-block-gallery has-nested-images columns-default is-cropped wp-block-gallery-1 is-layout-flex wp-block-gallery-is-layout-flex\">\n<figure class=\"wp-block-image size-large\"><img loading=\"lazy\" decoding=\"async\" width=\"886\" height=\"590\" data-id=\"237450\" src=\"https:\/\/www.tucomarca.com\/wordpress\/segunda\/wp-content\/uploads\/2024\/09\/MompoMajors2.jpg\" alt=\"\" class=\"wp-image-237450\" srcset=\"https:\/\/www.tucomarca.com\/wordpress\/segunda\/wp-content\/uploads\/2024\/09\/MompoMajors2.jpg 886w, https:\/\/www.tucomarca.com\/wordpress\/segunda\/wp-content\/uploads\/2024\/09\/MompoMajors2-300x200.jpg 300w, https:\/\/www.tucomarca.com\/wordpress\/segunda\/wp-content\/uploads\/2024\/09\/MompoMajors2-768x511.jpg 768w\" sizes=\"auto, (max-width: 886px) 100vw, 886px\" \/><\/figure>\n\n\n\n<figure class=\"wp-block-image size-large\"><img loading=\"lazy\" decoding=\"async\" width=\"886\" height=\"590\" data-id=\"237452\" src=\"https:\/\/www.tucomarca.com\/wordpress\/segunda\/wp-content\/uploads\/2024\/09\/MompoMajors1.jpg\" alt=\"\" class=\"wp-image-237452\" srcset=\"https:\/\/www.tucomarca.com\/wordpress\/segunda\/wp-content\/uploads\/2024\/09\/MompoMajors1.jpg 886w, https:\/\/www.tucomarca.com\/wordpress\/segunda\/wp-content\/uploads\/2024\/09\/MompoMajors1-300x200.jpg 300w, https:\/\/www.tucomarca.com\/wordpress\/segunda\/wp-content\/uploads\/2024\/09\/MompoMajors1-768x511.jpg 768w\" sizes=\"auto, (max-width: 886px) 100vw, 886px\" \/><\/figure>\n<\/figure>\n\n\n\n<p>Entre les accions dutes a terme per la Diputaci\u00f3 per a promoure l&#8217;envelliment actiu, destaca el programa \u2018A\u00e7\u00f2 \u00e9s la Dipu\u2019, que pret\u00e9n fomentar la cultura i les relacions interpersonals; el projecte \u2018Acompanyament en processos d&#8217;inclusi\u00f3\u2019, una col\u00b7laboraci\u00f3 entre la Diputaci\u00f3 de Val\u00e8ncia i Creu Roja per a municipis de menys de 5.000 habitants de les comarques del Rac\u00f3n de Ademuz, la Serrania i la Vall d&#8217;Albaida; i el programa \u2018La Cuina que cuida\u2019 en col\u00b7laboraci\u00f3 amb la Generalitat, que tracta de garantir la manutenci\u00f3 aliment\u00e0ria b\u00e0sica a les persones en situaci\u00f3 de necessitat en municipis de menys de 15.000 habitants, amb una important atenci\u00f3 a les persones majors.<\/p>\n\n\n\n<p>En mat\u00e8ria de formaci\u00f3 per a majors s&#8217;han destinat enguany quasi 300.000 euros. La Diputaci\u00f3 de Val\u00e8ncia subvenciona programes universitaris com el de la Fundaci\u00f3 de la Universitat de Val\u00e8ncia i el projecte formatiu la Universitat del Majors l&#8217;Horta Sud La Florida, de Florida Universit\u00e0ria, entre altres. Per a Momp\u00f3, \u201c\u00e9s important atorgar als majors oportunitats de formaci\u00f3, ja que influ\u00efx de manera positiva en el seu benestar i en la seua manera d&#8217;afrontar el dia a dia\u201d.<\/p>\n\n\n\n<p>Quant a la pr\u00e0ctica d&#8217;exercici f\u00edsic, ha explicat, \u201cestem donant suport a projectes que promouen l&#8217;esport i h\u00e0bits de vida saludables entre la gent gran. Per exemple, la Diputaci\u00f3 impulsa el programa de Gesmed, que promou la pr\u00e0ctica d&#8217;exercici per a millorar la qualitat de vida de persones majors perqu\u00e8 \u00e9s la millor medicina\u201d.<\/p>\n\n\n\n<p>En definitiva, ha argumentat, \u201cesta aposta de la diputaci\u00f3 t\u00e9 com a objectiu enriquir la vida dels majors, sobretot la dels m\u00e9s vulnerables i la dels quals viuen en pobles xicotets perqu\u00e8 que ho tenen m\u00e9s dif\u00edcil\u201d.<\/p>\n","protected":false},"excerpt":{"rendered":"<div class=\"mh-excerpt\">El president de la Diputaci\u00f3 de Val\u00e8ncia destaca \u201cl&#8217;aposta\u201d de la corporaci\u00f3 provincial per a \u201cenriquir la vida dels majors, sobretot dels m\u00e9s vulnerables i dels que viuen en pobles xicotets, que el tenen m\u00e9s <a class=\"mh-excerpt-more\" href=\"https:\/\/www.tucomarca.com\/wordpress\/segunda\/ca\/vicent-mompo-reafirma-el-seu-compromis-amb-lenvelliment-actiu-en-un-acte-amb-majors-a-alzira\/\" title=\"Vicent Momp\u00f3 reafirma el seu comprom\u00eds amb l&#8217;envelliment actiu en un acte amb majors a Alzira\">[+] <\/a><\/div>\n","protected":false},"author":12,"featured_media":237445,"comment_status":"open","ping_status":"open","sticky":false,"template":"","format":"gallery","meta":{"footnotes":""},"categories":[10890,10889,11046,10898,10948,10894,10902,11007,10947,10896],"tags":[11192,11246,11356],"class_list":{"0":"post-237449","1":"post","2":"type-post","3":"status-publish","4":"format-gallery","5":"has-post-thumbnail","7":"category-ademus","8":"category-alzira-cat","9":"category-los-serranos-ca","10":"category-ventana-ca","11":"category-infraestructuras-ca","12":"category-la-comarca-ca","13":"category-la-ribera-ca","14":"category-ocio-y-cultura-ca","15":"category-politica","16":"category-seccion-ca","17":"tag-alzira-ca","18":"tag-diputacio-de-valencia-ca","19":"tag-ribera-alta-ca","20":"post_format-post-format-gallery"},"_links":{"self":[{"href":"https:\/\/www.tucomarca.com\/wordpress\/segunda\/ca\/wp-json\/wp\/v2\/posts\/237449","targetHints":{"allow":["GET"]}}],"collection":[{"href":"https:\/\/www.tucomarca.com\/wordpress\/segunda\/ca\/wp-json\/wp\/v2\/posts"}],"about":[{"href":"https:\/\/www.tucomarca.com\/wordpress\/segunda\/ca\/wp-json\/wp\/v2\/types\/post"}],"author":[{"embeddable":true,"href":"https:\/\/www.tucomarca.com\/wordpress\/segunda\/ca\/wp-json\/wp\/v2\/users\/12"}],"replies":[{"embeddable":true,"href":"https:\/\/www.tucomarca.com\/wordpress\/segunda\/ca\/wp-json\/wp\/v2\/comments?post=237449"}],"version-history":[{"count":0,"href":"https:\/\/www.tucomarca.com\/wordpress\/segunda\/ca\/wp-json\/wp\/v2\/posts\/237449\/revisions"}],"wp:featuredmedia":[{"embeddable":true,"href":"https:\/\/www.tucomarca.com\/wordpress\/segunda\/ca\/wp-json\/wp\/v2\/media\/237445"}],"wp:attachment":[{"href":"https:\/\/www.tucomarca.com\/wordpress\/segunda\/ca\/wp-json\/wp\/v2\/media?parent=237449"}],"wp:term":[{"taxonomy":"category","embeddable":true,"href":"https:\/\/www.tucomarca.com\/wordpress\/segunda\/ca\/wp-json\/wp\/v2\/categories?post=237449"},{"taxonomy":"post_tag","embeddable":true,"href":"https:\/\/www.tucomarca.com\/wordpress\/segunda\/ca\/wp-json\/wp\/v2\/tags?post=237449"}],"curies":[{"name":"wp","href":"https:\/\/api.w.org\/{rel}","templated":true}]}}