{"id":237625,"date":"2024-09-23T08:55:00","date_gmt":"2024-09-23T06:55:00","guid":{"rendered":"https:\/\/www.tucomarca.com\/wordpress\/segunda\/?p=237625"},"modified":"2024-09-23T13:07:44","modified_gmt":"2024-09-23T11:07:44","slug":"livc-presenta-la-programacio-de-didactica-audiovisual-de-la-filmoteca-valenciana-per-al-curs-escolar-2024-2025","status":"publish","type":"post","link":"https:\/\/www.tucomarca.com\/wordpress\/segunda\/ca\/livc-presenta-la-programacio-de-didactica-audiovisual-de-la-filmoteca-valenciana-per-al-curs-escolar-2024-2025\/","title":{"rendered":"L\u2019IVC presenta la programaci\u00f3 de did\u00e0ctica audiovisual de La Filmoteca Valenciana per al curs escolar 2024-2025"},"content":{"rendered":"\n<h3 class=\"wp-block-heading\">El termini d\u2019inscripci\u00f3 per a les activitats est\u00e0 obert des del 15 de setembre.<\/h3>\n\n\n\n<h3 class=\"wp-block-heading\">La programaci\u00f3 est\u00e0 dirigida a tots els nivells del sistema educatiu i inclou projeccions, debats i tallers.<\/h3>\n\n\n\n<p>La Conselleria d\u2019Educaci\u00f3, Cultura, Universitats i Ocupaci\u00f3, a trav\u00e9s de l\u2019Institut Valenci\u00e0 de Cultura (IVC), presenta la programaci\u00f3 de did\u00e0ctica de cinema de La Filmoteca Valenciana per al curs escolar 2024-2025, que est\u00e0 dirigida a tots els nivells del sistema educatiu.<\/p>\n\n\n\n<p>El director general de l\u2019IVC, \u00c1lvaro L\u00f3pez Jamar, ha assenyalat que l\u2019objectiu fonamental d\u2019esta programaci\u00f3 did\u00e0ctica \u00e9s \u201caproximar el m\u00f3n del cinema i la cultura audiovisual al p\u00fablic escolar dels centres educatius valencians\u201d.<\/p>\n\n\n\n<p>\u201cLa principal novetat de la programaci\u00f3 \u00e9s que inclou dins de la seua oferta formativa algunes de les pel\u00b7l\u00edcules dels cicles de La Filmoteca Valenciana per a esta nova temporada, com els que dedicar\u00e0 a Jean-Luc Godard, Fran\u00e7ois Truffaut o Aki Kaurismaki\u201d, ha afegit.<\/p>\n\n\n\n<p>Les sessions did\u00e0ctiques tenen l\u2019objectiu de donar a con\u00e9ixer entre els m\u00e9s j\u00f3vens les activitats de La Filmoteca Valenciana i el seu paper fonamental en la recuperaci\u00f3, conservaci\u00f3 i promoci\u00f3 de l\u2019audiovisual valenci\u00e0.<\/p>\n\n\n\n<p>\u201cEl nostre objectiu \u00e9s contribuir a l\u2019educaci\u00f3 audiovisual de l\u2019alumnat tant de col\u00b7legis com d\u2019instituts, per\u00f2 tamb\u00e9 aspirem a crear nous p\u00fablics que garantisquen la perviv\u00e8ncia del cinema com a espectacle col\u00b7lectiu\u201d, ha assenyalat el director.<\/p>\n\n\n\n<p>\u201cTamb\u00e9 volem difondre el cinema valenci\u00e0 m\u00e9s recent entre els m\u00e9s j\u00f3vens amb les projeccions de pel\u00b7l\u00edcules que puguen ser del seu inter\u00e9s com&nbsp;<em>La banda<\/em>&nbsp;de Roberto Bueso i el documental&nbsp;<em>Domingo, domingo<\/em>&nbsp;de Laura Garc\u00eda Andreu\u201d, ha apuntat el director de l\u2019IVC.<\/p>\n\n\n\n<p>Les sessions did\u00e0ctiques se celebren en la sala Luis Garc\u00eda Berlanga de La Filmoteca Valenciana, en l\u2019edifici Rialto, i a la sala 7, tamb\u00e9 en l\u2019edifici Rialto. La programaci\u00f3 est\u00e0 conformada per projeccions, debats i tallers.<\/p>\n\n\n\n<p>El termini d\u2019inscripci\u00f3 per a les activitats did\u00e0ctiques de cinema de l\u2019IVC es pot fer per part del professorat en l\u2019adre\u00e7a electr\u00f2nica didactica_audiovisual@ivc.gva.es.<\/p>\n\n\n\n<p>El tel\u00e8fon de contacte \u00e9s 962 753 492 i el WhatsApp 660 123 438. L\u2019horari d\u2019atenci\u00f3 \u00e9s de 9:30 hores fins a 14:30 hores.<\/p>\n\n\n\n<p><strong>Programaci\u00f3 del primer trimestre<\/strong><\/p>\n\n\n\n<p>Com a novetat respecte a edicions anteriors, l\u2019Institut Valenci\u00e0 de Cultura i la Mostra Internacional de Cinema Educatiu (MICE) han organitzat en la Filmoteca Valenciana unes projeccions matinals del 16 al 17 d\u2019octubre, que serviran per a elegir la pel\u00b7l\u00edcula candidata als premis ECFA (European Children\u2019s Film Asociation).<\/p>\n\n\n\n<p>Estos premis s\u00f3n concedits anualment pels festivals europeus que formen part de l\u2019European Children\u2019s Film Asociation per a destacar la millor pel\u00b7l\u00edcula europea de cinema infantil i juvenil.<\/p>\n\n\n\n<p>El jurat del premi est\u00e0 constitu\u00eft pels xiquets i j\u00f3vens que acudixen a les projeccions de cada un dels festivals pertanyents a ECFA. La pel\u00b7l\u00edcula guanyadora ser\u00e0 presentada durant la Berlinale en febrer de 2025. \u00c9s la primera vegada que Val\u00e8ncia acull estes projeccions dels Premis ECFA.<\/p>\n\n\n\n<p>Amb estes projeccions s\u2019inicia la programaci\u00f3 did\u00e0ctica d\u2019este curs escolar. La inscripci\u00f3 per a participar en esta activitat, de car\u00e0cter gratu\u00eft, est\u00e0 oberta fins al 14 d\u2019octubre i es poden gestionar a trav\u00e9s de la p\u00e0gina web de l\u2019IVC.<\/p>\n\n\n\n<p>Despr\u00e9s de les projeccions dels premis ECFA, les sessions did\u00e0ctiques prosseguixen el 24 d\u2019octubre, a les 10.30 hores, amb la sessi\u00f3 did\u00e0ctica \u2018Qu\u00e8 \u00e9s una filmoteca?\u2019, en la qual es projecten pel\u00b7l\u00edcules restaurades per l\u2019Arxiu F\u00edlmic de la Filmoteca de la IVC. Tamb\u00e9 s\u2019explica la import\u00e0ncia que tenen les filmoteques en la conservaci\u00f3 de la mem\u00f2ria audiovisual col\u00b7lectiva. Dirigida a estudiants de 4t d\u2019ESO, Cicles Formatius i Batxillerat, la sessi\u00f3 did\u00e0ctica \u00e9s gratu\u00efta i en valenci\u00e0.<\/p>\n\n\n\n<p>El 31 d\u2019octubre, a les 10:30 hores, es projecta&nbsp;<em>Un hombre sin pasado&nbsp;<\/em>d\u2019Aki Kaurismaki, dins del cicle \u2018CinEd\u2019, que \u00e9s un programa de cooperaci\u00f3 europea que t\u00e9 com a objectiu que xiquets i j\u00f3vens de 6 a 19 anys descobrisquen la riquesa del cinema europeu d\u2019acte i aprenguen a disfrutar-lo. Dirigida a l\u2019alumnat de 4t d\u2019ESO, Cicles Formatius i Batxillerat, el preu de la sessi\u00f3 \u00e9s de dos euros.<\/p>\n\n\n\n<p>El 6 de novembre, a les 10:30 hores, en la Sala Berlanga se celebrar\u00e0 la sessi\u00f3 did\u00e0ctica amb projecci\u00f3 \u2018Estereotips en la pantalla\u2019, l\u2019objectiu de la qual \u00e9s reflexionar sobre la influ\u00e8ncia del cinema i la cultura audiovisual en el comportament social i els patrons de g\u00e8nere. Adscrita a estudiants de segon cicle de l\u2019ESO, la sessi\u00f3 \u00e9s en valenci\u00e0 i el seu preu \u00e9s de 2 euros.<\/p>\n\n\n\n<p>El 7 de novembre, a les 10:30 hores, es projecta el llargmetratge d\u2019animaci\u00f3&nbsp;<em>Robot Dreams<\/em>&nbsp;de Pablo Berger, dins de l\u2019activitat \u2018Cinema actual\u2019, dirigida a l\u2019alumnat de tercer cicle de Prim\u00e0ria, primer cicle d\u2019ESO i segon cicle ESO. El seu preu \u00e9s de 2 euros.<\/p>\n\n\n\n<p>El 14 de novembre es projecta&nbsp;<em>D\u00e9jame entrar<\/em>&nbsp;de Tomas Alfredson, dins de la sessi\u00f3 \u2018Pensar un film\u2019, dirigida a l\u2019alumnat de Batxillerat. El preu \u00e9s de 2 euros. Aix\u00ed mateix, el 20 i 21 de novembre, a les 10 hores, la sala 7 acull el nou taller \u2018Una de monstres\u2019, dirigida a l\u2019alumnat de Prim\u00e0ria i amb un preu de 2 euros.<\/p>\n\n\n\n<p>El 27 de novembre i el 29 de gener de 2025, a les 10:30 hores, en la sala Berlanga es realitza la sessi\u00f3 \u2018Pensar el pla: Introducci\u00f3 al llenguatge cinematogr\u00e0fic\u2019, en la qual s\u2019analitzaran fragments de pel\u00b7l\u00edcules i es tractaran q\u00fcestions de narrativa audiovisual. Destinada a l\u2019alumnat de Batxillerat, el preu de la sessi\u00f3 \u00e9s de 2 euros.<\/p>\n\n\n\n<p>El 28 de novembre, a les 10:30 hores, en la Sala Berlanga, s\u2019impartix la sessi\u00f3 \u2018Els mags del cinema\u2019, en la qual es projectaran pel\u00b7l\u00edcules dels inventors del cinemat\u00f2graf i pioners del cinema mut, amb m\u00fasica en directe del pianista Arcadi Valiente. Dirigit a estudiants de Prim\u00e0ria, el preu de l\u2019activitat \u00e9s de 2 euros.<\/p>\n\n\n\n<p>El 5 de desembre, a les 10:30 hores, es projecta&nbsp;<em>Aves de paso<\/em>, d\u2019Olivier Ringer, dins de l\u2019activitat \u2018Inf\u00e0ncia i cinema\u2019, dirigida a tercer cicle de Prim\u00e0ria, 1r d\u2019ESO i segon cicle de Prim\u00e0ria. El preu de la sessi\u00f3 \u00e9s de 2 euros.<\/p>\n\n\n\n<p>El 12 de desembre, a les 10:30 hores, es projecta&nbsp;<em>La banda<\/em>&nbsp;de Roberto Bueso, dins de l\u2019activitat gratu\u00efta \u2018Troba\u2019t amb el cinema valenci\u00e0\u2019 dirigida a l\u2019alumnat de 4t d\u2019ESO, 3r d\u2019ESO, Batxillerat.<\/p>\n\n\n\n<p>El 18 i 19 de desembre, a les 10:00 hores, la sala 7 de l\u2019edifici Rialto acollir\u00e0 el taller \u2018Hist\u00f2ries que giren\u2019, sobre la hist\u00f2ria de les primeres imatges en moviments i els seus aparells. Dirigit a 2n i 3r de Prim\u00e0ria, el preu del taller \u00e9s de 2 euros per alumne.<\/p>\n\n\n\n<p>La programaci\u00f3 completa i m\u00e9s detallada del curs escolar 2023-2024 es pot consultar en la&nbsp;<a href=\"http:\/\/ivc.gva.es\/\">p\u00e0gina web de l\u2019IVC<\/a>.<\/p>\n","protected":false},"excerpt":{"rendered":"<div class=\"mh-excerpt\">El termini d\u2019inscripci\u00f3 per a les activitats est\u00e0 obert des del 15 de setembre. La programaci\u00f3 est\u00e0 dirigida a tots els nivells del sistema educatiu i inclou projeccions, debats i tallers. La Conselleria d\u2019Educaci\u00f3, Cultura, <a class=\"mh-excerpt-more\" href=\"https:\/\/www.tucomarca.com\/wordpress\/segunda\/ca\/livc-presenta-la-programacio-de-didactica-audiovisual-de-la-filmoteca-valenciana-per-al-curs-escolar-2024-2025\/\" title=\"L\u2019IVC presenta la programaci\u00f3 de did\u00e0ctica audiovisual de La Filmoteca Valenciana per al curs escolar 2024-2025\">[+] <\/a><\/div>\n","protected":false},"author":13,"featured_media":237621,"comment_status":"open","ping_status":"open","sticky":false,"template":"","format":"standard","meta":{"footnotes":""},"categories":[11019,10898,10904,11007,10896],"tags":[13274,17761,11199,15856],"class_list":{"0":"post-237625","1":"post","2":"type-post","3":"status-publish","4":"format-standard","5":"has-post-thumbnail","7":"category-agenda-ca","8":"category-ventana-ca","9":"category-sin-categorizar-ca","10":"category-ocio-y-cultura-ca","11":"category-seccion-ca","12":"tag-institut-valencia-de-cultura-ca","13":"tag-ivc-ca","14":"tag-la-comunitat-ca","15":"tag-ocio-y-cultura-ca"},"_links":{"self":[{"href":"https:\/\/www.tucomarca.com\/wordpress\/segunda\/ca\/wp-json\/wp\/v2\/posts\/237625","targetHints":{"allow":["GET"]}}],"collection":[{"href":"https:\/\/www.tucomarca.com\/wordpress\/segunda\/ca\/wp-json\/wp\/v2\/posts"}],"about":[{"href":"https:\/\/www.tucomarca.com\/wordpress\/segunda\/ca\/wp-json\/wp\/v2\/types\/post"}],"author":[{"embeddable":true,"href":"https:\/\/www.tucomarca.com\/wordpress\/segunda\/ca\/wp-json\/wp\/v2\/users\/13"}],"replies":[{"embeddable":true,"href":"https:\/\/www.tucomarca.com\/wordpress\/segunda\/ca\/wp-json\/wp\/v2\/comments?post=237625"}],"version-history":[{"count":0,"href":"https:\/\/www.tucomarca.com\/wordpress\/segunda\/ca\/wp-json\/wp\/v2\/posts\/237625\/revisions"}],"wp:featuredmedia":[{"embeddable":true,"href":"https:\/\/www.tucomarca.com\/wordpress\/segunda\/ca\/wp-json\/wp\/v2\/media\/237621"}],"wp:attachment":[{"href":"https:\/\/www.tucomarca.com\/wordpress\/segunda\/ca\/wp-json\/wp\/v2\/media?parent=237625"}],"wp:term":[{"taxonomy":"category","embeddable":true,"href":"https:\/\/www.tucomarca.com\/wordpress\/segunda\/ca\/wp-json\/wp\/v2\/categories?post=237625"},{"taxonomy":"post_tag","embeddable":true,"href":"https:\/\/www.tucomarca.com\/wordpress\/segunda\/ca\/wp-json\/wp\/v2\/tags?post=237625"}],"curies":[{"name":"wp","href":"https:\/\/api.w.org\/{rel}","templated":true}]}}