{"id":237727,"date":"2024-09-24T11:00:00","date_gmt":"2024-09-24T09:00:00","guid":{"rendered":"https:\/\/www.tucomarca.com\/wordpress\/segunda\/?p=237727"},"modified":"2024-09-24T14:59:47","modified_gmt":"2024-09-24T12:59:47","slug":"turis-millora-la-dotacio-de-la-policia-local","status":"publish","type":"post","link":"https:\/\/www.tucomarca.com\/wordpress\/segunda\/ca\/turis-millora-la-dotacio-de-la-policia-local\/","title":{"rendered":"Tur\u00eds millora la dotaci\u00f3 de la Polic\u00eda Local"},"content":{"rendered":"\n<p>Fruit de les gestions realitzades per l\u2019Ajuntament, i de l\u2019aposta per la professionalitzaci\u00f3 i estabilitzaci\u00f3 del cos de Policia Local, s\u2019ha dotat a cinc agents amb arma reglament\u00e0ria.<\/p>\n\n\n\n<p>En els \u00faltims mesos tamb\u00e9 s\u2019ha estat treballant en la formaci\u00f3 i la consolidaci\u00f3 de la plantilla i actualment Tur\u00eds compta amb un notable increment d\u2019agents especialitzats i armats vetlant per la seguretat de la poblaci\u00f3.<\/p>\n","protected":false},"excerpt":{"rendered":"<div class=\"mh-excerpt\">Fruit de les gestions realitzades per l\u2019Ajuntament, i de l\u2019aposta per la professionalitzaci\u00f3 i estabilitzaci\u00f3 del cos de Policia Local, s\u2019ha dotat a cinc agents amb arma reglament\u00e0ria. En els \u00faltims mesos tamb\u00e9 s\u2019ha estat <a class=\"mh-excerpt-more\" href=\"https:\/\/www.tucomarca.com\/wordpress\/segunda\/ca\/turis-millora-la-dotacio-de-la-policia-local\/\" title=\"Tur\u00eds millora la dotaci\u00f3 de la Polic\u00eda Local\">[+] <\/a><\/div>\n","protected":false},"author":12,"featured_media":237726,"comment_status":"open","ping_status":"open","sticky":false,"template":"","format":"standard","meta":{"footnotes":""},"categories":[10948,10894,10902,10947,10896,11047],"tags":[12356,11356,11093],"class_list":{"0":"post-237727","1":"post","2":"type-post","3":"status-publish","4":"format-standard","5":"has-post-thumbnail","7":"category-infraestructuras-ca","8":"category-la-comarca-ca","9":"category-la-ribera-ca","10":"category-politica","11":"category-seccion-ca","12":"category-turis-ca","13":"tag-policia-local-ca","14":"tag-ribera-alta-ca","15":"tag-turis-ca"},"_links":{"self":[{"href":"https:\/\/www.tucomarca.com\/wordpress\/segunda\/ca\/wp-json\/wp\/v2\/posts\/237727","targetHints":{"allow":["GET"]}}],"collection":[{"href":"https:\/\/www.tucomarca.com\/wordpress\/segunda\/ca\/wp-json\/wp\/v2\/posts"}],"about":[{"href":"https:\/\/www.tucomarca.com\/wordpress\/segunda\/ca\/wp-json\/wp\/v2\/types\/post"}],"author":[{"embeddable":true,"href":"https:\/\/www.tucomarca.com\/wordpress\/segunda\/ca\/wp-json\/wp\/v2\/users\/12"}],"replies":[{"embeddable":true,"href":"https:\/\/www.tucomarca.com\/wordpress\/segunda\/ca\/wp-json\/wp\/v2\/comments?post=237727"}],"version-history":[{"count":0,"href":"https:\/\/www.tucomarca.com\/wordpress\/segunda\/ca\/wp-json\/wp\/v2\/posts\/237727\/revisions"}],"wp:featuredmedia":[{"embeddable":true,"href":"https:\/\/www.tucomarca.com\/wordpress\/segunda\/ca\/wp-json\/wp\/v2\/media\/237726"}],"wp:attachment":[{"href":"https:\/\/www.tucomarca.com\/wordpress\/segunda\/ca\/wp-json\/wp\/v2\/media?parent=237727"}],"wp:term":[{"taxonomy":"category","embeddable":true,"href":"https:\/\/www.tucomarca.com\/wordpress\/segunda\/ca\/wp-json\/wp\/v2\/categories?post=237727"},{"taxonomy":"post_tag","embeddable":true,"href":"https:\/\/www.tucomarca.com\/wordpress\/segunda\/ca\/wp-json\/wp\/v2\/tags?post=237727"}],"curies":[{"name":"wp","href":"https:\/\/api.w.org\/{rel}","templated":true}]}}