{"id":237738,"date":"2024-09-24T10:30:00","date_gmt":"2024-09-24T08:30:00","guid":{"rendered":"https:\/\/www.tucomarca.com\/wordpress\/segunda\/?p=237738"},"modified":"2024-09-24T14:57:05","modified_gmt":"2024-09-24T12:57:05","slug":"xest-se-suma-al-projecte-llums-que-inspiren-espanya-illumina-la-retina","status":"publish","type":"post","link":"https:\/\/www.tucomarca.com\/wordpress\/segunda\/ca\/xest-se-suma-al-projecte-llums-que-inspiren-espanya-illumina-la-retina\/","title":{"rendered":"Xest se suma al projecte \u201cLlums que inspiren: Espanya il\u00b7lumina la retina\u201d"},"content":{"rendered":"\n<p>Les Regidories de Serveis i Sanitat col\u00b7laboren amb el projecte de la Federaci\u00f3 d&#8217;Associacions de Distr\u00f2fies Heredit\u00e0ries de Retina d&#8217;Espanya (FARPE) i de la Fundaci\u00f3 Lluita Contra la Ceguesa (FUNDALUCE) titulat \u201cLlums que inspiren: Espanya il\u00b7lumina la Retina\u201d, que t\u00e9 com a objectiu fer costat a les persones afectades per malalties de retina i promoure la prevenci\u00f3 i la investigaci\u00f3.<\/p>\n\n\n\n<p>En el marc d&#8217;aquest projecte, el pr\u00f2xim 29 de setembre, coincidint amb el Dia de la Retina, l&#8217;Ajuntament de Xest il\u00b7luminar\u00e0 els edificis municipals de la localitat amb llums de color blau i verd. Aquesta iniciativa per a visibilitzar la causa de FARPE i FUNDALUCE va comen\u00e7ar en 2021 en Font del Maestre (Extremadura) i ja compta amb la participaci\u00f3 de m\u00e9s de 80 municipis.<\/p>\n\n\n\n<p>A m\u00e9s de sumar-se a aquesta acci\u00f3, des de les regidories implicades amb el projecte es convida a la poblaci\u00f3 de Xest a con\u00e9ixer m\u00e9s sobre les Distr\u00f2fies Heredit\u00e0ries de Retina, a trav\u00e9s de la web de FARPE: www.retinosisfarpe.org.<\/p>\n","protected":false},"excerpt":{"rendered":"<div class=\"mh-excerpt\">Les Regidories de Serveis i Sanitat col\u00b7laboren amb el projecte de la Federaci\u00f3 d&#8217;Associacions de Distr\u00f2fies Heredit\u00e0ries de Retina d&#8217;Espanya (FARPE) i de la Fundaci\u00f3 Lluita Contra la Ceguesa (FUNDALUCE) titulat \u201cLlums que inspiren: Espanya <a class=\"mh-excerpt-more\" href=\"https:\/\/www.tucomarca.com\/wordpress\/segunda\/ca\/xest-se-suma-al-projecte-llums-que-inspiren-espanya-illumina-la-retina\/\" title=\"Xest se suma al projecte \u201cLlums que inspiren: Espanya il\u00b7lumina la retina\u201d\">[+] <\/a><\/div>\n","protected":false},"author":12,"featured_media":89187,"comment_status":"open","ping_status":"open","sticky":false,"template":"","format":"standard","meta":{"footnotes":""},"categories":[10948,10894,10912,10947,10896,10974],"tags":[11071,10914],"class_list":{"0":"post-237738","1":"post","2":"type-post","3":"status-publish","4":"format-standard","5":"has-post-thumbnail","7":"category-infraestructuras-ca","8":"category-la-comarca-ca","9":"category-la-hoya-ca","10":"category-politica","11":"category-seccion-ca","12":"category-cheste-ca","13":"tag-cheste","14":"tag-la-hoya-de-bunol-chiva-ca"},"_links":{"self":[{"href":"https:\/\/www.tucomarca.com\/wordpress\/segunda\/ca\/wp-json\/wp\/v2\/posts\/237738","targetHints":{"allow":["GET"]}}],"collection":[{"href":"https:\/\/www.tucomarca.com\/wordpress\/segunda\/ca\/wp-json\/wp\/v2\/posts"}],"about":[{"href":"https:\/\/www.tucomarca.com\/wordpress\/segunda\/ca\/wp-json\/wp\/v2\/types\/post"}],"author":[{"embeddable":true,"href":"https:\/\/www.tucomarca.com\/wordpress\/segunda\/ca\/wp-json\/wp\/v2\/users\/12"}],"replies":[{"embeddable":true,"href":"https:\/\/www.tucomarca.com\/wordpress\/segunda\/ca\/wp-json\/wp\/v2\/comments?post=237738"}],"version-history":[{"count":0,"href":"https:\/\/www.tucomarca.com\/wordpress\/segunda\/ca\/wp-json\/wp\/v2\/posts\/237738\/revisions"}],"wp:featuredmedia":[{"embeddable":true,"href":"https:\/\/www.tucomarca.com\/wordpress\/segunda\/ca\/wp-json\/wp\/v2\/media\/89187"}],"wp:attachment":[{"href":"https:\/\/www.tucomarca.com\/wordpress\/segunda\/ca\/wp-json\/wp\/v2\/media?parent=237738"}],"wp:term":[{"taxonomy":"category","embeddable":true,"href":"https:\/\/www.tucomarca.com\/wordpress\/segunda\/ca\/wp-json\/wp\/v2\/categories?post=237738"},{"taxonomy":"post_tag","embeddable":true,"href":"https:\/\/www.tucomarca.com\/wordpress\/segunda\/ca\/wp-json\/wp\/v2\/tags?post=237738"}],"curies":[{"name":"wp","href":"https:\/\/api.w.org\/{rel}","templated":true}]}}