{"id":238194,"date":"2024-09-27T11:25:00","date_gmt":"2024-09-27T09:25:00","guid":{"rendered":"https:\/\/www.tucomarca.com\/wordpress\/segunda\/?p=238194"},"modified":"2024-09-27T18:12:59","modified_gmt":"2024-09-27T16:12:59","slug":"video-benaguasil-gaudeix-del-seu-xvii-licitada-a-la-montieleta-puntuable-per-al-circuit-de-diputacio","status":"publish","type":"post","link":"https:\/\/www.tucomarca.com\/wordpress\/segunda\/ca\/video-benaguasil-gaudeix-del-seu-xvii-licitada-a-la-montieleta-puntuable-per-al-circuit-de-diputacio\/","title":{"rendered":"V\u00eddeo: Benaguasil gaudeix de la seua XVII pujada a la Montieleta, puntuable per al Circuit de Diputaci\u00f3"},"content":{"rendered":"\n<figure class=\"wp-block-embed is-type-video is-provider-youtube wp-block-embed-youtube wp-embed-aspect-16-9 wp-has-aspect-ratio\"><div class=\"wp-block-embed__wrapper\">\n<iframe loading=\"lazy\" title=\"V\u00eddeo: Benaguasil disfruta de su XVII pujada a la Montieleta, puntuable para el Circuit de Diputaci\u00f3\" width=\"500\" height=\"281\" src=\"https:\/\/www.youtube.com\/embed\/gJ1lpR8GWJ8?feature=oembed\" frameborder=\"0\" allow=\"accelerometer; autoplay; clipboard-write; encrypted-media; gyroscope; picture-in-picture; web-share\" referrerpolicy=\"strict-origin-when-cross-origin\" allowfullscreen><\/iframe>\n<\/div><\/figure>\n\n\n\n<p>La poblaci\u00f3 de Benaguasil ha gaudit aquest passat dissabte de la XVII edici\u00f3 de la pujada a la Montieleta en la qual van participar 426 corredors fins al Santuari de Montiel i meta en l&#8217;Avinguda.<\/p>\n\n\n\n<p>El guanyador de la prova va ser Abdelmajid Elhissouf, amb un temps de 00.32:01, mentre que en la categoria femenina va ser Laura Domene Garc\u00eda qui es va aconseguir amb la primera posici\u00f3 amb un temps de 00.37:36, aconseguint tots dos corredors batre el r\u00e8cord de la prova. <\/p>\n\n\n\n<p>Respecte als corredors locals, Javi Dom\u00ednguez que va marcar un temps de 00.36:38 i Cristina Villarroya (00.51:31) van ser els primers a travessar la meta.<\/p>\n","protected":false},"excerpt":{"rendered":"<div class=\"mh-excerpt\">La poblaci\u00f3 de Benaguasil ha gaudit aquest passat dissabte de la XVII edici\u00f3 de la pujada a la Montieleta en la qual van participar 426 corredors fins al Santuari de Montiel i meta en l&#8217;Avinguda. <a class=\"mh-excerpt-more\" href=\"https:\/\/www.tucomarca.com\/wordpress\/segunda\/ca\/video-benaguasil-gaudeix-del-seu-xvii-licitada-a-la-montieleta-puntuable-per-al-circuit-de-diputacio\/\" title=\"V\u00eddeo: Benaguasil gaudeix de la seua XVII pujada a la Montieleta, puntuable per al Circuit de Diputaci\u00f3\">[+] <\/a><\/div>\n","protected":false},"author":1,"featured_media":238193,"comment_status":"open","ping_status":"open","sticky":false,"template":"","format":"video","meta":{"footnotes":""},"categories":[11018,10952,10892,11003,10898,10894,10904,10896,11062],"tags":[11143,11136,10899,11074,11246],"class_list":{"0":"post-238194","1":"post","2":"type-post","3":"status-publish","4":"format-video","5":"has-post-thumbnail","7":"category-atletisme","8":"category-benaguasil-ca","9":"category-camp-de-turia-ca","10":"category-sports","11":"category-ventana-ca","12":"category-la-comarca-ca","13":"category-sin-categorizar-ca","14":"category-seccion-ca","15":"category-videos","16":"tag-atletismo-2-ca","17":"tag-benaguasil-ca","18":"tag-camp-de-turia-ca","19":"tag-deportes-ca","20":"tag-diputacio-de-valencia-ca","21":"post_format-post-format-video"},"_links":{"self":[{"href":"https:\/\/www.tucomarca.com\/wordpress\/segunda\/ca\/wp-json\/wp\/v2\/posts\/238194","targetHints":{"allow":["GET"]}}],"collection":[{"href":"https:\/\/www.tucomarca.com\/wordpress\/segunda\/ca\/wp-json\/wp\/v2\/posts"}],"about":[{"href":"https:\/\/www.tucomarca.com\/wordpress\/segunda\/ca\/wp-json\/wp\/v2\/types\/post"}],"author":[{"embeddable":true,"href":"https:\/\/www.tucomarca.com\/wordpress\/segunda\/ca\/wp-json\/wp\/v2\/users\/1"}],"replies":[{"embeddable":true,"href":"https:\/\/www.tucomarca.com\/wordpress\/segunda\/ca\/wp-json\/wp\/v2\/comments?post=238194"}],"version-history":[{"count":0,"href":"https:\/\/www.tucomarca.com\/wordpress\/segunda\/ca\/wp-json\/wp\/v2\/posts\/238194\/revisions"}],"wp:featuredmedia":[{"embeddable":true,"href":"https:\/\/www.tucomarca.com\/wordpress\/segunda\/ca\/wp-json\/wp\/v2\/media\/238193"}],"wp:attachment":[{"href":"https:\/\/www.tucomarca.com\/wordpress\/segunda\/ca\/wp-json\/wp\/v2\/media?parent=238194"}],"wp:term":[{"taxonomy":"category","embeddable":true,"href":"https:\/\/www.tucomarca.com\/wordpress\/segunda\/ca\/wp-json\/wp\/v2\/categories?post=238194"},{"taxonomy":"post_tag","embeddable":true,"href":"https:\/\/www.tucomarca.com\/wordpress\/segunda\/ca\/wp-json\/wp\/v2\/tags?post=238194"}],"curies":[{"name":"wp","href":"https:\/\/api.w.org\/{rel}","templated":true}]}}