{"id":238436,"date":"2024-09-30T11:50:00","date_gmt":"2024-09-30T09:50:00","guid":{"rendered":"https:\/\/www.tucomarca.com\/wordpress\/segunda\/?p=238436"},"modified":"2024-09-30T18:52:50","modified_gmt":"2024-09-30T16:52:50","slug":"el-camp-de-turia-rep-de-la-diputacio-de-valencia-quasi-7-milions-del-fons-de-cooperacio-2024","status":"publish","type":"post","link":"https:\/\/www.tucomarca.com\/wordpress\/segunda\/ca\/el-camp-de-turia-rep-de-la-diputacio-de-valencia-quasi-7-milions-del-fons-de-cooperacio-2024\/","title":{"rendered":"El Camp de T\u00faria rep de la Diputaci\u00f3 de Val\u00e8ncia quasi 7 milions del Fons de Cooperaci\u00f3 2024"},"content":{"rendered":"\n<h3 class=\"wp-block-heading\"><strong><strong>El ple de la Diputaci\u00f3 de Val\u00e8ncia ha aprovat per unanimitat este mat\u00ed la tercera i \u00faltima entrega\u00a0 per als municipis<\/strong><\/strong>.<\/h3>\n\n\n\n<h3 class=\"wp-block-heading\"><strong><strong>Les quantitats van des dels 693.000 per a B\u00e9tera fins als 127.000 euros per a G\u00e1tova<\/strong><\/strong>.<\/h3>\n\n\n\n<p>La Diputaci\u00f3 de Val\u00e8ncia completa les entregues dels Fons de Cooperaci\u00f3 Municipal per a enguany. El ple celebrat este dilluns ha aprovat per unanimitat la tercera entrega per als municipis. En el cas del Camp de T\u00faria suma 6.779.555 euros.&nbsp;<\/p>\n\n\n\n<p>El municipi amb una assignaci\u00f3 major \u00e9s B\u00e9tera amb 693.911 euros. Li seguixen La Pobla de Vallbona i Ll\u00edria, que tamb\u00e9 s&#8217;acosten als 700.000 euros. En l&#8217;altre extrem, es troba Loriguilla, amb 228.109 euros; Marines, amb 209.508 i G\u00e1tova, que rep 127.819 euros.<\/p>\n\n\n\n<p>En total, per a totes les comarques i Val\u00e8ncia capital, s&#8217;han repartit 80 milions d&#8217;euros, que complementen les partides del Pla d\u2019Inversions i altres inversions espec\u00edfiques per als municipis de la prov\u00edncia de Val\u00e8ncia.&nbsp;<\/p>\n\n\n\n<p>&nbsp;\u201cHem complit amb la nostra paraula, aprovem hui la tercera entrega del Fons de Cooperaci\u00f3 per 20 milions d&#8217;euros, 80 milions en total; tenim molt clara la llei i sabem que hem d&#8217;estar al costat dels municipis m\u00e9s xicotets perqu\u00e8 s\u00f3n els que m\u00e9s el necessiten\u201d, ha explicat la diputada d&#8217;Hisenda, Laura S\u00e1ez, qui ha detallat que \u201cen la primera entrega va haver-hi quatre milions per als municipis de m\u00e9s de 50.000 habitants i la resta es repartixen entre municipis de menys de 50.000 habitants\u201d.&nbsp;<\/p>\n\n\n\n<p>Per part seua, el president de la Diputaci\u00f3 de Val\u00e8ncia, Vicent Momp\u00f3, ha afegit que \u201ca m\u00e9s del Pla Obert d\u2019Inversions i el Fons de Cooperaci\u00f3, l\u2019entrega del qual es completa hui, els ajuntaments tamb\u00e9 comptaran amb fons addicionals per a la recuperaci\u00f3 de patrimoni hist\u00f2ric, la millora del cicle integral de l&#8217;aigua o la garantia dels servicis socials\u201d. Aix\u00ed mateix, ha subratllat que &#8220;l&#8217;obertura d&#8217;oficines comarcals permetr\u00e0 als ajuntaments convertir estos diners en inversions reals que repercutiran directament en la millora de la qualitat de vida de les valencianes i dels valencians&#8221;.<\/p>\n\n\n\n<p>Momp\u00f3 ha assegurat que \u201cdurant esta legislatura, els ajuntaments no sols disposaran de m\u00e9s recursos per a mantindre les seues infraestructures i servicis, sin\u00f3 que a m\u00e9s comptaran amb el suport constant d&#8217;esta corporaci\u00f3 perqu\u00e8 eixos fons es queden en els municipis i no tornen a la Diputaci\u00f3\u201d.<\/p>\n\n\n\n<p><strong>F\u00f3rmula de repartiment<\/strong><\/p>\n\n\n<div class=\"wp-block-image\">\n<figure class=\"alignleft size-full is-resized\"><img loading=\"lazy\" decoding=\"async\" width=\"443\" height=\"410\" src=\"https:\/\/www.tucomarca.com\/wordpress\/segunda\/wp-content\/uploads\/2024\/09\/TablaCampdeTuria.jpg\" alt=\"\" class=\"wp-image-238440\" style=\"width:341px;height:auto\" srcset=\"https:\/\/www.tucomarca.com\/wordpress\/segunda\/wp-content\/uploads\/2024\/09\/TablaCampdeTuria.jpg 443w, https:\/\/www.tucomarca.com\/wordpress\/segunda\/wp-content\/uploads\/2024\/09\/TablaCampdeTuria-300x278.jpg 300w\" sizes=\"auto, (max-width: 443px) 100vw, 443px\" \/><\/figure>\n<\/div>\n\n\n<p>La f\u00f3rmula de repartiment que aplica la Diputaci\u00f3 de Val\u00e8ncia establix un fix per a cada municipi que oscil\u00b7la entre els 50.000 euros per als ajuntaments de fins a 500 habitants i els 103.000 euros per als consistoris d&#8217;entre 20.001 i 50.000 habitants. La clau est\u00e0 en el coeficient poblacional aplicat per la corporaci\u00f3 provincial a l&#8217;hora d&#8217;establir la quantitat variable, que \u00e9s de quatre punts en municipis de fins a 500 habitants, tres punts en els de 500 a 1.000 habitants i aix\u00ed successivament fins al 0,75 que correspon als consistoris d&#8217;entre 20.000 i 50.000 habitants.<\/p>\n","protected":false},"excerpt":{"rendered":"<div class=\"mh-excerpt\">El ple de la Diputaci\u00f3 de Val\u00e8ncia ha aprovat per unanimitat este mat\u00ed la tercera i \u00faltima entrega\u00a0 per als municipis. Les quantitats van des dels 693.000 per a B\u00e9tera fins als 127.000 euros per <a class=\"mh-excerpt-more\" href=\"https:\/\/www.tucomarca.com\/wordpress\/segunda\/ca\/el-camp-de-turia-rep-de-la-diputacio-de-valencia-quasi-7-milions-del-fons-de-cooperacio-2024\/\" title=\"El Camp de T\u00faria rep de la Diputaci\u00f3 de Val\u00e8ncia quasi 7 milions del Fons de Cooperaci\u00f3 2024\">[+] <\/a><\/div>\n","protected":false},"author":13,"featured_media":238417,"comment_status":"open","ping_status":"open","sticky":false,"template":"","format":"standard","meta":{"footnotes":""},"categories":[10892,10898,10948,10894,10904,10947,10896],"tags":[10899,20516,21009],"class_list":{"0":"post-238436","1":"post","2":"type-post","3":"status-publish","4":"format-standard","5":"has-post-thumbnail","7":"category-camp-de-turia-ca","8":"category-ventana-ca","9":"category-infraestructuras-ca","10":"category-la-comarca-ca","11":"category-sin-categorizar-ca","12":"category-politica","13":"category-seccion-ca","14":"tag-camp-de-turia-ca","15":"tag-cooperacion-municipal-ca","16":"tag-la-diputacio-de-valencia-ca"},"_links":{"self":[{"href":"https:\/\/www.tucomarca.com\/wordpress\/segunda\/ca\/wp-json\/wp\/v2\/posts\/238436","targetHints":{"allow":["GET"]}}],"collection":[{"href":"https:\/\/www.tucomarca.com\/wordpress\/segunda\/ca\/wp-json\/wp\/v2\/posts"}],"about":[{"href":"https:\/\/www.tucomarca.com\/wordpress\/segunda\/ca\/wp-json\/wp\/v2\/types\/post"}],"author":[{"embeddable":true,"href":"https:\/\/www.tucomarca.com\/wordpress\/segunda\/ca\/wp-json\/wp\/v2\/users\/13"}],"replies":[{"embeddable":true,"href":"https:\/\/www.tucomarca.com\/wordpress\/segunda\/ca\/wp-json\/wp\/v2\/comments?post=238436"}],"version-history":[{"count":0,"href":"https:\/\/www.tucomarca.com\/wordpress\/segunda\/ca\/wp-json\/wp\/v2\/posts\/238436\/revisions"}],"wp:featuredmedia":[{"embeddable":true,"href":"https:\/\/www.tucomarca.com\/wordpress\/segunda\/ca\/wp-json\/wp\/v2\/media\/238417"}],"wp:attachment":[{"href":"https:\/\/www.tucomarca.com\/wordpress\/segunda\/ca\/wp-json\/wp\/v2\/media?parent=238436"}],"wp:term":[{"taxonomy":"category","embeddable":true,"href":"https:\/\/www.tucomarca.com\/wordpress\/segunda\/ca\/wp-json\/wp\/v2\/categories?post=238436"},{"taxonomy":"post_tag","embeddable":true,"href":"https:\/\/www.tucomarca.com\/wordpress\/segunda\/ca\/wp-json\/wp\/v2\/tags?post=238436"}],"curies":[{"name":"wp","href":"https:\/\/api.w.org\/{rel}","templated":true}]}}