{"id":238618,"date":"2024-10-01T08:45:00","date_gmt":"2024-10-01T06:45:00","guid":{"rendered":"https:\/\/www.tucomarca.com\/wordpress\/segunda\/?p=238618"},"modified":"2024-10-01T21:20:27","modified_gmt":"2024-10-01T19:20:27","slug":"linstitut-valencia-de-cultura-celebra-el-dia-del-cant-destil-a-la-ciutat-de-valencia","status":"publish","type":"post","link":"https:\/\/www.tucomarca.com\/wordpress\/segunda\/ca\/linstitut-valencia-de-cultura-celebra-el-dia-del-cant-destil-a-la-ciutat-de-valencia\/","title":{"rendered":"L\u2019Institut Valenci\u00e0 de Cultura celebra el Dia del Cant d\u2019Estil a la ciutat de Val\u00e8ncia"},"content":{"rendered":"\n<h3 class=\"wp-block-heading\">El diumenge 6 d\u2019octubre tindr\u00e0 lloc esta tradicional celebraci\u00f3 amb una actuaci\u00f3 itinerant des de l\u2019edifici Rialto de Val\u00e8ncia.<\/h3>\n\n\n\n<h3 class=\"wp-block-heading\">La celebraci\u00f3 conclour\u00e0 amb una actuaci\u00f3 en el Centre del Carme Cultura Contempor\u00e0nia, amb entrada lliure.<\/h3>\n\n\n<div class=\"wp-block-image\">\n<figure class=\"alignleft size-large is-resized\"><img loading=\"lazy\" decoding=\"async\" width=\"724\" height=\"1024\" src=\"http:\/\/www.tucomarca.com\/wordpress\/segunda\/wp-content\/uploads\/2024\/10\/IVCCantEstil24-724x1024.jpg\" alt=\"\" class=\"wp-image-238614\" style=\"width:413px;height:auto\" srcset=\"https:\/\/www.tucomarca.com\/wordpress\/segunda\/wp-content\/uploads\/2024\/10\/IVCCantEstil24-724x1024.jpg 724w, https:\/\/www.tucomarca.com\/wordpress\/segunda\/wp-content\/uploads\/2024\/10\/IVCCantEstil24-212x300.jpg 212w, https:\/\/www.tucomarca.com\/wordpress\/segunda\/wp-content\/uploads\/2024\/10\/IVCCantEstil24-768x1086.jpg 768w, https:\/\/www.tucomarca.com\/wordpress\/segunda\/wp-content\/uploads\/2024\/10\/IVCCantEstil24-1086x1536.jpg 1086w, https:\/\/www.tucomarca.com\/wordpress\/segunda\/wp-content\/uploads\/2024\/10\/IVCCantEstil24-1448x2048.jpg 1448w, https:\/\/www.tucomarca.com\/wordpress\/segunda\/wp-content\/uploads\/2024\/10\/IVCCantEstil24.jpg 1754w\" sizes=\"auto, (max-width: 724px) 100vw, 724px\" \/><\/figure>\n<\/div>\n\n\n<p>L\u2019Institut Valenci\u00e0 de Cultura celebra diumenge que ve 6 d\u2019octubre el Dia del Cant Valenci\u00e0 d\u2019Estil, una festivitat que se celebra des de 1998 a la ciutat de Val\u00e8ncia i que reunix alguns dels m\u00e0xims exponents d\u2019este g\u00e8nere musical popular.<br>Les activitats comen\u00e7aran amb una actuaci\u00f3 itinerant en l\u2019edifici Rialto de Val\u00e8ncia a les 16:00 hores, per a concloure amb una actuaci\u00f3 a les 19:00 hores en l\u2019escenari del claustre g\u00f2tic del Centre del Carme Cultura Contempor\u00e0nia, amb entrada lliure.<br>En la jornada, un grup de cantaores i cantaors mostraran totes les variants del cant d\u2019estil i les albaes de l\u2019Horta, que sempre han estat presents en la vida quotidiana, tant en moments especials i de celebraci\u00f3 com en activitats habituals com el treball, i s\u00f3n manifestacions de la m\u00fasica tradicional valenciana que es reivindiquen mitjan\u00e7ant estes activitats.<br>Els cants inclouran les veus de Mar\u00eda Jos\u00e9 Ruiz, \u2018Maris\u00e9 de Montolivet\u2019; Teresa Segarra, \u2018Teresa de Paterna\u2019; Mari Carmen Villar, \u2018Carme de Benicalap\u2019; Isabel Garc\u00eda, \u2018Isabel de Quart\u2019; Joan Civera, \u2018Joan de la Malva-rosa\u2019; Jacint Hern\u00e1ndez, \u2018Jacint d\u2019Alc\u00e0sser\u2019; Christian Penalba, de l\u2019Alc\u00fadia; i Ra\u00fal Luis, \u2018Ra\u00fcl del Puig\u2019.<br>Aix\u00ed mateix, com a versaors estaran Salvador L\u00f3pez, \u2018Boro de Paterna\u2019, i Fernando Ferrer, \u2018El Ratllat de Pu\u00e7ol\u2019.<br>Com a acompanyament instrumental actuaran els m\u00fasics de vent V\u00edctor G\u00e1mez, tromb\u00f3; Enrique Dom\u00e9nech, clarinet i Carlos S\u00e1nchez, trompeta. Tamb\u00e9 es comptar\u00e0 amb la corda pin\u00e7ada de Pep Juste, guitarr\u00f3, i les guitarres de Juli\u00e1n Romero i Juanjo Andrada.<br>La Colla de Dol\u00e7aines i Tabals \u2018Mal Passet\u2019 de Cocentaina seran els encarregats d\u2019acompanyar l\u2019actuaci\u00f3. La coordinaci\u00f3 i documentaci\u00f3 de les jornades ha anat un any m\u00e9s a c\u00e0rrec de Jordi Reig.<\/p>\n\n\n\n<p><strong>Cant d\u2019estil<\/strong><\/p>\n\n\n\n<p>La funcionalitat primitiva i original, tant de les can\u00e7ons d\u2019estil com de les albaes, era la de ser utilitzades en les rondes, els passejos informals pels carrers en qu\u00e8 la m\u00fasica i el cant donaven subst\u00e0ncia a sentiments aduladors, amorosos i galants (a vegades tamb\u00e9 grollers) dirigits a n\u00f3vies, festers o autoritats en general.<br>Durant el segle XIX i el comen\u00e7ament del XX, les rondes, en qu\u00e8 es cantava de manera espont\u00e0nia amb perm\u00eds de l\u2019autoritat o no, eren una activitat festiva molt freq\u00fcent en els pobles no massa grans i en l\u2019\u00e0mbit rural.<\/p>\n","protected":false},"excerpt":{"rendered":"<div class=\"mh-excerpt\">El diumenge 6 d\u2019octubre tindr\u00e0 lloc esta tradicional celebraci\u00f3 amb una actuaci\u00f3 itinerant des de l\u2019edifici Rialto de Val\u00e8ncia. La celebraci\u00f3 conclour\u00e0 amb una actuaci\u00f3 en el Centre del Carme Cultura Contempor\u00e0nia, amb entrada lliure. <a class=\"mh-excerpt-more\" href=\"https:\/\/www.tucomarca.com\/wordpress\/segunda\/ca\/linstitut-valencia-de-cultura-celebra-el-dia-del-cant-destil-a-la-ciutat-de-valencia\/\" title=\"L\u2019Institut Valenci\u00e0 de Cultura celebra el Dia del Cant d\u2019Estil a la ciutat de Val\u00e8ncia\">[+] <\/a><\/div>\n","protected":false},"author":12,"featured_media":238615,"comment_status":"open","ping_status":"open","sticky":false,"template":"","format":"standard","meta":{"footnotes":""},"categories":[11019,11005,10898,10894,10904,11007,10896],"tags":[21273,13274,17761],"class_list":{"0":"post-238618","1":"post","2":"type-post","3":"status-publish","4":"format-standard","5":"has-post-thumbnail","7":"category-agenda-ca","8":"category-canal-musica","9":"category-ventana-ca","10":"category-la-comarca-ca","11":"category-sin-categorizar-ca","12":"category-ocio-y-cultura-ca","13":"category-seccion-ca","14":"tag-dia-del-cant-destil-ca","15":"tag-institut-valencia-de-cultura-ca","16":"tag-ivc-ca"},"_links":{"self":[{"href":"https:\/\/www.tucomarca.com\/wordpress\/segunda\/ca\/wp-json\/wp\/v2\/posts\/238618","targetHints":{"allow":["GET"]}}],"collection":[{"href":"https:\/\/www.tucomarca.com\/wordpress\/segunda\/ca\/wp-json\/wp\/v2\/posts"}],"about":[{"href":"https:\/\/www.tucomarca.com\/wordpress\/segunda\/ca\/wp-json\/wp\/v2\/types\/post"}],"author":[{"embeddable":true,"href":"https:\/\/www.tucomarca.com\/wordpress\/segunda\/ca\/wp-json\/wp\/v2\/users\/12"}],"replies":[{"embeddable":true,"href":"https:\/\/www.tucomarca.com\/wordpress\/segunda\/ca\/wp-json\/wp\/v2\/comments?post=238618"}],"version-history":[{"count":0,"href":"https:\/\/www.tucomarca.com\/wordpress\/segunda\/ca\/wp-json\/wp\/v2\/posts\/238618\/revisions"}],"wp:featuredmedia":[{"embeddable":true,"href":"https:\/\/www.tucomarca.com\/wordpress\/segunda\/ca\/wp-json\/wp\/v2\/media\/238615"}],"wp:attachment":[{"href":"https:\/\/www.tucomarca.com\/wordpress\/segunda\/ca\/wp-json\/wp\/v2\/media?parent=238618"}],"wp:term":[{"taxonomy":"category","embeddable":true,"href":"https:\/\/www.tucomarca.com\/wordpress\/segunda\/ca\/wp-json\/wp\/v2\/categories?post=238618"},{"taxonomy":"post_tag","embeddable":true,"href":"https:\/\/www.tucomarca.com\/wordpress\/segunda\/ca\/wp-json\/wp\/v2\/tags?post=238618"}],"curies":[{"name":"wp","href":"https:\/\/api.w.org\/{rel}","templated":true}]}}