{"id":238631,"date":"2024-10-01T19:00:00","date_gmt":"2024-10-01T17:00:00","guid":{"rendered":"https:\/\/www.tucomarca.com\/wordpress\/segunda\/?p=238631"},"modified":"2024-10-01T21:29:11","modified_gmt":"2024-10-01T19:29:11","slug":"la-diputacio-acorda-amb-la-generalitat-reforcar-latencio-a-les-dones-en-municipis-de-menys-de-15-000-habitants","status":"publish","type":"post","link":"https:\/\/www.tucomarca.com\/wordpress\/segunda\/ca\/la-diputacio-acorda-amb-la-generalitat-reforcar-latencio-a-les-dones-en-municipis-de-menys-de-15-000-habitants\/","title":{"rendered":"La Diputaci\u00f3 acorda amb la Generalitat refor\u00e7ar l&#8217;atenci\u00f3 a les dones en municipis de menys de 15.000 habitants"},"content":{"rendered":"\n<h3 class=\"wp-block-heading\"><strong><strong>La vicepresidenta primera, Nat\u00e0lia Enguix, s&#8217;ha reunit amb la vicepresidenta de la Generalitat, Susana Camarero. La corporaci\u00f3 provincial avaluar\u00e0 el cost d&#8217;incrementar els agents d\u2019igualtat<\/strong><\/strong>.<\/h3>\n\n\n\n<h3 class=\"wp-block-heading\"><strong><strong>Enguix destaca \u201cel treball coordinat entre institucions per a prestar el millor servici al major nombre de persones\u201d. La Diputaci\u00f3 continuar\u00e0 ajudant en mat\u00e8ria d&#8217;Igualtat als pobles amb menys recursos<\/strong><\/strong>.<\/h3>\n\n\n\n<p>La Diputaci\u00f3 de Val\u00e8ncia avaluar\u00e0 el cost de refor\u00e7ar els servicis d&#8217;atenci\u00f3 prim\u00e0ria amb agents d&#8217;igualtat en municipis de menys de 15.000 habitants. Aix\u00ed ho ha manifestat este dimarts la vicepresidenta primera, Nat\u00e0lia Enguix, despr\u00e9s de la reuni\u00f3 mantinguda amb Susana Camarero, vicepresidenta del Consell i responsable auton\u00f2mica de Servicis socials, Igualtat i Habitatge.<\/p>\n\n\n\n<p>En un encontre en el qual tamb\u00e9 han participat la secret\u00e0ria auton\u00f2mica d&#8217;Igualtat i Diversitat, Asunci\u00f3n Quinz\u00e1, i el comissionat per a la Lluita contra la Viol\u00e8ncia sobre la Dona, Felipe del Ba\u00f1o, les dos institucions han avan\u00e7at en la l\u00ednia de treball conjunt que venen desenvolupant des de l&#8217;inici de la legislatura. En concret, la Diputaci\u00f3 \u201cdonar\u00e0 cobertura als municipis amb menys recursos per a ampliar la xarxa d&#8217;agents d&#8217;igualtat de la Generalitat\u201d, explica la vicepresidenta Enguix.<\/p>\n\n\n\n<p>La mateixa Nat\u00e0lia Enguix ha destacat \u201cla import\u00e0ncia que poden tindre estos agents d&#8217;igualtat en el marc del contracte programa de servicis socials de la Diputaci\u00f3, que actualment presta cobertura als pobles de menys de 15.000 habitants amb treballadors socials i l&#8217;atenci\u00f3 a domicili de persones vulnerables, entre altres servicis\u201d.<\/p>\n\n\n\n<p>La corporaci\u00f3 provincial estudiar\u00e0, a trav\u00e9s de l&#8217;\u00e0rea d&#8217;Igualtat que dirigix la vicepresidenta Enguix, \u201cla possibilitat d&#8217;incloure als agents d&#8217;igualtat en el contracte programa, permetent que els municipis amb menys recursos puguen compartir-los i disposar aix\u00ed d&#8217;un servici m\u00e9s per a portar avant les pol\u00edtiques d&#8217;igualtat que impulsem des de la Xarxa de Municipis Protegits contra la Viol\u00e8ncia de G\u00e8nere\u201d. La Diputaci\u00f3 s\u2019encarregar\u00e0 tamb\u00e9 de la formaci\u00f3 d&#8217;estos agents d&#8217;igualtat que treballen fonamentalment en educaci\u00f3 i prevenci\u00f3.<\/p>\n\n\n\n<p>Els servicis d&#8217;atenci\u00f3 prim\u00e0ria de car\u00e0cter b\u00e0sic inclosos en el contracte programa provincial s\u00f3n l&#8217;acolliment i atenci\u00f3 en situaci\u00f3 de necessitat social; la promoci\u00f3 de l&#8217;autonomia personal; la inclusi\u00f3 social; la prevenci\u00f3 i intervenci\u00f3 amb les fam\u00edlies; l&#8217;acci\u00f3 comunit\u00e0ria, i l&#8217;assessoria t\u00e8cnica espec\u00edfica i unitats d&#8217;igualtat. El programa alberga tamb\u00e9 \u2018La Cuina que cuida\u2019 per a municipis de menys de 15.000 habitants, que t\u00e9 la finalitat de garantir la manutenci\u00f3 aliment\u00e0ria b\u00e0sica a les persones en situaci\u00f3 de necessitat.<\/p>\n\n\n\n<figure class=\"wp-block-image size-large\"><img loading=\"lazy\" decoding=\"async\" width=\"1024\" height=\"745\" src=\"https:\/\/www.tucomarca.com\/wordpress\/segunda\/wp-content\/uploads\/2024\/10\/2-Camarero-Enguix-1024x745.jpg\" alt=\"\" class=\"wp-image-238628\" srcset=\"https:\/\/www.tucomarca.com\/wordpress\/segunda\/wp-content\/uploads\/2024\/10\/2-Camarero-Enguix-1024x745.jpg 1024w, https:\/\/www.tucomarca.com\/wordpress\/segunda\/wp-content\/uploads\/2024\/10\/2-Camarero-Enguix-300x218.jpg 300w, https:\/\/www.tucomarca.com\/wordpress\/segunda\/wp-content\/uploads\/2024\/10\/2-Camarero-Enguix-768x558.jpg 768w, https:\/\/www.tucomarca.com\/wordpress\/segunda\/wp-content\/uploads\/2024\/10\/2-Camarero-Enguix-1536x1117.jpg 1536w, https:\/\/www.tucomarca.com\/wordpress\/segunda\/wp-content\/uploads\/2024\/10\/2-Camarero-Enguix-2048x1489.jpg 2048w\" sizes=\"auto, (max-width: 1024px) 100vw, 1024px\" \/><\/figure>\n","protected":false},"excerpt":{"rendered":"<div class=\"mh-excerpt\">La vicepresidenta primera, Nat\u00e0lia Enguix, s&#8217;ha reunit amb la vicepresidenta de la Generalitat, Susana Camarero. La corporaci\u00f3 provincial avaluar\u00e0 el cost d&#8217;incrementar els agents d\u2019igualtat. Enguix destaca \u201cel treball coordinat entre institucions per a prestar <a class=\"mh-excerpt-more\" href=\"https:\/\/www.tucomarca.com\/wordpress\/segunda\/ca\/la-diputacio-acorda-amb-la-generalitat-reforcar-latencio-a-les-dones-en-municipis-de-menys-de-15-000-habitants\/\" title=\"La Diputaci\u00f3 acorda amb la Generalitat refor\u00e7ar l&#8217;atenci\u00f3 a les dones en municipis de menys de 15.000 habitants\">[+] <\/a><\/div>\n","protected":false},"author":13,"featured_media":238627,"comment_status":"open","ping_status":"open","sticky":false,"template":"","format":"standard","meta":{"footnotes":""},"categories":[20541,10898,10948,10894,10904,20456,10947,10896],"tags":[20809,11199,21108,20262],"class_list":{"0":"post-238631","1":"post","2":"type-post","3":"status-publish","4":"format-standard","5":"has-post-thumbnail","7":"category-igualtat-i-diversitat","8":"category-ventana-ca","9":"category-infraestructuras-ca","10":"category-la-comarca-ca","11":"category-sin-categorizar-ca","12":"category-la-diputacio-de-valencia-informa-ca","13":"category-politica","14":"category-seccion-ca","15":"tag-diversidad-e-igualdad-ca","16":"tag-la-comunitat-ca","17":"tag-la-diputacio-en-las-comarcas-ca","18":"tag-natalia-enguix-ca"},"_links":{"self":[{"href":"https:\/\/www.tucomarca.com\/wordpress\/segunda\/ca\/wp-json\/wp\/v2\/posts\/238631","targetHints":{"allow":["GET"]}}],"collection":[{"href":"https:\/\/www.tucomarca.com\/wordpress\/segunda\/ca\/wp-json\/wp\/v2\/posts"}],"about":[{"href":"https:\/\/www.tucomarca.com\/wordpress\/segunda\/ca\/wp-json\/wp\/v2\/types\/post"}],"author":[{"embeddable":true,"href":"https:\/\/www.tucomarca.com\/wordpress\/segunda\/ca\/wp-json\/wp\/v2\/users\/13"}],"replies":[{"embeddable":true,"href":"https:\/\/www.tucomarca.com\/wordpress\/segunda\/ca\/wp-json\/wp\/v2\/comments?post=238631"}],"version-history":[{"count":0,"href":"https:\/\/www.tucomarca.com\/wordpress\/segunda\/ca\/wp-json\/wp\/v2\/posts\/238631\/revisions"}],"wp:featuredmedia":[{"embeddable":true,"href":"https:\/\/www.tucomarca.com\/wordpress\/segunda\/ca\/wp-json\/wp\/v2\/media\/238627"}],"wp:attachment":[{"href":"https:\/\/www.tucomarca.com\/wordpress\/segunda\/ca\/wp-json\/wp\/v2\/media?parent=238631"}],"wp:term":[{"taxonomy":"category","embeddable":true,"href":"https:\/\/www.tucomarca.com\/wordpress\/segunda\/ca\/wp-json\/wp\/v2\/categories?post=238631"},{"taxonomy":"post_tag","embeddable":true,"href":"https:\/\/www.tucomarca.com\/wordpress\/segunda\/ca\/wp-json\/wp\/v2\/tags?post=238631"}],"curies":[{"name":"wp","href":"https:\/\/api.w.org\/{rel}","templated":true}]}}