{"id":238639,"date":"2024-10-01T08:30:00","date_gmt":"2024-10-01T06:30:00","guid":{"rendered":"https:\/\/www.tucomarca.com\/wordpress\/segunda\/?p=238639"},"modified":"2024-10-01T21:17:01","modified_gmt":"2024-10-01T19:17:01","slug":"linstitut-valencia-de-cultura-dona-suport-a-la-celebracio-de-la-41a-edicio-de-quartmetratges-el-festival-dega-del-curtmetratge-en-valencia","status":"publish","type":"post","link":"https:\/\/www.tucomarca.com\/wordpress\/segunda\/ca\/linstitut-valencia-de-cultura-dona-suport-a-la-celebracio-de-la-41a-edicio-de-quartmetratges-el-festival-dega-del-curtmetratge-en-valencia\/","title":{"rendered":"L\u2019Institut Valenci\u00e0 de Cultura dona suport a la celebraci\u00f3 de la 41a edici\u00f3 de Quartmetratges, el festival deg\u00e0 del curtmetratge en valenci\u00e0"},"content":{"rendered":"\n<h3 class=\"wp-block-heading\">La Filmoteca Valenciana ha acollit la presentaci\u00f3 del festival, que se celebra de l\u201911 al 19 d\u2019octubre en diversos espais culturals de Quart de Poblet.<br>El festival est\u00e0 organitzat per l\u2019Ajuntament de la localitat amb la col\u00b7laboraci\u00f3 de l\u2019IVC.<\/h3>\n\n\n\n<p>El director general de l\u2019Institut Valenci\u00e0 de Cultura, \u00c1lvaro L\u00f3pez-Jamar, ha participat en la presentaci\u00f3 dels continguts dels continguts del festival Quartmetratges, que se celebra de l\u201911 al 19 d\u2019octubre a Quart de Poblet.<br>\u201cEns satisf\u00e0 que Quartmetratges puga presentar un any m\u00e9s la seua programaci\u00f3 en La Filmoteca Valenciana, perqu\u00e8 \u00e9s el festival deg\u00e0 del g\u00e8nere del curtmetratge a la Comunitat Valenciana i l\u2019\u00fanic dedicat exclusivament al curt valenci\u00e0\u201d, ha assenyalat L\u00f3pez-Jamar<br>L\u00f3pez-Jamar tamb\u00e9 ha indicat que Quartmetratges \u201cha sigut una excel\u00b7lent plataforma de promoci\u00f3 de guionistes i cineastes valencians durant m\u00e9s de quatre d\u00e8cades, no solament per les seues projeccions sin\u00f3 tamb\u00e9 pel concurs de guions\u201d.<\/p>\n\n\n\n<figure class=\"wp-block-image size-large\"><img loading=\"lazy\" decoding=\"async\" width=\"1024\" height=\"701\" src=\"http:\/\/www.tucomarca.com\/wordpress\/segunda\/wp-content\/uploads\/2024\/10\/IVC_Quartmetratges2-1024x701.jpg\" alt=\"\" class=\"wp-image-238634\" srcset=\"https:\/\/www.tucomarca.com\/wordpress\/segunda\/wp-content\/uploads\/2024\/10\/IVC_Quartmetratges2-1024x701.jpg 1024w, https:\/\/www.tucomarca.com\/wordpress\/segunda\/wp-content\/uploads\/2024\/10\/IVC_Quartmetratges2-300x205.jpg 300w, https:\/\/www.tucomarca.com\/wordpress\/segunda\/wp-content\/uploads\/2024\/10\/IVC_Quartmetratges2-768x525.jpg 768w, https:\/\/www.tucomarca.com\/wordpress\/segunda\/wp-content\/uploads\/2024\/10\/IVC_Quartmetratges2.jpg 1181w\" sizes=\"auto, (max-width: 1024px) 100vw, 1024px\" \/><\/figure>\n\n\n\n<p>En l\u2019acte han intervingut tamb\u00e9 l\u2019alcaldessa de Quart de Poblet, Cristina Mora; els dissenyadors de Granissat Estudi Creatiu, responsables de la identitat gr\u00e0fica de Quartmetratges, Lluis Campello i Claudia Kjolner, i el director art\u00edstic del festival, Ram\u00f3n Alfonso.<br>Per la seua part, l\u2019alcaldessa de Quart de Poblet, Cristina Mora, ha indicat que \u00e9s un orgull \u201cestar presentant esta 41a edici\u00f3 perqu\u00e8 suposa l\u2019\u00e8xit d\u2019una iniciativa municipal que comencem amb molta il\u00b7lusi\u00f3 i que hem sigut capa\u00e7os de tindre un festival amb entitat i amb identitat pr\u00f2pia, la qual cosa no ha sigut una tasca senzilla, per\u00f2 que ha sigut possible gr\u00e0cies al suport d\u2019institucions com l\u2019IVC\u201d.<br>Mora ha afegit que \u201cen esta edici\u00f3, a m\u00e9s, volem fer un pas m\u00e9s enll\u00e0 i les dos sessions de dijous, 17 d\u2019octubre, estaran adaptades per a persones amb discapacitat auditiva i visual, la qual cosa suposa un pas molt important perqu\u00e8 Quartmetratges siga tamb\u00e9 un espai d\u2019oci integrador\u201d.<br>En la presentaci\u00f3 del festival, els dissenyadors de Granissat Estudi Creatiu, responsables de la identitat gr\u00e0fica de Quartmetratges, Lluis Campello i Claudia Kjolner, han presentat el cartell i explicat el seu proc\u00e9s de creaci\u00f3.<\/p>\n\n\n\n<p><strong>Concurs de guions<\/strong><br>El festival fa 36 anys que premia guions en paral\u00b7lel al concurs de curtmetratges, com un acte de reivindicaci\u00f3 de l\u2019escriptura de gui\u00f3. Molts dels textos premiats han participat despr\u00e9s en el festival com a curtmetratges, la qual cosa indica que Quartmetratges \u00e9s una efica\u00e7 plataforma per al desenrotllament no solament dels projectes, sin\u00f3 tamb\u00e9 de cineastes.<br>El festival Quartmetratges, amb el seu concurs de curtmetratges valencians i el seu concurs de guions, est\u00e0 organitzat per l\u2019Ajuntament de Quart de Poblet amb la col\u00b7laboraci\u00f3 de la Conselleria d\u2019Educaci\u00f3, Cultura, Universitats i Ocupaci\u00f3, a trav\u00e9s de l\u2019Institut Valenci\u00e0 de Cultura. Tamb\u00e9 compta amb el suport de l\u2019\u00c0rea de Cultura de la Diputaci\u00f3 de Val\u00e8ncia i Movibeta.<\/p>\n\n\n\n<p><strong>Projeccions a Quart de Poblet<\/strong><br>L\u2019acte d\u2019inauguraci\u00f3 se celebra el divendres 11 d\u2019octubre, a les 19:30 hores, en el Centre Cultural El Casino de Quart de Poblet amb l\u2019actuaci\u00f3 de l\u2019humorista Jes\u00fas Manzano.<br>El dissabte 12 d\u2019octubre, a les 18:00 hores, en l\u2019Auditori Mol\u00ed de la Vila es projecta el llargmetratge valenci\u00e0 La casa d\u2019\u00c0lex Montoya.<br>El dimarts 15 d\u2019octubre, a les 19 hores, en el Centre Cultural El Casino es projecten els curts del concurs \u2018Curts por m\u00f2bil\u2019 de l\u2019\u00c0rea d\u2019Igualtat de l\u2019Ajuntament i del curtmetratge realitzat per l\u2019alumnat del Projecte Europeu Cinema i Acci\u00f3 de l\u2019\u00c0rea de Joventut.<br>El dimecres 16 d\u2019octubre, a les 19:00 hores, en el Centre Cultural El Casino es projecten els curts Deliver Me de Joecar Hanna-Zhang; HDA (Historias de amor) de Javier Artigas; Azul meteoro de Marta Guill\u00e9n, i Romance y destrucci\u00f3n d\u2019Honorato Ruiz. En la sessi\u00f3 de les 20:00 hores es projecten Intercanvi d\u2019Alberto Evangelio Ramos; Els amants de Joan Vives Lozano; i Troleig de Luis Alberto P\u00e9rez Cuevas.<br>El dijous 17 d\u2019octubre, a les 19:00 hores, en el Centre Cultural El Casino es projecten els curts El pisito de Claudia Garc\u00eda; Este es el diario no tan secreto de Raquel de Raquel Agea Ramos; i Morir antes de morir de Jes\u00fas Lacorte. En la sessi\u00f3 de les 20:00 hores es projecten els curts d\u2019animaci\u00f3 Felina de Mar\u00eda Lorenzo; Mortelli, un cas perdut de Ben Fern\u00e1ndez; Periquitos d\u2019Alex Rey, i Gilbert d\u2019Arturo Lacal, Alex Salu i Jordi Jim\u00e9nez.<br>El divendres 18 d\u2019octubre, a les 1800 hores, en el Centre Cultural El Casino es projecten els curts Para mam\u00e1 y para ti d\u2019Antonio Ledesma; Ruth de Sonia Mart\u00ed Gallego, i Peque\u00f1o de Meka Ribera i \u00c1lvaro G. Company. En la sessi\u00f3 de les 19:00 hores es projecten En record de Lupi de Sils Mare; Para lo que nos queda en el convento d\u2019\u00c1ngel Quel, i 13 (Trece) de Mariam Zelaia.<br>El dissabte 19 d\u2019octubre, a les 12:00 hores, a la Biblioteca P\u00fablica Municipal Enric Valor se celebra el taller infantil \u2018Monstres de pel\u00b7l\u00edcula\u2019 organitzat per Luminaria, Arte y Aprendizaje.<br>La gala de clausura amb l\u2019entrega de premis se celebrar\u00e0 el dissabte 19 d\u2019octubre, a les 19:30 hores, en l\u2019Auditori Mol\u00ed de Vila, en un acte condu\u00eft per Pepa Cases.<\/p>\n","protected":false},"excerpt":{"rendered":"<div class=\"mh-excerpt\">La Filmoteca Valenciana ha acollit la presentaci\u00f3 del festival, que se celebra de l\u201911 al 19 d\u2019octubre en diversos espais culturals de Quart de Poblet.El festival est\u00e0 organitzat per l\u2019Ajuntament de la localitat amb la <a class=\"mh-excerpt-more\" href=\"https:\/\/www.tucomarca.com\/wordpress\/segunda\/ca\/linstitut-valencia-de-cultura-dona-suport-a-la-celebracio-de-la-41a-edicio-de-quartmetratges-el-festival-dega-del-curtmetratge-en-valencia\/\" title=\"L\u2019Institut Valenci\u00e0 de Cultura dona suport a la celebraci\u00f3 de la 41a edici\u00f3 de Quartmetratges, el festival deg\u00e0 del curtmetratge en valenci\u00e0\">[+] <\/a><\/div>\n","protected":false},"author":12,"featured_media":238637,"comment_status":"open","ping_status":"open","sticky":false,"template":"","format":"standard","meta":{"footnotes":""},"categories":[11019,10898,10904,11007,10896],"tags":[21276,13274,17761,21277],"class_list":{"0":"post-238639","1":"post","2":"type-post","3":"status-publish","4":"format-standard","5":"has-post-thumbnail","7":"category-agenda-ca","8":"category-ventana-ca","9":"category-sin-categorizar-ca","10":"category-ocio-y-cultura-ca","11":"category-seccion-ca","12":"tag-cortometraje-valenciano-ca","13":"tag-institut-valencia-de-cultura-ca","14":"tag-ivc-ca","15":"tag-quartmetratges-ca"},"_links":{"self":[{"href":"https:\/\/www.tucomarca.com\/wordpress\/segunda\/ca\/wp-json\/wp\/v2\/posts\/238639","targetHints":{"allow":["GET"]}}],"collection":[{"href":"https:\/\/www.tucomarca.com\/wordpress\/segunda\/ca\/wp-json\/wp\/v2\/posts"}],"about":[{"href":"https:\/\/www.tucomarca.com\/wordpress\/segunda\/ca\/wp-json\/wp\/v2\/types\/post"}],"author":[{"embeddable":true,"href":"https:\/\/www.tucomarca.com\/wordpress\/segunda\/ca\/wp-json\/wp\/v2\/users\/12"}],"replies":[{"embeddable":true,"href":"https:\/\/www.tucomarca.com\/wordpress\/segunda\/ca\/wp-json\/wp\/v2\/comments?post=238639"}],"version-history":[{"count":0,"href":"https:\/\/www.tucomarca.com\/wordpress\/segunda\/ca\/wp-json\/wp\/v2\/posts\/238639\/revisions"}],"wp:featuredmedia":[{"embeddable":true,"href":"https:\/\/www.tucomarca.com\/wordpress\/segunda\/ca\/wp-json\/wp\/v2\/media\/238637"}],"wp:attachment":[{"href":"https:\/\/www.tucomarca.com\/wordpress\/segunda\/ca\/wp-json\/wp\/v2\/media?parent=238639"}],"wp:term":[{"taxonomy":"category","embeddable":true,"href":"https:\/\/www.tucomarca.com\/wordpress\/segunda\/ca\/wp-json\/wp\/v2\/categories?post=238639"},{"taxonomy":"post_tag","embeddable":true,"href":"https:\/\/www.tucomarca.com\/wordpress\/segunda\/ca\/wp-json\/wp\/v2\/tags?post=238639"}],"curies":[{"name":"wp","href":"https:\/\/api.w.org\/{rel}","templated":true}]}}