{"id":238722,"date":"2024-10-01T15:00:00","date_gmt":"2024-10-01T13:00:00","guid":{"rendered":"https:\/\/www.tucomarca.com\/wordpress\/segunda\/?p=238722"},"modified":"2024-10-02T18:12:55","modified_gmt":"2024-10-02T16:12:55","slug":"la-diputacio-de-valencia-aprova-un-pla-de-simplificacio-administrativa-per-a-eliminar-burocracia-a-la-ciutadania","status":"publish","type":"post","link":"https:\/\/www.tucomarca.com\/wordpress\/segunda\/ca\/la-diputacio-de-valencia-aprova-un-pla-de-simplificacio-administrativa-per-a-eliminar-burocracia-a-la-ciutadania\/","title":{"rendered":"La Diputaci\u00f3 de Val\u00e8ncia aprova un Pla de Simplificaci\u00f3 Administrativa per a eliminar burocr\u00e0cia a la ciutadania"},"content":{"rendered":"\n<h3 class=\"wp-block-heading\">El president Momp\u00f3 destaca que la corporaci\u00f3 tindr\u00e0 \u201cel seu primer pla per a adaptar la normativa de manera eficient i reduir la c\u00e0rrega administrativa tant als ciutadans com a les empreses\u201d.<\/h3>\n\n\n\n<h3 class=\"wp-block-heading\">Una comissi\u00f3 de coordinaci\u00f3 establir\u00e0 els objectius i els criteris de simplificaci\u00f3 i qualitat normativa, aix\u00ed com el calendari d&#8217;execuci\u00f3 del pla, que haur\u00e0 de desenvolupar-se i aplicar-se durant els pr\u00f2xims dos anys.<\/h3>\n\n\n\n<p>La Diputaci\u00f3 de Val\u00e8ncia aprova el seu primer Pla de Simplificaci\u00f3 Administrativa amb l&#8217;objectiu de reduir la burocr\u00e0cia i facilitar els procediments a la ciutadania i les empreses. El decret firmat pel president de la corporaci\u00f3 provincial, Vicent Momp\u00f3, contempla la constituci\u00f3 d&#8217;una Comissi\u00f3 de Coordinaci\u00f3 que establir\u00e0 els criteris de simplificaci\u00f3 i qualitat normativa, aix\u00ed com un termini de dos anys per a desenvolupar i aplicar el nou pla.<\/p>\n\n\n\n<p>En paraules de Momp\u00f3, \u201cl&#8217;eliminaci\u00f3 de la burocr\u00e0cia i facilitar les gestions als ciutadans i els ajuntaments era un dels principals objectius que es va marcar l\u2019equip de govern de cara a la present legislatura. Tenim la responsabilitat d&#8217;adaptar la normativa als canvis legislatius i de millorar l&#8217;efic\u00e0cia dels nostres servicis, i \u00e9s el que pretenem fer amb este pla que per fi es podr\u00e0 desenvolupar despr\u00e9s de molts esfor\u00e7os que no havien fructificat\u201d.<\/p>\n\n\n\n<p>Entre les mesures que la instituci\u00f3 implantar\u00e0 en els pr\u00f2xims mesos destaca la revisi\u00f3 de tots els processos administratius per a reduir els terminis; i la substituci\u00f3 d&#8217;autoritzacions per declaracions responsables i comunicacions pr\u00e8vies. Estes mesures de simplificaci\u00f3 administrativa es completaran amb la simplificaci\u00f3 normativa, que consistir\u00e0 en revisar el conjunt d&#8217;ordenances, reglament i normativa interna amb la finalitat de derogar o refondre tot el que siga possible.<\/p>\n\n\n\n<p>Una comissi\u00f3 integrada pels caps de servici d&#8217;Assessoria Jur\u00eddica i Presid\u00e8ncia i el coordinador de la Secretaria General s&#8217;encarregar\u00e0 d&#8217;establir els objectius espec\u00edfics, els criteris de simplificaci\u00f3 i la protecci\u00f3 de la qualitat normativa. El termini inicial per a posar en marxa el pla es fixa entre el present any i 2026, per\u00edode en el qual es duran a terme avaluacions anuals per a polir un text que es publicar\u00e0 en el portal de Transpar\u00e8ncia de la Diputaci\u00f3.<\/p>\n\n\n\n<p>El president ha destacat la iniciativa perqu\u00e8 \u201cdefinix la manera de gestionar i entendre la instituci\u00f3 que tenim, amb idees que tracten de facilitar les coses als qui treballen amb la Diputaci\u00f3, sense perdre&#8217;ns en grans anuncis que despr\u00e9s no arriben a concretar-se en actuacions reals\u201d. En opini\u00f3 de Momp\u00f3, \u201cesta filosofia que veiem en el pla amb l&#8217;eliminaci\u00f3 de burocr\u00e0cia \u00e9s la que trobem, per exemple, en el Pla Obert d\u2018Inversions que coordina la vicepresidenta Nat\u00e0lia Enguix, o en l&#8217;\u00e0rea d&#8217;Infraestructures que dirigix la vicepresidenta Mazzolari, on la prioritat \u00e9s ajudar als ajuntaments a executar els projectes i que els diners que reben de la Diputaci\u00f3 es tradu\u00efsquen en una millora de la qualitat de vida per a les seues ve\u00efnes i ve\u00efns\u201d.<\/p>\n\n\n\n<p><strong>Suport legal<\/strong><\/p>\n\n\n\n<p>El Pla de Simplificaci\u00f3 Administrativa de la Diputaci\u00f3 de Val\u00e8ncia busca oferir un marc normatiu eficient que s&#8217;adapte a les demandes de la societat actual, garantint la qualitat, simplicitat i efectivitat de les normes, aix\u00ed com l&#8217;accessibilitat per a la ciutadania. En este sentit, la Uni\u00f3 Europea ha posat en marxa diferents iniciatives des de 1995, amb la ferma intenci\u00f3 de reduir les c\u00e0rregues administratives i econ\u00f2miques.<\/p>\n\n\n\n<p>Tamb\u00e9 la legislaci\u00f3 estatal ha introdu\u00eft estos principis en lleis aprovades en 2011 i 2015, imposant l&#8217;obligaci\u00f3 d&#8217;avaluar peri\u00f2dicament la normativa en vigor. En la mateixa l\u00ednia ha treballat la Generalitat Valenciana, amb plans que promouen la simplificaci\u00f3 administrativa com el SIRCA i el SIRCA-2 i un decret llei de juliol d&#8217;enguany, que entre altres assumptes presta especial atenci\u00f3 a l&#8217;eliminaci\u00f3 de barreres i traves innecess\u00e0ries que puguen afectar la ciutadania i les empreses.<\/p>\n\n\n\n<p>El cap\u00edtol nov\u00e9 del decret auton\u00f2mic es dedica a la simplificaci\u00f3 administrativa en els ens locals, als quals s&#8217;insta a aprovar normatives per a fer m\u00e9s eficients els seus procediments i tr\u00e0mits. La Diputaci\u00f3, que t\u00e9 compet\u00e8ncies reglament\u00e0ries i d&#8217;autoorganitzaci\u00f3, no disposava fins a la data d&#8217;un pla espec\u00edfic de simplificaci\u00f3.<\/p>\n","protected":false},"excerpt":{"rendered":"<div class=\"mh-excerpt\">El president Momp\u00f3 destaca que la corporaci\u00f3 tindr\u00e0 \u201cel seu primer pla per a adaptar la normativa de manera eficient i reduir la c\u00e0rrega administrativa tant als ciutadans com a les empreses\u201d. Una comissi\u00f3 de <a class=\"mh-excerpt-more\" href=\"https:\/\/www.tucomarca.com\/wordpress\/segunda\/ca\/la-diputacio-de-valencia-aprova-un-pla-de-simplificacio-administrativa-per-a-eliminar-burocracia-a-la-ciutadania\/\" title=\"La Diputaci\u00f3 de Val\u00e8ncia aprova un Pla de Simplificaci\u00f3 Administrativa per a eliminar burocr\u00e0cia a la ciutadania\">[+] <\/a><\/div>\n","protected":false},"author":12,"featured_media":238721,"comment_status":"open","ping_status":"open","sticky":false,"template":"","format":"standard","meta":{"footnotes":""},"categories":[10898,10948,10894,10904,10947,10896],"tags":[21283,11246,21284],"class_list":{"0":"post-238722","1":"post","2":"type-post","3":"status-publish","4":"format-standard","5":"has-post-thumbnail","7":"category-ventana-ca","8":"category-infraestructuras-ca","9":"category-la-comarca-ca","10":"category-sin-categorizar-ca","11":"category-politica","12":"category-seccion-ca","13":"tag-burocracia-ca","14":"tag-diputacio-de-valencia-ca","15":"tag-plan-de-simplificacion-administrativa-ca"},"_links":{"self":[{"href":"https:\/\/www.tucomarca.com\/wordpress\/segunda\/ca\/wp-json\/wp\/v2\/posts\/238722","targetHints":{"allow":["GET"]}}],"collection":[{"href":"https:\/\/www.tucomarca.com\/wordpress\/segunda\/ca\/wp-json\/wp\/v2\/posts"}],"about":[{"href":"https:\/\/www.tucomarca.com\/wordpress\/segunda\/ca\/wp-json\/wp\/v2\/types\/post"}],"author":[{"embeddable":true,"href":"https:\/\/www.tucomarca.com\/wordpress\/segunda\/ca\/wp-json\/wp\/v2\/users\/12"}],"replies":[{"embeddable":true,"href":"https:\/\/www.tucomarca.com\/wordpress\/segunda\/ca\/wp-json\/wp\/v2\/comments?post=238722"}],"version-history":[{"count":0,"href":"https:\/\/www.tucomarca.com\/wordpress\/segunda\/ca\/wp-json\/wp\/v2\/posts\/238722\/revisions"}],"wp:featuredmedia":[{"embeddable":true,"href":"https:\/\/www.tucomarca.com\/wordpress\/segunda\/ca\/wp-json\/wp\/v2\/media\/238721"}],"wp:attachment":[{"href":"https:\/\/www.tucomarca.com\/wordpress\/segunda\/ca\/wp-json\/wp\/v2\/media?parent=238722"}],"wp:term":[{"taxonomy":"category","embeddable":true,"href":"https:\/\/www.tucomarca.com\/wordpress\/segunda\/ca\/wp-json\/wp\/v2\/categories?post=238722"},{"taxonomy":"post_tag","embeddable":true,"href":"https:\/\/www.tucomarca.com\/wordpress\/segunda\/ca\/wp-json\/wp\/v2\/tags?post=238722"}],"curies":[{"name":"wp","href":"https:\/\/api.w.org\/{rel}","templated":true}]}}