{"id":238732,"date":"2024-10-02T09:00:00","date_gmt":"2024-10-02T07:00:00","guid":{"rendered":"https:\/\/www.tucomarca.com\/wordpress\/segunda\/?p=238732"},"modified":"2024-10-02T18:19:32","modified_gmt":"2024-10-02T16:19:32","slug":"el-ivc-presenta-al-teatre-rialto-de-valencia-el-premiat-espectacle-dona-en-cinta-de-correr-sobre-fons-negre","status":"publish","type":"post","link":"https:\/\/www.tucomarca.com\/wordpress\/segunda\/ca\/el-ivc-presenta-al-teatre-rialto-de-valencia-el-premiat-espectacle-dona-en-cinta-de-correr-sobre-fons-negre\/","title":{"rendered":"El IVC presenta al Teatre Rialto de Val\u00e8ncia el premiat espectacle \u2018Dona en cinta de c\u00f3rrer sobre fons negre\u2019"},"content":{"rendered":"\n<h3 class=\"wp-block-heading\">La com\u00e8dia va obtindre el Premi Max 2021 al Millor Espectacle Revelaci\u00f3.<\/h3>\n\n\n\n<h3 class=\"wp-block-heading\">L&#8217;obra, dirigida i interpretada per Alessandra Garc\u00eda, es podr\u00e0 veure del 3 al 6 d&#8217;octubre.<\/h3>\n\n\n\n<p>La Conselleria d&#8217;Educaci\u00f3, Cultura, Universitats i Ocupaci\u00f3, a trav\u00e9s del Institut Valenci\u00e0 de Cultura (IVC), porta al Teatre Rialto de Val\u00e8ncia el guardonat espectacle \u2018Dona en cinta de c\u00f3rrer sobre fons negre\u2019, que es podr\u00e0 veure del 3 al 6 d&#8217;octubre.<\/p>\n\n\n\n<p>En aquesta com\u00e8dia, l&#8217;actriu i dramaturga Alessandra Garc\u00eda dissecciona la vida quotidiana d&#8217;un barri humil andal\u00fas. Segons apunten des de la companyia, \u201ces tracta d&#8217;una obra protagonitzada per una malaguenya que dispara algunes observacions sobre els seus ve\u00efns i ve\u00efnes mentre deambula pel seu barri. Els rostres, les mirades, les aromes dels bars i supermercats, les rutes amb autob\u00fas i els blocs d&#8217;edificis sense ascensor. Res escapa a la seua mirada mentre transita sense descans pels carrers que configuren la seua identitat\u201d.<\/p>\n\n\n\n<p>L&#8217;obra ha obtingut un gran acolliment per part de la cr\u00edtica i el p\u00fablic a m\u00e9s de diversos guardons com el Premi MAX al Millor Espectacle Revelaci\u00f3 2021, el Premi Ull Cr\u00edtic de Teatre 2022 i el Premi Ateneu de M\u00e0laga a la Millor Interpretaci\u00f3.<\/p>\n\n\n\n<figure class=\"wp-block-image size-large\"><img loading=\"lazy\" decoding=\"async\" width=\"1024\" height=\"576\" src=\"http:\/\/www.tucomarca.com\/wordpress\/segunda\/wp-content\/uploads\/2024\/10\/IVC_mujerencinta2-1024x576.jpg\" alt=\"\" class=\"wp-image-238729\" srcset=\"https:\/\/www.tucomarca.com\/wordpress\/segunda\/wp-content\/uploads\/2024\/10\/IVC_mujerencinta2-1024x576.jpg 1024w, https:\/\/www.tucomarca.com\/wordpress\/segunda\/wp-content\/uploads\/2024\/10\/IVC_mujerencinta2-300x169.jpg 300w, https:\/\/www.tucomarca.com\/wordpress\/segunda\/wp-content\/uploads\/2024\/10\/IVC_mujerencinta2-768x432.jpg 768w, https:\/\/www.tucomarca.com\/wordpress\/segunda\/wp-content\/uploads\/2024\/10\/IVC_mujerencinta2-678x381.jpg 678w, https:\/\/www.tucomarca.com\/wordpress\/segunda\/wp-content\/uploads\/2024\/10\/IVC_mujerencinta2.jpg 1181w\" sizes=\"auto, (max-width: 1024px) 100vw, 1024px\" \/><\/figure>\n\n\n\n<p>Segons l&#8217;autora, \u201c\u2018Dona en cinta de c\u00f3rrer sobre fons negre\u2019 \u00e9s una pe\u00e7a esc\u00e8nica que funciona a mode de radiografia del ciutad\u00e0 de barri humil. La dona reflexiona sobre la s\u00faper producci\u00f3 t\u00e8xtil, el capitalisme, l&#8217;entreteniment, la cultura, els idiomes, el malnom i el sector serveis. Per\u00f2, sobretot, aquesta hist\u00f2ria \u00e9s riure i pensament&#8221;.<\/p>\n\n\n\n<p>Una cinta de c\u00f3rrer, un diafragma i un recorregut fan del nostre deambular quotidi\u00e0 un esdeveniment. La dona dialoga amb els diferents elements que l&#8217;espai li aporta: una corda de nou metres, una pilota gegant, una cinta, un danse-air amb el qual l\u00eddia una batalla a vida o mort.<\/p>\n\n\n\n<p>En definitiva, un m\u00e0 a m\u00e0 entre paraula i moviment portat a l&#8217;humor i el pensament i una aposta del IVC per les dramat\u00fargies joves i per a acostar-se a nous p\u00fablics.<\/p>\n\n\n\n<p>Les entrades es poden adquirir en les taquilles del teatre aix\u00ed com en la taquilla en l\u00ednia del IVC.<\/p>\n","protected":false},"excerpt":{"rendered":"<div class=\"mh-excerpt\">La com\u00e8dia va obtindre el Premi Max 2021 al Millor Espectacle Revelaci\u00f3. L&#8217;obra, dirigida i interpretada per Alessandra Garc\u00eda, es podr\u00e0 veure del 3 al 6 d&#8217;octubre. La Conselleria d&#8217;Educaci\u00f3, Cultura, Universitats i Ocupaci\u00f3, a <a class=\"mh-excerpt-more\" href=\"https:\/\/www.tucomarca.com\/wordpress\/segunda\/ca\/el-ivc-presenta-al-teatre-rialto-de-valencia-el-premiat-espectacle-dona-en-cinta-de-correr-sobre-fons-negre\/\" title=\"El IVC presenta al Teatre Rialto de Val\u00e8ncia el premiat espectacle \u2018Dona en cinta de c\u00f3rrer sobre fons negre\u2019\">[+] <\/a><\/div>\n","protected":false},"author":12,"featured_media":238728,"comment_status":"open","ping_status":"open","sticky":false,"template":"","format":"standard","meta":{"footnotes":""},"categories":[11019,10898,10904,11007,10896],"tags":[13274,17761,21286],"class_list":{"0":"post-238732","1":"post","2":"type-post","3":"status-publish","4":"format-standard","5":"has-post-thumbnail","7":"category-agenda-ca","8":"category-ventana-ca","9":"category-sin-categorizar-ca","10":"category-ocio-y-cultura-ca","11":"category-seccion-ca","12":"tag-institut-valencia-de-cultura-ca","13":"tag-ivc-ca","14":"tag-teatro-rialto-ca"},"_links":{"self":[{"href":"https:\/\/www.tucomarca.com\/wordpress\/segunda\/ca\/wp-json\/wp\/v2\/posts\/238732","targetHints":{"allow":["GET"]}}],"collection":[{"href":"https:\/\/www.tucomarca.com\/wordpress\/segunda\/ca\/wp-json\/wp\/v2\/posts"}],"about":[{"href":"https:\/\/www.tucomarca.com\/wordpress\/segunda\/ca\/wp-json\/wp\/v2\/types\/post"}],"author":[{"embeddable":true,"href":"https:\/\/www.tucomarca.com\/wordpress\/segunda\/ca\/wp-json\/wp\/v2\/users\/12"}],"replies":[{"embeddable":true,"href":"https:\/\/www.tucomarca.com\/wordpress\/segunda\/ca\/wp-json\/wp\/v2\/comments?post=238732"}],"version-history":[{"count":0,"href":"https:\/\/www.tucomarca.com\/wordpress\/segunda\/ca\/wp-json\/wp\/v2\/posts\/238732\/revisions"}],"wp:featuredmedia":[{"embeddable":true,"href":"https:\/\/www.tucomarca.com\/wordpress\/segunda\/ca\/wp-json\/wp\/v2\/media\/238728"}],"wp:attachment":[{"href":"https:\/\/www.tucomarca.com\/wordpress\/segunda\/ca\/wp-json\/wp\/v2\/media?parent=238732"}],"wp:term":[{"taxonomy":"category","embeddable":true,"href":"https:\/\/www.tucomarca.com\/wordpress\/segunda\/ca\/wp-json\/wp\/v2\/categories?post=238732"},{"taxonomy":"post_tag","embeddable":true,"href":"https:\/\/www.tucomarca.com\/wordpress\/segunda\/ca\/wp-json\/wp\/v2\/tags?post=238732"}],"curies":[{"name":"wp","href":"https:\/\/api.w.org\/{rel}","templated":true}]}}