{"id":238754,"date":"2024-10-02T13:00:00","date_gmt":"2024-10-02T11:00:00","guid":{"rendered":"https:\/\/www.tucomarca.com\/wordpress\/segunda\/?p=238754"},"modified":"2024-10-02T18:17:02","modified_gmt":"2024-10-02T16:17:02","slug":"mes-de-700-persones-fan-costat-a-lassociacio-espanyola-contra-el-cancer-de-benaguasil-en-el-seu-sopar-solidari","status":"publish","type":"post","link":"https:\/\/www.tucomarca.com\/wordpress\/segunda\/ca\/mes-de-700-persones-fan-costat-a-lassociacio-espanyola-contra-el-cancer-de-benaguasil-en-el-seu-sopar-solidari\/","title":{"rendered":"M\u00e9s de 700 persones fan costat a l&#8217;Associaci\u00f3 Espanyola contra el C\u00e0ncer de Benaguasil en el seu sopar solidari"},"content":{"rendered":"\n<h3 class=\"wp-block-heading\">L&#8217;esdeveniment va superar l&#8217;assist\u00e8ncia de l&#8217;any anterior, la qual cosa serveix per a continuar sumant esfor\u00e7os en la lluita comuna contra la malaltia.<\/h3>\n\n\n\n<h3 class=\"wp-block-heading\">La Junta Local de la AECC Benaguasil va agrair als ve\u00efns i als comer\u00e7os de la localitat la seua solidaritat i col\u00b7laboraci\u00f3.<\/h3>\n\n\n\n<p>La Junta Local contra el C\u00e0ncer de Benaguasil va celebrar dissabte passat el seu tradicional sopar solidari amb la finalitat de recaptar fons per a combatre aquesta malaltia.<br>L&#8217;acte, celebrat en l&#8217;avinguda de Montiel, va congregar a 749 persones que amb la seua pres\u00e8ncia van voler aportar el seu granet d&#8217;arena a la causa. Entre els assistents va estar tamb\u00e9 l&#8217;alcalde de Benaguasil, Ximo Segarra i diversos membres de la corporaci\u00f3 municipal que van destacar el comprom\u00eds i la generositat una vegada m\u00e9s de Benaguasil en la lluita contra el c\u00e0ncer.<br>Despr\u00e9s de finalitzar el sopar, els assistents van gaudir d&#8217;un sorteig de variats regals donats per comer\u00e7os, empreses i particulars.<br>Des de l&#8217;Associaci\u00f3 Contra el C\u00e0ncer a Benaguasil han mostrat el seu agra\u00efment per la solidaritat dels ve\u00efns i la resposta dels comer\u00e7os i empreses col\u00b7laboradores que, un any m\u00e9s s&#8217;han bolcat en aquest esdeveniment ja que els diners arreplegats en aquest esdeveniment, un dels m\u00e9s importants per a l&#8217;associaci\u00f3 juntament amb la carrera Runc\u00e1ncer, va destinat a la investigaci\u00f3 d&#8217;aquesta malaltia.<\/p>\n\n\n\n<figure class=\"wp-block-gallery has-nested-images columns-default is-cropped wp-block-gallery-1 is-layout-flex wp-block-gallery-is-layout-flex\">\n<figure class=\"wp-block-image size-large\"><img loading=\"lazy\" decoding=\"async\" width=\"886\" height=\"886\" data-id=\"238753\" src=\"https:\/\/www.tucomarca.com\/wordpress\/segunda\/wp-content\/uploads\/2024\/10\/Benaguasilcenacancer.jpg\" alt=\"\" class=\"wp-image-238753\" srcset=\"https:\/\/www.tucomarca.com\/wordpress\/segunda\/wp-content\/uploads\/2024\/10\/Benaguasilcenacancer.jpg 886w, https:\/\/www.tucomarca.com\/wordpress\/segunda\/wp-content\/uploads\/2024\/10\/Benaguasilcenacancer-300x300.jpg 300w, https:\/\/www.tucomarca.com\/wordpress\/segunda\/wp-content\/uploads\/2024\/10\/Benaguasilcenacancer-290x290.jpg 290w, https:\/\/www.tucomarca.com\/wordpress\/segunda\/wp-content\/uploads\/2024\/10\/Benaguasilcenacancer-768x768.jpg 768w\" sizes=\"auto, (max-width: 886px) 100vw, 886px\" \/><\/figure>\n\n\n\n<figure class=\"wp-block-image size-large\"><img loading=\"lazy\" decoding=\"async\" width=\"1024\" height=\"1024\" data-id=\"238770\" src=\"https:\/\/www.tucomarca.com\/wordpress\/segunda\/wp-content\/uploads\/2024\/10\/BenaguasilCenacancer2-1024x1024.jpg\" alt=\"\" class=\"wp-image-238770\" srcset=\"https:\/\/www.tucomarca.com\/wordpress\/segunda\/wp-content\/uploads\/2024\/10\/BenaguasilCenacancer2-1024x1024.jpg 1024w, https:\/\/www.tucomarca.com\/wordpress\/segunda\/wp-content\/uploads\/2024\/10\/BenaguasilCenacancer2-300x300.jpg 300w, https:\/\/www.tucomarca.com\/wordpress\/segunda\/wp-content\/uploads\/2024\/10\/BenaguasilCenacancer2-290x290.jpg 290w, https:\/\/www.tucomarca.com\/wordpress\/segunda\/wp-content\/uploads\/2024\/10\/BenaguasilCenacancer2-768x768.jpg 768w, https:\/\/www.tucomarca.com\/wordpress\/segunda\/wp-content\/uploads\/2024\/10\/BenaguasilCenacancer2.jpg 1536w\" sizes=\"auto, (max-width: 1024px) 100vw, 1024px\" \/><\/figure>\n<\/figure>\n","protected":false},"excerpt":{"rendered":"<div class=\"mh-excerpt\">L&#8217;esdeveniment va superar l&#8217;assist\u00e8ncia de l&#8217;any anterior, la qual cosa serveix per a continuar sumant esfor\u00e7os en la lluita comuna contra la malaltia. La Junta Local de la AECC Benaguasil va agrair als ve\u00efns i <a class=\"mh-excerpt-more\" href=\"https:\/\/www.tucomarca.com\/wordpress\/segunda\/ca\/mes-de-700-persones-fan-costat-a-lassociacio-espanyola-contra-el-cancer-de-benaguasil-en-el-seu-sopar-solidari\/\" title=\"M\u00e9s de 700 persones fan costat a l&#8217;Associaci\u00f3 Espanyola contra el C\u00e0ncer de Benaguasil en el seu sopar solidari\">[+] <\/a><\/div>\n","protected":false},"author":12,"featured_media":238772,"comment_status":"open","ping_status":"open","sticky":false,"template":"","format":"gallery","meta":{"footnotes":""},"categories":[10952,10892,10894,11007,10896],"tags":[21289,11136,10899,21290],"class_list":{"0":"post-238754","1":"post","2":"type-post","3":"status-publish","4":"format-gallery","5":"has-post-thumbnail","7":"category-benaguasil-ca","8":"category-camp-de-turia-ca","9":"category-la-comarca-ca","10":"category-ocio-y-cultura-ca","11":"category-seccion-ca","12":"tag-aecc-benaguasil-ca","13":"tag-benaguasil-ca","14":"tag-camp-de-turia-ca","15":"tag-cena-contra-el-cancer-ca","16":"post_format-post-format-gallery"},"_links":{"self":[{"href":"https:\/\/www.tucomarca.com\/wordpress\/segunda\/ca\/wp-json\/wp\/v2\/posts\/238754","targetHints":{"allow":["GET"]}}],"collection":[{"href":"https:\/\/www.tucomarca.com\/wordpress\/segunda\/ca\/wp-json\/wp\/v2\/posts"}],"about":[{"href":"https:\/\/www.tucomarca.com\/wordpress\/segunda\/ca\/wp-json\/wp\/v2\/types\/post"}],"author":[{"embeddable":true,"href":"https:\/\/www.tucomarca.com\/wordpress\/segunda\/ca\/wp-json\/wp\/v2\/users\/12"}],"replies":[{"embeddable":true,"href":"https:\/\/www.tucomarca.com\/wordpress\/segunda\/ca\/wp-json\/wp\/v2\/comments?post=238754"}],"version-history":[{"count":0,"href":"https:\/\/www.tucomarca.com\/wordpress\/segunda\/ca\/wp-json\/wp\/v2\/posts\/238754\/revisions"}],"wp:featuredmedia":[{"embeddable":true,"href":"https:\/\/www.tucomarca.com\/wordpress\/segunda\/ca\/wp-json\/wp\/v2\/media\/238772"}],"wp:attachment":[{"href":"https:\/\/www.tucomarca.com\/wordpress\/segunda\/ca\/wp-json\/wp\/v2\/media?parent=238754"}],"wp:term":[{"taxonomy":"category","embeddable":true,"href":"https:\/\/www.tucomarca.com\/wordpress\/segunda\/ca\/wp-json\/wp\/v2\/categories?post=238754"},{"taxonomy":"post_tag","embeddable":true,"href":"https:\/\/www.tucomarca.com\/wordpress\/segunda\/ca\/wp-json\/wp\/v2\/tags?post=238754"}],"curies":[{"name":"wp","href":"https:\/\/api.w.org\/{rel}","templated":true}]}}