{"id":238818,"date":"2024-10-03T10:30:00","date_gmt":"2024-10-03T08:30:00","guid":{"rendered":"https:\/\/www.tucomarca.com\/wordpress\/segunda\/?p=238818"},"modified":"2024-10-03T10:41:22","modified_gmt":"2024-10-03T08:41:22","slug":"conclouen-les-obres-dampliacio-de-les-installacions-de-la-mancomunitat-foia-de-bunyol-xiva","status":"publish","type":"post","link":"https:\/\/www.tucomarca.com\/wordpress\/segunda\/ca\/conclouen-les-obres-dampliacio-de-les-installacions-de-la-mancomunitat-foia-de-bunyol-xiva\/","title":{"rendered":"Conclouen les obres d&#8217;ampliaci\u00f3 de les instal\u00b7lacions de la Mancomunitat Foia de Bunyol-Xiva"},"content":{"rendered":"\n<p>Ja han concl\u00f2s les obres d&#8217;ampliaci\u00f3 de les instal\u00b7lacions de la Mancomunitat de La Foia de Bunyol-Xiva, la seu de la qual est\u00e0 situada a I\u00e0tova i que presideix l&#8217;alcaldessa de Xiva, Amparo Fort.<\/p>\n\n\n\n<p>&#8220;Amb l&#8217;ampliaci\u00f3 es millora l&#8217;entorn en el qual es realitza l&#8217;atenci\u00f3 a la ciutadania, al mateix temps que s&#8217;adapten instal\u00b7lacions per a persones amb mobilitat redu\u00efda&#8221;, tal com han destacat des de la instituci\u00f3.<\/p>\n\n\n\n<p>El projecte desenvolupa l&#8217;ampliaci\u00f3 de l&#8217;edifici existent, al qual se li han annexat 52 metres quadrats destinats a noves oficines.\u00a0<\/p>\n\n\n\n<p>L&#8217;obra ha contemplat la creaci\u00f3 de nous lavabos adaptats per a persones amb mobilitat redu\u00efda donant a m\u00e9s servei a l&#8217;auditori de la Mancomunitat.\u00a0<\/p>\n\n\n\n<p>L&#8217;actuaci\u00f3 \u00e9s finan\u00e7ada pel Pla d&#8217;Inversions de la Diputaci\u00f3 Provincial de Val\u00e8ncia 2022-23 i ha comptat amb un pressupost total de 152.367,78 \u20ac<\/p>\n","protected":false},"excerpt":{"rendered":"<div class=\"mh-excerpt\">Ja han concl\u00f2s les obres d&#8217;ampliaci\u00f3 de les instal\u00b7lacions de la Mancomunitat de La Foia de Bunyol-Xiva, la seu de la qual est\u00e0 situada a I\u00e0tova i que presideix l&#8217;alcaldessa de Xiva, Amparo Fort. &#8220;Amb <a class=\"mh-excerpt-more\" href=\"https:\/\/www.tucomarca.com\/wordpress\/segunda\/ca\/conclouen-les-obres-dampliacio-de-les-installacions-de-la-mancomunitat-foia-de-bunyol-xiva\/\" title=\"Conclouen les obres d&#8217;ampliaci\u00f3 de les instal\u00b7lacions de la Mancomunitat Foia de Bunyol-Xiva\">[+] <\/a><\/div>\n","protected":false},"author":1,"featured_media":238816,"comment_status":"open","ping_status":"open","sticky":false,"template":"","format":"standard","meta":{"footnotes":""},"categories":[10898,10980,10948,10894,10912,10947,10896],"tags":[10914,20664,12859,11141],"class_list":{"0":"post-238818","1":"post","2":"type-post","3":"status-publish","4":"format-standard","5":"has-post-thumbnail","7":"category-ventana-ca","8":"category-yatova-ca","9":"category-infraestructuras-ca","10":"category-la-comarca-ca","11":"category-la-hoya-ca","12":"category-politica","13":"category-seccion-ca","14":"tag-la-hoya-de-bunol-chiva-ca","15":"tag-mancomunidad-ca","16":"tag-obras-ca","17":"tag-yatova-ca"},"_links":{"self":[{"href":"https:\/\/www.tucomarca.com\/wordpress\/segunda\/ca\/wp-json\/wp\/v2\/posts\/238818","targetHints":{"allow":["GET"]}}],"collection":[{"href":"https:\/\/www.tucomarca.com\/wordpress\/segunda\/ca\/wp-json\/wp\/v2\/posts"}],"about":[{"href":"https:\/\/www.tucomarca.com\/wordpress\/segunda\/ca\/wp-json\/wp\/v2\/types\/post"}],"author":[{"embeddable":true,"href":"https:\/\/www.tucomarca.com\/wordpress\/segunda\/ca\/wp-json\/wp\/v2\/users\/1"}],"replies":[{"embeddable":true,"href":"https:\/\/www.tucomarca.com\/wordpress\/segunda\/ca\/wp-json\/wp\/v2\/comments?post=238818"}],"version-history":[{"count":0,"href":"https:\/\/www.tucomarca.com\/wordpress\/segunda\/ca\/wp-json\/wp\/v2\/posts\/238818\/revisions"}],"wp:featuredmedia":[{"embeddable":true,"href":"https:\/\/www.tucomarca.com\/wordpress\/segunda\/ca\/wp-json\/wp\/v2\/media\/238816"}],"wp:attachment":[{"href":"https:\/\/www.tucomarca.com\/wordpress\/segunda\/ca\/wp-json\/wp\/v2\/media?parent=238818"}],"wp:term":[{"taxonomy":"category","embeddable":true,"href":"https:\/\/www.tucomarca.com\/wordpress\/segunda\/ca\/wp-json\/wp\/v2\/categories?post=238818"},{"taxonomy":"post_tag","embeddable":true,"href":"https:\/\/www.tucomarca.com\/wordpress\/segunda\/ca\/wp-json\/wp\/v2\/tags?post=238818"}],"curies":[{"name":"wp","href":"https:\/\/api.w.org\/{rel}","templated":true}]}}