{"id":238844,"date":"2024-10-03T10:00:00","date_gmt":"2024-10-03T08:00:00","guid":{"rendered":"https:\/\/www.tucomarca.com\/wordpress\/segunda\/?p=238844"},"modified":"2024-10-03T12:29:54","modified_gmt":"2024-10-03T10:29:54","slug":"la-guardia-civil-detecta-a-un-conductor-circulant-amb-una-motocicleta-dalta-cilindrada-duplicant-la-velocitat-maxima-permesa","status":"publish","type":"post","link":"https:\/\/www.tucomarca.com\/wordpress\/segunda\/ca\/la-guardia-civil-detecta-a-un-conductor-circulant-amb-una-motocicleta-dalta-cilindrada-duplicant-la-velocitat-maxima-permesa\/","title":{"rendered":"La Gu\u00e0rdia Civil detecta a un conductor circulant amb una motocicleta d&#8217;alta cilindrada duplicant la velocitat m\u00e0xima permesa"},"content":{"rendered":"\n<h3 class=\"wp-block-heading\"><strong>La motocicleta va ser detectada per un cinem\u00f2metre circulant per una via convencional de la prov\u00edncia de Val\u00e8ncia (limitada a 70 Km\/h) a 164 Km\/h<\/strong>.<\/h3>\n\n\n\n<p>El dia 29 de setembre de 2024, en un servei de vigil\u00e0ncia i verificaci\u00f3 de la velocitat, establit per un equip de radar del Subsector de Tr\u00e0nsit de la Gu\u00e0rdia Civil de Val\u00e8ncia en la CV-245, a l&#8217;altura del quil\u00f2metre 08,200, en sentit creixent, va descobrir a la motocicleta Yamaha MT09 circulant a 164 km\/h.<\/p>\n\n\n\n<p>Els agents van procedir a la seua parada i identificaci\u00f3 del conductor, de 42 anys, que ha sigut investigat com a suposat autor d&#8217;un delicte contra la seguretat vi\u00e0ria, per conduir un vehicle de motor superant la velocitat m\u00e0xima permesa en 80 km\/h, penat amb fins a sis mesos de pres\u00f3 i privaci\u00f3 del dret a conduir fins a quatre anys.<\/p>\n\n\n\n<p>En la carretera CV-245 existeixen Trams d&#8217;Alt Risc per a Motoristes (TARM) establits per la DGT, a causa de la seua alta sinistralitat.&nbsp;<\/p>\n\n\n\n<p>Les dilig\u00e8ncies instru\u00efdes han sigut entregades en el Jutjat de Gu\u00e0rdia de Ll\u00edria (Val\u00e8ncia).<\/p>\n","protected":false},"excerpt":{"rendered":"<div class=\"mh-excerpt\">La motocicleta va ser detectada per un cinem\u00f2metre circulant per una via convencional de la prov\u00edncia de Val\u00e8ncia (limitada a 70 Km\/h) a 164 Km\/h. El dia 29 de setembre de 2024, en un servei <a class=\"mh-excerpt-more\" href=\"https:\/\/www.tucomarca.com\/wordpress\/segunda\/ca\/la-guardia-civil-detecta-a-un-conductor-circulant-amb-una-motocicleta-dalta-cilindrada-duplicant-la-velocitat-maxima-permesa\/\" title=\"La Gu\u00e0rdia Civil detecta a un conductor circulant amb una motocicleta d&#8217;alta cilindrada duplicant la velocitat m\u00e0xima permesa\">[+] <\/a><\/div>\n","protected":false},"author":13,"featured_media":81446,"comment_status":"open","ping_status":"open","sticky":false,"template":"","format":"standard","meta":{"footnotes":""},"categories":[10892,10894,10928,10896,10897],"tags":[10899,11118,11070,10901],"class_list":{"0":"post-238844","1":"post","2":"type-post","3":"status-publish","4":"format-standard","5":"has-post-thumbnail","7":"category-camp-de-turia-ca","8":"category-la-comarca-ca","9":"category-lliria-ca","10":"category-seccion-ca","11":"category-sucesos-la-comarca-ca","12":"tag-camp-de-turia-ca","13":"tag-guardia-civil-ca","14":"tag-lliria-ca","15":"tag-sucesos-ca"},"_links":{"self":[{"href":"https:\/\/www.tucomarca.com\/wordpress\/segunda\/ca\/wp-json\/wp\/v2\/posts\/238844","targetHints":{"allow":["GET"]}}],"collection":[{"href":"https:\/\/www.tucomarca.com\/wordpress\/segunda\/ca\/wp-json\/wp\/v2\/posts"}],"about":[{"href":"https:\/\/www.tucomarca.com\/wordpress\/segunda\/ca\/wp-json\/wp\/v2\/types\/post"}],"author":[{"embeddable":true,"href":"https:\/\/www.tucomarca.com\/wordpress\/segunda\/ca\/wp-json\/wp\/v2\/users\/13"}],"replies":[{"embeddable":true,"href":"https:\/\/www.tucomarca.com\/wordpress\/segunda\/ca\/wp-json\/wp\/v2\/comments?post=238844"}],"version-history":[{"count":0,"href":"https:\/\/www.tucomarca.com\/wordpress\/segunda\/ca\/wp-json\/wp\/v2\/posts\/238844\/revisions"}],"wp:featuredmedia":[{"embeddable":true,"href":"https:\/\/www.tucomarca.com\/wordpress\/segunda\/ca\/wp-json\/wp\/v2\/media\/81446"}],"wp:attachment":[{"href":"https:\/\/www.tucomarca.com\/wordpress\/segunda\/ca\/wp-json\/wp\/v2\/media?parent=238844"}],"wp:term":[{"taxonomy":"category","embeddable":true,"href":"https:\/\/www.tucomarca.com\/wordpress\/segunda\/ca\/wp-json\/wp\/v2\/categories?post=238844"},{"taxonomy":"post_tag","embeddable":true,"href":"https:\/\/www.tucomarca.com\/wordpress\/segunda\/ca\/wp-json\/wp\/v2\/tags?post=238844"}],"curies":[{"name":"wp","href":"https:\/\/api.w.org\/{rel}","templated":true}]}}