{"id":238845,"date":"2024-10-04T10:00:00","date_gmt":"2024-10-04T08:00:00","guid":{"rendered":"https:\/\/www.tucomarca.com\/wordpress\/segunda\/?p=238845"},"modified":"2024-10-04T08:59:22","modified_gmt":"2024-10-04T06:59:22","slug":"el-barri-sant-rafael-de-bunyol-celebra-aquest-cap-de-setmana-les-festes-que-van-ser-posposades-per-la-pluja","status":"publish","type":"post","link":"https:\/\/www.tucomarca.com\/wordpress\/segunda\/ca\/el-barri-sant-rafael-de-bunyol-celebra-aquest-cap-de-setmana-les-festes-que-van-ser-posposades-per-la-pluja\/","title":{"rendered":"El Barri Sant Rafael de Bunyol celebra aquest cap de setmana les festes que van ser posposades per la pluja"},"content":{"rendered":"<div class=\"wp-block-image\">\n<figure class=\"alignleft size-large is-resized\"><img loading=\"lazy\" decoding=\"async\" width=\"724\" height=\"1024\" src=\"http:\/\/www.tucomarca.com\/wordpress\/segunda\/wp-content\/uploads\/2024\/10\/FiestasBarrio-724x1024.jpg\" alt=\"\" class=\"wp-image-238836\" style=\"width:454px;height:auto\" srcset=\"https:\/\/www.tucomarca.com\/wordpress\/segunda\/wp-content\/uploads\/2024\/10\/FiestasBarrio-724x1024.jpg 724w, https:\/\/www.tucomarca.com\/wordpress\/segunda\/wp-content\/uploads\/2024\/10\/FiestasBarrio-212x300.jpg 212w, https:\/\/www.tucomarca.com\/wordpress\/segunda\/wp-content\/uploads\/2024\/10\/FiestasBarrio-768x1086.jpg 768w, https:\/\/www.tucomarca.com\/wordpress\/segunda\/wp-content\/uploads\/2024\/10\/FiestasBarrio.jpg 886w\" sizes=\"auto, (max-width: 724px) 100vw, 724px\" \/><\/figure>\n<\/div>\n\n\n<p>El 5 i 6 d&#8217;octubre, el Barri Sant Rafael de Bunyol acollir\u00e0 les seues tradicionals festes patronals amb un variat programa d&#8217;activitats, suspeses setmanes arrere pel mal temps. Aquests festejos, patrocinats per l&#8217;Ajuntament de Bunyol i l&#8217;Associaci\u00f3 de Ve\u00efns del Barri Sant Rafael, comptaran amb la col\u00b7laboraci\u00f3 de L&#8217;Alqueria Blanca i Cemex, com cada any, una celebraci\u00f3 especial per a tot el ve\u00efnat i visitants.<\/p>\n\n\n\n<p>Les festes inclouran actes per a totes les edats, Festa de les brases amb orquestra, activitats recreatives i concert de la Banda Juvenil de &#8220;L&#8217;Art\u00edstica&#8221;, que prometen omplir el barri d&#8217;alegria i tradici\u00f3 durant tot el cap de setmana.<\/p>\n","protected":false},"excerpt":{"rendered":"<div class=\"mh-excerpt\">El 5 i 6 d&#8217;octubre, el Barri Sant Rafael de Bunyol acollir\u00e0 les seues tradicionals festes patronals amb un variat programa d&#8217;activitats, suspeses setmanes arrere pel mal temps. Aquests festejos, patrocinats per l&#8217;Ajuntament de Bunyol <a class=\"mh-excerpt-more\" href=\"https:\/\/www.tucomarca.com\/wordpress\/segunda\/ca\/el-barri-sant-rafael-de-bunyol-celebra-aquest-cap-de-setmana-les-festes-que-van-ser-posposades-per-la-pluja\/\" title=\"El Barri Sant Rafael de Bunyol celebra aquest cap de setmana les festes que van ser posposades per la pluja\">[+] <\/a><\/div>\n","protected":false},"author":12,"featured_media":238842,"comment_status":"open","ping_status":"open","sticky":false,"template":"","format":"standard","meta":{"footnotes":""},"categories":[11019,10911,10894,10912,11007,10896],"tags":[10913,21297,10914],"class_list":{"0":"post-238845","1":"post","2":"type-post","3":"status-publish","4":"format-standard","5":"has-post-thumbnail","7":"category-agenda-ca","8":"category-bunol-ca","9":"category-la-comarca-ca","10":"category-la-hoya-ca","11":"category-ocio-y-cultura-ca","12":"category-seccion-ca","13":"tag-bunol-ca","14":"tag-fiestas-del-barrio-san-rafael-ca","15":"tag-la-hoya-de-bunol-chiva-ca"},"_links":{"self":[{"href":"https:\/\/www.tucomarca.com\/wordpress\/segunda\/ca\/wp-json\/wp\/v2\/posts\/238845","targetHints":{"allow":["GET"]}}],"collection":[{"href":"https:\/\/www.tucomarca.com\/wordpress\/segunda\/ca\/wp-json\/wp\/v2\/posts"}],"about":[{"href":"https:\/\/www.tucomarca.com\/wordpress\/segunda\/ca\/wp-json\/wp\/v2\/types\/post"}],"author":[{"embeddable":true,"href":"https:\/\/www.tucomarca.com\/wordpress\/segunda\/ca\/wp-json\/wp\/v2\/users\/12"}],"replies":[{"embeddable":true,"href":"https:\/\/www.tucomarca.com\/wordpress\/segunda\/ca\/wp-json\/wp\/v2\/comments?post=238845"}],"version-history":[{"count":0,"href":"https:\/\/www.tucomarca.com\/wordpress\/segunda\/ca\/wp-json\/wp\/v2\/posts\/238845\/revisions"}],"wp:featuredmedia":[{"embeddable":true,"href":"https:\/\/www.tucomarca.com\/wordpress\/segunda\/ca\/wp-json\/wp\/v2\/media\/238842"}],"wp:attachment":[{"href":"https:\/\/www.tucomarca.com\/wordpress\/segunda\/ca\/wp-json\/wp\/v2\/media?parent=238845"}],"wp:term":[{"taxonomy":"category","embeddable":true,"href":"https:\/\/www.tucomarca.com\/wordpress\/segunda\/ca\/wp-json\/wp\/v2\/categories?post=238845"},{"taxonomy":"post_tag","embeddable":true,"href":"https:\/\/www.tucomarca.com\/wordpress\/segunda\/ca\/wp-json\/wp\/v2\/tags?post=238845"}],"curies":[{"name":"wp","href":"https:\/\/api.w.org\/{rel}","templated":true}]}}