{"id":238968,"date":"2024-10-04T09:57:00","date_gmt":"2024-10-04T07:57:00","guid":{"rendered":"https:\/\/www.tucomarca.com\/wordpress\/segunda\/?p=238968"},"modified":"2024-10-04T13:14:50","modified_gmt":"2024-10-04T11:14:50","slug":"requena-compleix-10-anys-com-a-seu-de-la-universitat-de-valencia","status":"publish","type":"post","link":"https:\/\/www.tucomarca.com\/wordpress\/segunda\/ca\/requena-compleix-10-anys-com-a-seu-de-la-universitat-de-valencia\/","title":{"rendered":"Requena compleix 10 anys com a seu de la Universitat de Val\u00e8ncia"},"content":{"rendered":"\n<h3 class=\"wp-block-heading\">Unisocietat celebra amb \u00e8xit enguany la seua desena edici\u00f3 a Requena amb m\u00e9s de 90 alumnes matriculats en dos cursos.<\/h3>\n\n\n\n<p>L&#8217;Ajuntament de Requena i la Universitat de Val\u00e8ncia comencen la 10a temporada de Unisocietat Requena 2024-2025. Unisocietat Requena \u00e9s un programa formatiu obert per a majors de 30 anys de tota la comarca amb inquietud per aprendre i motivaci\u00f3 per la cultura. S\u00f3n classes impartides pels millors especialistes universitaris amb un enfocament dirigit a un p\u00fablic obert i enfocat al coneixement pr\u00e0ctic i cultural. No es necessiten estudis previs, ni es realitzen ex\u00e0mens. Inclou, a m\u00e9s, un cicle de confer\u00e8ncies amb una oferta variada de temes d&#8217;inter\u00e9s general.<br>Aquest curs, amb m\u00e9s de 90 persones s&#8217;ha iniciat a principis d&#8217;octubre, encara que tindr\u00e0 la seua jornada inaugural oficial el pr\u00f2xim 23 d&#8217;octubre amb l&#8217;assist\u00e8ncia de representants de la Universitat de Val\u00e8ncia.<br>Les classes s&#8217;imparteixen els dimarts de 16 a 19 :20, d&#8217;octubre de 2024 a juny de 2025. Unisocietat Requena \u00e9s un programa de la Universitat de Val\u00e8ncia i l&#8217;Ajuntament de Requena patrocinat per Caixa Popular i la Diputaci\u00f3 de Val\u00e8ncia.<br>Horari de Unisocietat Requena I i II (dimarts i dimecres d&#8217;octubre de 2024 a juny de 2025) i microcr\u00e8dit de Unisocietat (dilluns d&#8217;octubre a desembre de 2024).<br>A m\u00e9s enguany s&#8217;afig Mircrounisocieta des del lunes14 d&#8217;octubre al 16 de desembre de 2024.<br>En el cicle de confer\u00e8ncies tamb\u00e9 estan previstes les seg\u00fcents:<br>24 d&#8217;octubre de 2024 \u2013 Rafael Gil Salines (Dpto. d&#8217;Hist\u00f2ria de l&#8217;Art) \u2013 \u201cAlgunes claus per a entendre l&#8217;obra de Picasso\u201d<br>12 de desembre de 2024 \u2013 Ana M. Botella Nicol\u00e1s (Dpto. de Did\u00e0ctica de l&#8217;Educaci\u00f3 F\u00edsica, Art\u00edstica i M\u00fasica) \u2013 \u201cAtenci\u00f3: soprano en l&#8217;escenari\u201d<br>6 de febrer de 2025 \u2013 Marta Blasco Mart\u00edn (Dpto. de Prehist\u00f2ria, Arqueologia e H\u00aa Antiga) \u2013 \u201cAdorns, jocs i agulles. Entre ossos en \u00e8poca ib\u00e8rica\u201d<br>15 de maig de 2025 \u2013 Vicent J. Mart\u00ednez Garc\u00eda (Dpto. d&#8217;Astronomia i Astrof\u00edsica) \u2013 \u201cDe les gal\u00e0xies al Big bang\u201d. Informa,<strong> Luis Ib\u00e1\u00f1ez.<\/strong><\/p>\n\n\n\n<p><\/p>\n","protected":false},"excerpt":{"rendered":"<div class=\"mh-excerpt\">Unisocietat celebra amb \u00e8xit enguany la seua desena edici\u00f3 a Requena amb m\u00e9s de 90 alumnes matriculats en dos cursos. L&#8217;Ajuntament de Requena i la Universitat de Val\u00e8ncia comencen la 10a temporada de Unisocietat Requena <a class=\"mh-excerpt-more\" href=\"https:\/\/www.tucomarca.com\/wordpress\/segunda\/ca\/requena-compleix-10-anys-com-a-seu-de-la-universitat-de-valencia\/\" title=\"Requena compleix 10 anys com a seu de la Universitat de Val\u00e8ncia\">[+] <\/a><\/div>\n","protected":false},"author":12,"featured_media":238967,"comment_status":"open","ping_status":"open","sticky":false,"template":"","format":"standard","meta":{"footnotes":""},"categories":[10894,11007,10908,10909,10896],"tags":[11099,10910,12457],"class_list":{"0":"post-238968","1":"post","2":"type-post","3":"status-publish","4":"format-standard","5":"has-post-thumbnail","7":"category-la-comarca-ca","8":"category-ocio-y-cultura-ca","9":"category-requena-ca","10":"category-requena-utiel-ca","11":"category-seccion-ca","12":"tag-requena-ca","13":"tag-requena-utiel-ca","14":"tag-universitat-de-valencia-ca"},"_links":{"self":[{"href":"https:\/\/www.tucomarca.com\/wordpress\/segunda\/ca\/wp-json\/wp\/v2\/posts\/238968","targetHints":{"allow":["GET"]}}],"collection":[{"href":"https:\/\/www.tucomarca.com\/wordpress\/segunda\/ca\/wp-json\/wp\/v2\/posts"}],"about":[{"href":"https:\/\/www.tucomarca.com\/wordpress\/segunda\/ca\/wp-json\/wp\/v2\/types\/post"}],"author":[{"embeddable":true,"href":"https:\/\/www.tucomarca.com\/wordpress\/segunda\/ca\/wp-json\/wp\/v2\/users\/12"}],"replies":[{"embeddable":true,"href":"https:\/\/www.tucomarca.com\/wordpress\/segunda\/ca\/wp-json\/wp\/v2\/comments?post=238968"}],"version-history":[{"count":0,"href":"https:\/\/www.tucomarca.com\/wordpress\/segunda\/ca\/wp-json\/wp\/v2\/posts\/238968\/revisions"}],"wp:featuredmedia":[{"embeddable":true,"href":"https:\/\/www.tucomarca.com\/wordpress\/segunda\/ca\/wp-json\/wp\/v2\/media\/238967"}],"wp:attachment":[{"href":"https:\/\/www.tucomarca.com\/wordpress\/segunda\/ca\/wp-json\/wp\/v2\/media?parent=238968"}],"wp:term":[{"taxonomy":"category","embeddable":true,"href":"https:\/\/www.tucomarca.com\/wordpress\/segunda\/ca\/wp-json\/wp\/v2\/categories?post=238968"},{"taxonomy":"post_tag","embeddable":true,"href":"https:\/\/www.tucomarca.com\/wordpress\/segunda\/ca\/wp-json\/wp\/v2\/tags?post=238968"}],"curies":[{"name":"wp","href":"https:\/\/api.w.org\/{rel}","templated":true}]}}