{"id":238976,"date":"2024-10-04T10:00:00","date_gmt":"2024-10-04T08:00:00","guid":{"rendered":"https:\/\/www.tucomarca.com\/wordpress\/segunda\/?p=238976"},"modified":"2024-10-04T13:01:39","modified_gmt":"2024-10-04T11:01:39","slug":"la-diputacio-de-valencia-publica-la-licitacio-del-contracte-de-conservacio-de-carreteres-per-als-proxims-4-anys","status":"publish","type":"post","link":"https:\/\/www.tucomarca.com\/wordpress\/segunda\/ca\/la-diputacio-de-valencia-publica-la-licitacio-del-contracte-de-conservacio-de-carreteres-per-als-proxims-4-anys\/","title":{"rendered":"La Diputaci\u00f3 de Val\u00e8ncia publica la licitaci\u00f3 del contracte de conservaci\u00f3 de carreteres per als pr\u00f2xims 4 anys"},"content":{"rendered":"\n<p>L&#8217;\u00e0rea de Carreteres que dirigix Reme Mazzolari incrementa un 40%, fins als 63 milions d&#8217;euros per a un per\u00edode de tres anys amb possibilitat d&#8217;un any addicional de pr\u00f2rroga, el pressupost per al manteniment dels 1.750 quil\u00f2metres que formen la xarxa provincial de carreteres<\/p>\n\n\n\n<p>Mazzolari destaca \u201cl&#8217;aposta decidida de la Diputaci\u00f3 per la conservaci\u00f3 de les carreteres provincials en el context d&#8217;una xarxa local moderna i madura en la qual es prioritza la seguretat dels despla\u00e7aments\u201d<\/p>\n\n\n\n<p>La Diputaci\u00f3 de Val\u00e8ncia ha publicat la licitaci\u00f3 del contracte de servicis per a la conservaci\u00f3 i manteniment de carreteres de titularitat provincial per als pr\u00f2xims quatre anys (per\u00edode 2025-2028). L&#8217;\u00e0rea de Carreteres que dirigix Reme Mazzolari, conscient de la import\u00e0ncia de comptar amb una xarxa vi\u00e0ria local que siga funcional i segura, incrementa el pressupost destinat a estos servicis en un 40%, fins als 63 milions d&#8217;euros per a un per\u00edode de tres anys amb possibilitat d&#8217;un any addicional de pr\u00f2rroga. Es tracta del contracte m\u00e9s important que licita la corporaci\u00f3 provincial.<\/p>\n\n\n\n<p>La tamb\u00e9 vicepresidenta segona de la Diputaci\u00f3, Reme Mazzolari, explica que \u201cl&#8217;increment pressupostari va concorde a l&#8217;aposta decidida de la instituci\u00f3 per conservar les carreteres provincials en el context d&#8217;una xarxa local moderna i madura, en la qual resulta fonamental el manteniment de les vies atenent les necessitats i expectatives de tots els usuaris, prioritzant de manera especial la seguretat en els seus despla\u00e7aments\u201d.<\/p>\n\n\n\n<p>Este contracte t\u00e9 com a objectiu fonamental garantir la prestaci\u00f3 d&#8217;un adequat servici p\u00fablic de mobilitat per les vies la titularitat de les quals correspon a la Diputaci\u00f3 de Val\u00e8ncia. Actualment, la xarxa provincial est\u00e0 integrada per un total de 200 carreteres que s&#8217;estenen al llarg de 1.750 quil\u00f2metres. \u201cLes carreteres de la Diputaci\u00f3 contribu\u00efxen a vertebrar el territori de la prov\u00edncia de Val\u00e8ncia, garantint l&#8217;accessibilitat als municipis i xicotets nuclis de poblaci\u00f3 dispersos, entorns naturals i paisatg\u00edstics, aix\u00ed com la connexi\u00f3 a la resta d&#8217;infraestructures de transport\u201d, ha ressaltat Reme Mazzolari.<\/p>\n\n\n\n<figure class=\"wp-block-image size-full\"><img loading=\"lazy\" decoding=\"async\" width=\"886\" height=\"665\" src=\"http:\/\/www.tucomarca.com\/wordpress\/segunda\/wp-content\/uploads\/2024\/10\/CarreterasDipu.jpg\" alt=\"\" class=\"wp-image-238973\" srcset=\"https:\/\/www.tucomarca.com\/wordpress\/segunda\/wp-content\/uploads\/2024\/10\/CarreterasDipu.jpg 886w, https:\/\/www.tucomarca.com\/wordpress\/segunda\/wp-content\/uploads\/2024\/10\/CarreterasDipu-300x225.jpg 300w, https:\/\/www.tucomarca.com\/wordpress\/segunda\/wp-content\/uploads\/2024\/10\/CarreterasDipu-768x576.jpg 768w, https:\/\/www.tucomarca.com\/wordpress\/segunda\/wp-content\/uploads\/2024\/10\/CarreterasDipu-678x509.jpg 678w, https:\/\/www.tucomarca.com\/wordpress\/segunda\/wp-content\/uploads\/2024\/10\/CarreterasDipu-326x245.jpg 326w, https:\/\/www.tucomarca.com\/wordpress\/segunda\/wp-content\/uploads\/2024\/10\/CarreterasDipu-80x60.jpg 80w\" sizes=\"auto, (max-width: 886px) 100vw, 886px\" \/><\/figure>\n\n\n\n<p><strong>Caracter\u00edstiques del contracte<\/strong><\/p>\n\n\n\n<p>El contracte contempla els servicis necessaris per a atendre els serveis viaris de les carreteres en qualsevol moment en el qual es produ\u00efsca un contratemps i davant qualsevol circumst\u00e0ncia esdevinguda, garantint la r\u00e0pida restauraci\u00f3 d&#8217;unes condicions segures en nom de la millor prestaci\u00f3 del servici p\u00fablic.<\/p>\n\n\n\n<p>El contracte inclou tamb\u00e9 la posada a la disposici\u00f3 dels recursos necessaris per a conservar l&#8217;extens patrimoni viari de la Diputaci\u00f3 de Val\u00e8ncia, evitant la seua deterioraci\u00f3 mitjan\u00e7ant les necess\u00e0ries actuacions de conservaci\u00f3 ordin\u00e0ria i extraordin\u00e0ria. A m\u00e9s, el contracte tamb\u00e9 permetr\u00e0 la realitzaci\u00f3 d&#8217;actuacions de millora de les carreteres per a augmentar la seua seguretat i funcionalitat.<\/p>\n\n\n\n<p>El contracte de conservaci\u00f3 que es licita est\u00e0 distribu\u00eft en sis lots, corresponents a cadascuna de les demarcacions en qu\u00e8 es dividix la xarxa provincial de carreteres: Villar del Arzobispo, B\u00e9tera\u2013Serra, Utiel\u2013Requena, Bu\u00f1ol, Alzira i l\u2019Alcudia de Crespins. El termini de duraci\u00f3 del contracte \u00e9s de tres anys, amb possibilitat de prorrogar-se per un quart any addicional.<\/p>\n","protected":false},"excerpt":{"rendered":"<div class=\"mh-excerpt\">L&#8217;\u00e0rea de Carreteres que dirigix Reme Mazzolari incrementa un 40%, fins als 63 milions d&#8217;euros per a un per\u00edode de tres anys amb possibilitat d&#8217;un any addicional de pr\u00f2rroga, el pressupost per al manteniment dels <a class=\"mh-excerpt-more\" href=\"https:\/\/www.tucomarca.com\/wordpress\/segunda\/ca\/la-diputacio-de-valencia-publica-la-licitacio-del-contracte-de-conservacio-de-carreteres-per-als-proxims-4-anys\/\" title=\"La Diputaci\u00f3 de Val\u00e8ncia publica la licitaci\u00f3 del contracte de conservaci\u00f3 de carreteres per als pr\u00f2xims 4 anys\">[+] <\/a><\/div>\n","protected":false},"author":12,"featured_media":238972,"comment_status":"open","ping_status":"open","sticky":false,"template":"","format":"standard","meta":{"footnotes":""},"categories":[11046,10898,10948,10894,10904,10947,10896],"tags":[13371,11246,19433],"class_list":{"0":"post-238976","1":"post","2":"type-post","3":"status-publish","4":"format-standard","5":"has-post-thumbnail","7":"category-los-serranos-ca","8":"category-ventana-ca","9":"category-infraestructuras-ca","10":"category-la-comarca-ca","11":"category-sin-categorizar-ca","12":"category-politica","13":"category-seccion-ca","14":"tag-carreteras-diputacion-ca","15":"tag-diputacio-de-valencia-ca","16":"tag-reme-mazzolari-ca"},"_links":{"self":[{"href":"https:\/\/www.tucomarca.com\/wordpress\/segunda\/ca\/wp-json\/wp\/v2\/posts\/238976","targetHints":{"allow":["GET"]}}],"collection":[{"href":"https:\/\/www.tucomarca.com\/wordpress\/segunda\/ca\/wp-json\/wp\/v2\/posts"}],"about":[{"href":"https:\/\/www.tucomarca.com\/wordpress\/segunda\/ca\/wp-json\/wp\/v2\/types\/post"}],"author":[{"embeddable":true,"href":"https:\/\/www.tucomarca.com\/wordpress\/segunda\/ca\/wp-json\/wp\/v2\/users\/12"}],"replies":[{"embeddable":true,"href":"https:\/\/www.tucomarca.com\/wordpress\/segunda\/ca\/wp-json\/wp\/v2\/comments?post=238976"}],"version-history":[{"count":0,"href":"https:\/\/www.tucomarca.com\/wordpress\/segunda\/ca\/wp-json\/wp\/v2\/posts\/238976\/revisions"}],"wp:featuredmedia":[{"embeddable":true,"href":"https:\/\/www.tucomarca.com\/wordpress\/segunda\/ca\/wp-json\/wp\/v2\/media\/238972"}],"wp:attachment":[{"href":"https:\/\/www.tucomarca.com\/wordpress\/segunda\/ca\/wp-json\/wp\/v2\/media?parent=238976"}],"wp:term":[{"taxonomy":"category","embeddable":true,"href":"https:\/\/www.tucomarca.com\/wordpress\/segunda\/ca\/wp-json\/wp\/v2\/categories?post=238976"},{"taxonomy":"post_tag","embeddable":true,"href":"https:\/\/www.tucomarca.com\/wordpress\/segunda\/ca\/wp-json\/wp\/v2\/tags?post=238976"}],"curies":[{"name":"wp","href":"https:\/\/api.w.org\/{rel}","templated":true}]}}