{"id":239038,"date":"2024-10-04T12:45:00","date_gmt":"2024-10-04T10:45:00","guid":{"rendered":"https:\/\/www.tucomarca.com\/wordpress\/segunda\/?p=239038"},"modified":"2024-10-04T18:04:36","modified_gmt":"2024-10-04T16:04:36","slug":"la-diputacio-de-valencia-reconeix-a-les-bandes-de-musica-de-la-provincia-que-complixen-cent-anys-en-2024","status":"publish","type":"post","link":"https:\/\/www.tucomarca.com\/wordpress\/segunda\/ca\/la-diputacio-de-valencia-reconeix-a-les-bandes-de-musica-de-la-provincia-que-complixen-cent-anys-en-2024\/","title":{"rendered":"La Diputaci\u00f3 de Val\u00e8ncia reconeix a les bandes de m\u00fasica de la prov\u00edncia que complixen cent anys en 2024"},"content":{"rendered":"\n<h3 class=\"wp-block-heading\"><strong><strong>La delegaci\u00f3 de Bandes de M\u00fasica que dirigix el diputat Ricardo Gabald\u00f3n atorgar\u00e0 este diumenge, a les 12 hores, els \u2018Reconeixements a les nostres Bandes de M\u00fasica\u2019 en el Teatre Echegaray d&#8217;Ontinyent<\/strong><\/strong>.<\/h3>\n\n\n\n<h3 class=\"wp-block-heading\"><strong><strong>Durant l&#8217;acte, en el qual actuar\u00e0 la Banda Simf\u00f2nica d\u2019Ontinyent, tamb\u00e9 es retr\u00e0 homenatge a un dels directors amb m\u00e9s premis en el Certamen de Bandes de la Diputaci\u00f3, Jos\u00e9 Onofre D\u00edez Monz\u00f3<\/strong><\/strong>.<\/h3>\n\n\n\n<p>La Diputaci\u00f3 de Val\u00e8ncia celebra este diumenge l&#8217;acte de reconeixement al m\u00f3n de les Bandes de M\u00fasica de la prov\u00edncia. La delegaci\u00f3 de Bandes, que dirigix el diputat Ricardo Gabald\u00f3n, atorga el dia 6 d&#8217;octubre, a les 12 hores en el Teatre Echegaray d&#8217;Ontinyent, els \u2018Reconeixements a les nostres Bandes de M\u00fasica\u2019.<\/p>\n\n\n\n<p>Enguany la Diputaci\u00f3 reconeix a les bandes de m\u00fasica de la prov\u00edncia que celebren el seu centenari en 2024, com \u00e9s el cas de l\u2019Ateneu Musical La Lira de Corbera i l\u2019Associaci\u00f3 Uni\u00f3 Musical de Bocairent, les dos fundades en 1924. Tamb\u00e9 es retr\u00e0 homenatge a altres bandes centen\u00e0ries, com s\u00f3n la Uni\u00f3 Musical de R\u00e0fol de Salem, que complix 150 anys i la Societat Musical Santa Cecilia de Requena, que arriba al seu 175 aniversari.<\/p>\n\n\n\n<p>Durant l&#8217;acte tamb\u00e9 s&#8217;entregar\u00e0 un guard\u00f3 a un dels directors amb m\u00e9s premis en el Certamen de Bandes de M\u00fasica de la Diputaci\u00f3 de Val\u00e8ncia, Jos\u00e9 Onofre D\u00edez Monz\u00f3. El m\u00fasic, natural de Quart de Poblet, va obtindre el primer premi en la Secci\u00f3 Primera amb la Societat Instructiva Uni\u00f3 Musical de Montserrat en 1989; el primer premi i menci\u00f3 d&#8217;honor en la Secci\u00f3 Especial amb la Banda Simf\u00f2nica de la Lira i Casino Carcaixent\u00ed Societat Musical i Recreativa en 2015; i el primer premi i menci\u00f3 d&#8217;honor en la Secci\u00f3 Primera amb l\u2019Agrupaci\u00f3 Musical L\u2019Amistat de Quart de Poblet en l&#8217;\u00faltima edici\u00f3 del Certamen.<\/p>\n\n\n\n<p><strong>Concert de la Banda Simf\u00f2nica d\u2019Ontinyent<\/strong><\/p>\n\n\n\n<p>La gala dels \u2018Reconeixements a les nostres Bandes de M\u00fasica\u2019 es completa amb el concert \u2018Tot per la M\u00fasica\u2019, que oferir\u00e0 la Banda Simf\u00f2nica d\u2019Ontinyent, guanyadora del primer premi i menci\u00f3 d&#8217;honor de la Secci\u00f3 Tercera del 47\u00e9 Certamen de Bandes de M\u00fasica de la Diputaci\u00f3 de Val\u00e8ncia, celebrat el mes d&#8217;abril passat en el Palau de la M\u00fasica de Val\u00e8ncia.<\/p>\n\n\n\n<p>Interpretaran el pasdoble \u2018Santjoaneries\u2019, de Ferrer Campos Vald\u00e9s, seguit de \u2018Rapsodia in blue\u2019, de George Gershwin, i \u2018Tribal Elements\u2019, de Jos\u00e9 Miguel Fayos-Jord\u00e1n. Per a acabar, interpretaran la pe\u00e7a amb la qual van participar en el Certamen, \u2018Sea road\u2019, de Carlos Pellicer Andr\u00e9s. Tot aix\u00f2 amb la batuta de Jordi Soler i Carb\u00f3.<\/p>\n\n\n\n<figure class=\"wp-block-image size-large\"><img loading=\"lazy\" decoding=\"async\" width=\"1024\" height=\"683\" src=\"https:\/\/www.tucomarca.com\/wordpress\/segunda\/wp-content\/uploads\/2024\/10\/Ontinyent_ClaraMunoz-1024x683.jpg\" alt=\"\" class=\"wp-image-239034\" srcset=\"https:\/\/www.tucomarca.com\/wordpress\/segunda\/wp-content\/uploads\/2024\/10\/Ontinyent_ClaraMunoz-1024x683.jpg 1024w, https:\/\/www.tucomarca.com\/wordpress\/segunda\/wp-content\/uploads\/2024\/10\/Ontinyent_ClaraMunoz-300x200.jpg 300w, https:\/\/www.tucomarca.com\/wordpress\/segunda\/wp-content\/uploads\/2024\/10\/Ontinyent_ClaraMunoz-768x512.jpg 768w, https:\/\/www.tucomarca.com\/wordpress\/segunda\/wp-content\/uploads\/2024\/10\/Ontinyent_ClaraMunoz-1536x1024.jpg 1536w, https:\/\/www.tucomarca.com\/wordpress\/segunda\/wp-content\/uploads\/2024\/10\/Ontinyent_ClaraMunoz-2048x1365.jpg 2048w\" sizes=\"auto, (max-width: 1024px) 100vw, 1024px\" \/><\/figure>\n","protected":false},"excerpt":{"rendered":"<div class=\"mh-excerpt\">La delegaci\u00f3 de Bandes de M\u00fasica que dirigix el diputat Ricardo Gabald\u00f3n atorgar\u00e0 este diumenge, a les 12 hores, els \u2018Reconeixements a les nostres Bandes de M\u00fasica\u2019 en el Teatre Echegaray d&#8217;Ontinyent. Durant l&#8217;acte, en <a class=\"mh-excerpt-more\" href=\"https:\/\/www.tucomarca.com\/wordpress\/segunda\/ca\/la-diputacio-de-valencia-reconeix-a-les-bandes-de-musica-de-la-provincia-que-complixen-cent-anys-en-2024\/\" title=\"La Diputaci\u00f3 de Val\u00e8ncia reconeix a les bandes de m\u00fasica de la prov\u00edncia que complixen cent anys en 2024\">[+] <\/a><\/div>\n","protected":false},"author":13,"featured_media":239032,"comment_status":"open","ping_status":"open","sticky":false,"template":"","format":"standard","meta":{"footnotes":""},"categories":[11005,10898,10894,10904,11007,10909,10896],"tags":[11066,11199,21009,15856],"class_list":{"0":"post-239038","1":"post","2":"type-post","3":"status-publish","4":"format-standard","5":"has-post-thumbnail","7":"category-canal-musica","8":"category-ventana-ca","9":"category-la-comarca-ca","10":"category-sin-categorizar-ca","11":"category-ocio-y-cultura-ca","12":"category-requena-utiel-ca","13":"category-seccion-ca","14":"tag-musica-ca","15":"tag-la-comunitat-ca","16":"tag-la-diputacio-de-valencia-ca","17":"tag-ocio-y-cultura-ca"},"_links":{"self":[{"href":"https:\/\/www.tucomarca.com\/wordpress\/segunda\/ca\/wp-json\/wp\/v2\/posts\/239038","targetHints":{"allow":["GET"]}}],"collection":[{"href":"https:\/\/www.tucomarca.com\/wordpress\/segunda\/ca\/wp-json\/wp\/v2\/posts"}],"about":[{"href":"https:\/\/www.tucomarca.com\/wordpress\/segunda\/ca\/wp-json\/wp\/v2\/types\/post"}],"author":[{"embeddable":true,"href":"https:\/\/www.tucomarca.com\/wordpress\/segunda\/ca\/wp-json\/wp\/v2\/users\/13"}],"replies":[{"embeddable":true,"href":"https:\/\/www.tucomarca.com\/wordpress\/segunda\/ca\/wp-json\/wp\/v2\/comments?post=239038"}],"version-history":[{"count":0,"href":"https:\/\/www.tucomarca.com\/wordpress\/segunda\/ca\/wp-json\/wp\/v2\/posts\/239038\/revisions"}],"wp:featuredmedia":[{"embeddable":true,"href":"https:\/\/www.tucomarca.com\/wordpress\/segunda\/ca\/wp-json\/wp\/v2\/media\/239032"}],"wp:attachment":[{"href":"https:\/\/www.tucomarca.com\/wordpress\/segunda\/ca\/wp-json\/wp\/v2\/media?parent=239038"}],"wp:term":[{"taxonomy":"category","embeddable":true,"href":"https:\/\/www.tucomarca.com\/wordpress\/segunda\/ca\/wp-json\/wp\/v2\/categories?post=239038"},{"taxonomy":"post_tag","embeddable":true,"href":"https:\/\/www.tucomarca.com\/wordpress\/segunda\/ca\/wp-json\/wp\/v2\/tags?post=239038"}],"curies":[{"name":"wp","href":"https:\/\/api.w.org\/{rel}","templated":true}]}}