{"id":239107,"date":"2024-10-06T12:00:00","date_gmt":"2024-10-06T10:00:00","guid":{"rendered":"https:\/\/www.tucomarca.com\/wordpress\/segunda\/?p=239107"},"modified":"2024-10-07T13:53:10","modified_gmt":"2024-10-07T11:53:10","slug":"riba-roja-de-turia-formalitza-7-444-contractes-laborals-durant-el-primer-semestre-de-2024","status":"publish","type":"post","link":"https:\/\/www.tucomarca.com\/wordpress\/segunda\/ca\/riba-roja-de-turia-formalitza-7-444-contractes-laborals-durant-el-primer-semestre-de-2024\/","title":{"rendered":"Riba-roja de T\u00faria formalitza 7.444 contractes laborals durant el primer semestre de 2024"},"content":{"rendered":"\n<h3 class=\"wp-block-heading\">Els contractes laborals indefinits suposen el 40\u20199% sobre el total registrat despr\u00e9s de l&#8217;entrada en vigor de la reforma laboral aprovada pel Govern en 2022.<\/h3>\n\n\n\n<p>La localitat de Riba-roja de T\u00faria va formalitzar un total de 7.444 contractes laborals al llarg del primer semestre d&#8217;aquest any 2024, segons les estad\u00edstiques publicades per Labora, l&#8217;entitat auton\u00f2mica dependent de la Generalitat Valenciana encarregada de la formaci\u00f3 i l&#8217;ocupaci\u00f3. Aquestes xifres es completen amb les 20.668 afiliacions a la Seguretat Social que s&#8217;han registrat en els primeres cinc mesos de l&#8217;any.<\/p>\n\n\n\n<p>El nivell dels contractes laborals que s&#8217;han formalitzat a Riba-roja de T\u00faria ha aconseguit el seu m\u00e0xim en aquest primer semestre de l&#8217;any en constatar-se un total de 1.410 contractes en el mes de juny passat, enfront dels 1.145 que es van registrar a principis de l&#8217;actual any, al gener amb 1.145 contractes. A m\u00e9s, els contractes de formaci\u00f3 s&#8217;han triplicat al juny en registrar-se 18 enfront dels 5 contractes de maig.<\/p>\n\n\n\n<p>Les xifres de Labora tracen una l\u00ednia ascendent en la formalitzaci\u00f3 dels contractes indefinits que aconsegueixen ja el 40\u20199% enfront del 57\u201913% de contractes temporals que van tindre lloc a Riba-roja de T\u00faria al juny. L&#8217;augment dels contractes de car\u00e0cter indefinit coincideix en el temps amb l&#8217;aprovaci\u00f3 per part del Govern de la reforma laboral que va entrar en vigor a mitjan any 2022.<\/p>\n\n\n\n<p>Les estad\u00edstiques corresponents a enguany en la contractaci\u00f3 laboral demostren un ascens progressiu al llarg de l&#8217;exercici de 2024, amb un punt d&#8217;inflexi\u00f3 a partir dels mesos de febrer i mar\u00e7 en passar dels 1.093 als 1.031 respectivament i, des d&#8217;aquest punt, fins als 1.387 contractes laborals registrats a l&#8217;abril passat. Finalment, al juny passat es va ratificar aquesta tend\u00e8ncia amb els 1.410 contractes.<\/p>\n\n\n\n<p>Les contractacions a Riba-roja de T\u00faria el mes de juny passat segueixen el mateix cam\u00ed que en la resta de la Comunitat Valenciana, amb una variaci\u00f3 positiva entre maig i juny, en formalitzar-se altres 123.508 contractes, \u00e9s a dir, un increment del 5\u201979% en sumar-se altres 6.755 contractacions en el citat per\u00edode de temps. A Riba-roja de T\u00faria, dels 1.410 contractes 948 van correspondre a homes i els restants 462 a dones.<br>El sector dels serveis ocupa el primer lloc en nombre de contractes realitzat a Riba-roja de T\u00faria al llarg dels \u00faltims mesos, amb 1.009 contractes al juny passat, seguit dels 368 contractes corresponents al sector de la ind\u00fastria, els 29 en el sector de la construcci\u00f3 i, finalment, els 4 de l&#8217;agricultura. A m\u00e9s, 1.047 contractes es van realitzar a jornada completa i els restants 363 van ser a temps parcial.<\/p>\n\n\n\n<p>Paral\u00b7lelament, el nivell d&#8217;atur a Riba-roja de T\u00faria s&#8217;ha redu\u00eft en altres 107 persones entre gener i juny passat, en passar dels 1.360 als 1.253 aturats, respectivament, en tots dos per\u00edodes de temps. El sector dels serveis \u00e9s el que major demanda concentra amb 941 aturats, seguits dels 150 de la ind\u00fastria, els 93 de la construcci\u00f3 i els 24 de l&#8217;agricultura.<\/p>\n\n\n\n<p>L&#8217;alcalde de Riba-roja de T\u00faria, Robert Raga, ha afirmat que les xifres conegudes sobre el m\u00f3n laboral en la localitat \u201ctracen una l\u00ednia positiva que s&#8217;ha seguit al llarg del present any, amb una disminuci\u00f3 del nivell d&#8217;aturats i un increment de les afiliacions a la Seguretat Social fins a aconseguir nivells r\u00e8cord que mai s&#8217;han succe\u00eft en la nostra localitat, per aix\u00f2, hem de continuar en l&#8217;acarona l\u00ednia d&#8217;esfor\u00e7 i treball per a reduir l&#8217;atur entre els nostres ve\u00efns i ve\u00efnes\u201d.<\/p>\n","protected":false},"excerpt":{"rendered":"<div class=\"mh-excerpt\">Els contractes laborals indefinits suposen el 40\u20199% sobre el total registrat despr\u00e9s de l&#8217;entrada en vigor de la reforma laboral aprovada pel Govern en 2022. La localitat de Riba-roja de T\u00faria va formalitzar un total <a class=\"mh-excerpt-more\" href=\"https:\/\/www.tucomarca.com\/wordpress\/segunda\/ca\/riba-roja-de-turia-formalitza-7-444-contractes-laborals-durant-el-primer-semestre-de-2024\/\" title=\"Riba-roja de T\u00faria formalitza 7.444 contractes laborals durant el primer semestre de 2024\">[+] <\/a><\/div>\n","protected":false},"author":12,"featured_media":239106,"comment_status":"open","ping_status":"open","sticky":false,"template":"","format":"standard","meta":{"footnotes":""},"categories":[10892,10948,10894,10947,10906,10896],"tags":[10899,15088,15024],"class_list":{"0":"post-239107","1":"post","2":"type-post","3":"status-publish","4":"format-standard","5":"has-post-thumbnail","7":"category-camp-de-turia-ca","8":"category-infraestructuras-ca","9":"category-la-comarca-ca","10":"category-politica","11":"category-riba-roja-ca","12":"category-seccion-ca","13":"tag-camp-de-turia-ca","14":"tag-contratos-laborales-ca","15":"tag-riba-roja-de-turia-ca"},"_links":{"self":[{"href":"https:\/\/www.tucomarca.com\/wordpress\/segunda\/ca\/wp-json\/wp\/v2\/posts\/239107","targetHints":{"allow":["GET"]}}],"collection":[{"href":"https:\/\/www.tucomarca.com\/wordpress\/segunda\/ca\/wp-json\/wp\/v2\/posts"}],"about":[{"href":"https:\/\/www.tucomarca.com\/wordpress\/segunda\/ca\/wp-json\/wp\/v2\/types\/post"}],"author":[{"embeddable":true,"href":"https:\/\/www.tucomarca.com\/wordpress\/segunda\/ca\/wp-json\/wp\/v2\/users\/12"}],"replies":[{"embeddable":true,"href":"https:\/\/www.tucomarca.com\/wordpress\/segunda\/ca\/wp-json\/wp\/v2\/comments?post=239107"}],"version-history":[{"count":0,"href":"https:\/\/www.tucomarca.com\/wordpress\/segunda\/ca\/wp-json\/wp\/v2\/posts\/239107\/revisions"}],"wp:featuredmedia":[{"embeddable":true,"href":"https:\/\/www.tucomarca.com\/wordpress\/segunda\/ca\/wp-json\/wp\/v2\/media\/239106"}],"wp:attachment":[{"href":"https:\/\/www.tucomarca.com\/wordpress\/segunda\/ca\/wp-json\/wp\/v2\/media?parent=239107"}],"wp:term":[{"taxonomy":"category","embeddable":true,"href":"https:\/\/www.tucomarca.com\/wordpress\/segunda\/ca\/wp-json\/wp\/v2\/categories?post=239107"},{"taxonomy":"post_tag","embeddable":true,"href":"https:\/\/www.tucomarca.com\/wordpress\/segunda\/ca\/wp-json\/wp\/v2\/tags?post=239107"}],"curies":[{"name":"wp","href":"https:\/\/api.w.org\/{rel}","templated":true}]}}