{"id":239274,"date":"2024-10-07T13:15:00","date_gmt":"2024-10-07T11:15:00","guid":{"rendered":"https:\/\/www.tucomarca.com\/wordpress\/segunda\/?p=239274"},"modified":"2024-10-07T21:17:03","modified_gmt":"2024-10-07T19:17:03","slug":"bunyol-celebra-el-dia-de-la-comunitat-valenciana-amb-lesdeveniment-torna-la-llum","status":"publish","type":"post","link":"https:\/\/www.tucomarca.com\/wordpress\/segunda\/ca\/bunyol-celebra-el-dia-de-la-comunitat-valenciana-amb-lesdeveniment-torna-la-llum\/","title":{"rendered":"Bunyol celebra el Dia de la Comunitat Valenciana amb l&#8217;esdeveniment \u201cTorna la llum\u201d"},"content":{"rendered":"<div class=\"wp-block-image\">\n<figure class=\"alignleft size-large is-resized\"><img loading=\"lazy\" decoding=\"async\" width=\"576\" height=\"1024\" src=\"http:\/\/www.tucomarca.com\/wordpress\/segunda\/wp-content\/uploads\/2024\/10\/BunolTornalaLlum-576x1024.jpg\" alt=\"\" class=\"wp-image-239265\" style=\"width:411px;height:auto\" srcset=\"https:\/\/www.tucomarca.com\/wordpress\/segunda\/wp-content\/uploads\/2024\/10\/BunolTornalaLlum-576x1024.jpg 576w, https:\/\/www.tucomarca.com\/wordpress\/segunda\/wp-content\/uploads\/2024\/10\/BunolTornalaLlum-169x300.jpg 169w, https:\/\/www.tucomarca.com\/wordpress\/segunda\/wp-content\/uploads\/2024\/10\/BunolTornalaLlum-768x1365.jpg 768w, https:\/\/www.tucomarca.com\/wordpress\/segunda\/wp-content\/uploads\/2024\/10\/BunolTornalaLlum-864x1536.jpg 864w, https:\/\/www.tucomarca.com\/wordpress\/segunda\/wp-content\/uploads\/2024\/10\/BunolTornalaLlum.jpg 886w\" sizes=\"auto, (max-width: 576px) 100vw, 576px\" \/><\/figure>\n<\/div>\n\n\n<p>L&#8217;Ajuntament de Bunyol celebra aquest dimarts, 8 d&#8217;octubre, el Dia de la Comunitat Valenciana amb l&#8217;esdeveniment \u201cTorna la llum\u201d, que es dur\u00e0 a terme a partir de les 18,00 hores en l&#8217;Avinguda Rafael Ridaura. <\/p>\n\n\n\n<p>La vesprada promet ser inoblidable, amb activitats pensades per a tota la fam\u00edlia.<\/p>\n\n\n\n<p>La jornada comen\u00e7ar\u00e0 amb gimcanes organitzades pel Campament La Serrana per als m\u00e9s xicotets. A les 19,00 hores se sumaran noves atraccions, com el bou mec\u00e0nic i un castell inflable, a m\u00e9s de gaudir del tradicional lloc de xurros amb xocolate i els deliciosos sopars oferits per la Martica.<\/p>\n\n\n\n<p>El fermall d&#8217;or del dia ser\u00e0 una espectacular masclet\u00e0 nocturna a les 23,00 h., que il\u00b7luminar\u00e0 tota l&#8217;avinguda, tancant una vesprada repleta de diversi\u00f3 i entreteniment per a ve\u00efns i visitants.<\/p>\n","protected":false},"excerpt":{"rendered":"<div class=\"mh-excerpt\">L&#8217;Ajuntament de Bunyol celebra aquest dimarts, 8 d&#8217;octubre, el Dia de la Comunitat Valenciana amb l&#8217;esdeveniment \u201cTorna la llum\u201d, que es dur\u00e0 a terme a partir de les 18,00 hores en l&#8217;Avinguda Rafael Ridaura. La <a class=\"mh-excerpt-more\" href=\"https:\/\/www.tucomarca.com\/wordpress\/segunda\/ca\/bunyol-celebra-el-dia-de-la-comunitat-valenciana-amb-lesdeveniment-torna-la-llum\/\" title=\"Bunyol celebra el Dia de la Comunitat Valenciana amb l&#8217;esdeveniment \u201cTorna la llum\u201d\">[+] <\/a><\/div>\n","protected":false},"author":12,"featured_media":239273,"comment_status":"open","ping_status":"open","sticky":false,"template":"","format":"standard","meta":{"footnotes":""},"categories":[11019,10911,10894,10912,10896],"tags":[11227,10913,10914,18383],"class_list":{"0":"post-239274","1":"post","2":"type-post","3":"status-publish","4":"format-standard","5":"has-post-thumbnail","7":"category-agenda-ca","8":"category-bunol-ca","9":"category-la-comarca-ca","10":"category-la-hoya-ca","11":"category-seccion-ca","12":"tag-9-doctubre-ca","13":"tag-bunol-ca","14":"tag-la-hoya-de-bunol-chiva-ca","15":"tag-torna-la-llum-ca"},"_links":{"self":[{"href":"https:\/\/www.tucomarca.com\/wordpress\/segunda\/ca\/wp-json\/wp\/v2\/posts\/239274","targetHints":{"allow":["GET"]}}],"collection":[{"href":"https:\/\/www.tucomarca.com\/wordpress\/segunda\/ca\/wp-json\/wp\/v2\/posts"}],"about":[{"href":"https:\/\/www.tucomarca.com\/wordpress\/segunda\/ca\/wp-json\/wp\/v2\/types\/post"}],"author":[{"embeddable":true,"href":"https:\/\/www.tucomarca.com\/wordpress\/segunda\/ca\/wp-json\/wp\/v2\/users\/12"}],"replies":[{"embeddable":true,"href":"https:\/\/www.tucomarca.com\/wordpress\/segunda\/ca\/wp-json\/wp\/v2\/comments?post=239274"}],"version-history":[{"count":0,"href":"https:\/\/www.tucomarca.com\/wordpress\/segunda\/ca\/wp-json\/wp\/v2\/posts\/239274\/revisions"}],"wp:featuredmedia":[{"embeddable":true,"href":"https:\/\/www.tucomarca.com\/wordpress\/segunda\/ca\/wp-json\/wp\/v2\/media\/239273"}],"wp:attachment":[{"href":"https:\/\/www.tucomarca.com\/wordpress\/segunda\/ca\/wp-json\/wp\/v2\/media?parent=239274"}],"wp:term":[{"taxonomy":"category","embeddable":true,"href":"https:\/\/www.tucomarca.com\/wordpress\/segunda\/ca\/wp-json\/wp\/v2\/categories?post=239274"},{"taxonomy":"post_tag","embeddable":true,"href":"https:\/\/www.tucomarca.com\/wordpress\/segunda\/ca\/wp-json\/wp\/v2\/tags?post=239274"}],"curies":[{"name":"wp","href":"https:\/\/api.w.org\/{rel}","templated":true}]}}