{"id":239320,"date":"2024-10-08T11:45:00","date_gmt":"2024-10-08T09:45:00","guid":{"rendered":"https:\/\/www.tucomarca.com\/wordpress\/segunda\/?p=239320"},"modified":"2024-10-08T12:17:22","modified_gmt":"2024-10-08T10:17:22","slug":"millars-inaugura-el-renovat-local-de-les-mestresses-de-casa-gracies-al-pla-dinversions-de-la-diputacio","status":"publish","type":"post","link":"https:\/\/www.tucomarca.com\/wordpress\/segunda\/ca\/millars-inaugura-el-renovat-local-de-les-mestresses-de-casa-gracies-al-pla-dinversions-de-la-diputacio\/","title":{"rendered":"Millars inaugura el renovat local de les Mestresses de Casa gr\u00e0cies al Pla d&#8217;Inversions de la Diputaci\u00f3"},"content":{"rendered":"\n<p>Aquest passat dissabte, 5 d&#8217;octubre, Millars va celebrar la inauguraci\u00f3 del local de l&#8217;Associaci\u00f3 de Mestresses de casa Tyrius, despr\u00e9s de la reforma realitzada gr\u00e0cies al Pla d&#8217;Inversions 2022-23 de la Diputaci\u00f3 Provincial de Val\u00e8ncia.<\/p>\n\n\n\n<p>L&#8217;obra va incloure la reforma de la planta baixa, incloent-hi una cuina per a realitzar esdeveniments gastron\u00f2mics, la compra d&#8217;equipament i la pintura interior i exterior de l&#8217;edifici de l&#8217;Ajuntament de Millars, amb un pressupost de 48.385,75 euros.<\/p>\n\n\n\n<p>Durant l&#8217;esdeveniment, l&#8217;alcalde de Millars, Ricardo P\u00e9rez, va agrair a tots els presents, destacant especialment la labor de la Presidenta Eugenia Garrigues i les directives de l&#8217;Associaci\u00f3 Valenciana de Mestresses de casa i Consumidors Tyrius, aix\u00ed com a Rosa Garc\u00eda, Presidenta de Tyrius Bunyol, i Carmen Gald\u00f3n, Presidenta de Tyrius Millars. La jornada va ser molt especial per a les associades, els qui van celebrar la millora de les seues instal\u00b7lacions.<\/p>\n\n\n\n<figure class=\"wp-block-gallery has-nested-images columns-1 is-cropped wp-block-gallery-1 is-layout-flex wp-block-gallery-is-layout-flex\">\n<figure class=\"wp-block-image size-large\"><img loading=\"lazy\" decoding=\"async\" width=\"886\" height=\"498\" data-id=\"239317\" src=\"https:\/\/www.tucomarca.com\/wordpress\/segunda\/wp-content\/uploads\/2024\/10\/MillaresAmasdeCasa03.jpg\" alt=\"\" class=\"wp-image-239317\" srcset=\"https:\/\/www.tucomarca.com\/wordpress\/segunda\/wp-content\/uploads\/2024\/10\/MillaresAmasdeCasa03.jpg 886w, https:\/\/www.tucomarca.com\/wordpress\/segunda\/wp-content\/uploads\/2024\/10\/MillaresAmasdeCasa03-300x169.jpg 300w, https:\/\/www.tucomarca.com\/wordpress\/segunda\/wp-content\/uploads\/2024\/10\/MillaresAmasdeCasa03-768x432.jpg 768w, https:\/\/www.tucomarca.com\/wordpress\/segunda\/wp-content\/uploads\/2024\/10\/MillaresAmasdeCasa03-678x381.jpg 678w\" sizes=\"auto, (max-width: 886px) 100vw, 886px\" \/><\/figure>\n\n\n\n<figure class=\"wp-block-image size-large\"><img loading=\"lazy\" decoding=\"async\" width=\"886\" height=\"778\" data-id=\"239315\" src=\"https:\/\/www.tucomarca.com\/wordpress\/segunda\/wp-content\/uploads\/2024\/10\/MillaresAmasdeCasa02.jpg\" alt=\"\" class=\"wp-image-239315\" srcset=\"https:\/\/www.tucomarca.com\/wordpress\/segunda\/wp-content\/uploads\/2024\/10\/MillaresAmasdeCasa02.jpg 886w, https:\/\/www.tucomarca.com\/wordpress\/segunda\/wp-content\/uploads\/2024\/10\/MillaresAmasdeCasa02-300x263.jpg 300w, https:\/\/www.tucomarca.com\/wordpress\/segunda\/wp-content\/uploads\/2024\/10\/MillaresAmasdeCasa02-768x674.jpg 768w\" sizes=\"auto, (max-width: 886px) 100vw, 886px\" \/><\/figure>\n<\/figure>\n","protected":false},"excerpt":{"rendered":"<div class=\"mh-excerpt\">Aquest passat dissabte, 5 d&#8217;octubre, Millars va celebrar la inauguraci\u00f3 del local de l&#8217;Associaci\u00f3 de Mestresses de casa Tyrius, despr\u00e9s de la reforma realitzada gr\u00e0cies al Pla d&#8217;Inversions 2022-23 de la Diputaci\u00f3 Provincial de Val\u00e8ncia. <a class=\"mh-excerpt-more\" href=\"https:\/\/www.tucomarca.com\/wordpress\/segunda\/ca\/millars-inaugura-el-renovat-local-de-les-mestresses-de-casa-gracies-al-pla-dinversions-de-la-diputacio\/\" title=\"Millars inaugura el renovat local de les Mestresses de Casa gr\u00e0cies al Pla d&#8217;Inversions de la Diputaci\u00f3\">[+] <\/a><\/div>\n","protected":false},"author":12,"featured_media":239314,"comment_status":"open","ping_status":"open","sticky":false,"template":"","format":"gallery","meta":{"footnotes":""},"categories":[10948,10963,10894,10970,11007,10947,10896],"tags":[11094,11186],"class_list":{"0":"post-239320","1":"post","2":"type-post","3":"status-publish","4":"format-gallery","5":"has-post-thumbnail","7":"category-infraestructuras-ca","8":"category-la-canal-de-navarres-ca","9":"category-la-comarca-ca","10":"category-millares-ca","11":"category-ocio-y-cultura-ca","12":"category-politica","13":"category-seccion-ca","14":"tag-la-canal-de-navarres","15":"tag-millares-ca","16":"post_format-post-format-gallery"},"_links":{"self":[{"href":"https:\/\/www.tucomarca.com\/wordpress\/segunda\/ca\/wp-json\/wp\/v2\/posts\/239320","targetHints":{"allow":["GET"]}}],"collection":[{"href":"https:\/\/www.tucomarca.com\/wordpress\/segunda\/ca\/wp-json\/wp\/v2\/posts"}],"about":[{"href":"https:\/\/www.tucomarca.com\/wordpress\/segunda\/ca\/wp-json\/wp\/v2\/types\/post"}],"author":[{"embeddable":true,"href":"https:\/\/www.tucomarca.com\/wordpress\/segunda\/ca\/wp-json\/wp\/v2\/users\/12"}],"replies":[{"embeddable":true,"href":"https:\/\/www.tucomarca.com\/wordpress\/segunda\/ca\/wp-json\/wp\/v2\/comments?post=239320"}],"version-history":[{"count":0,"href":"https:\/\/www.tucomarca.com\/wordpress\/segunda\/ca\/wp-json\/wp\/v2\/posts\/239320\/revisions"}],"wp:featuredmedia":[{"embeddable":true,"href":"https:\/\/www.tucomarca.com\/wordpress\/segunda\/ca\/wp-json\/wp\/v2\/media\/239314"}],"wp:attachment":[{"href":"https:\/\/www.tucomarca.com\/wordpress\/segunda\/ca\/wp-json\/wp\/v2\/media?parent=239320"}],"wp:term":[{"taxonomy":"category","embeddable":true,"href":"https:\/\/www.tucomarca.com\/wordpress\/segunda\/ca\/wp-json\/wp\/v2\/categories?post=239320"},{"taxonomy":"post_tag","embeddable":true,"href":"https:\/\/www.tucomarca.com\/wordpress\/segunda\/ca\/wp-json\/wp\/v2\/tags?post=239320"}],"curies":[{"name":"wp","href":"https:\/\/api.w.org\/{rel}","templated":true}]}}